{"id":29165,"date":"2023-06-18T15:33:40","date_gmt":"2023-06-18T13:33:40","guid":{"rendered":"http:\/\/sp1.kielce.eu\/?p=29165"},"modified":"2023-06-18T15:33:40","modified_gmt":"2023-06-18T13:33:40","slug":"misje-z-pasja","status":"publish","type":"post","link":"https:\/\/sp1.kielce.eu\/index.php\/2023\/06\/18\/misje-z-pasja\/","title":{"rendered":"\u201eMisje z Pasj\u0105\u201d"},"content":{"rendered":"\n<p><strong>\u00a0\u00a0CERTYFIKAT dla naszej szko\u0142y<\/strong><\/p>\n\n\n\n<p>Celem Og\u00f3lnopolskiego projektu \u2013 \u201eMisje z Pasj\u0105\u201d jest wychowanie do uniwersalnych warto\u015bci chrze\u015bcija\u0144skich, kszta\u0142towanie postaw ukierunkowanych naprawd\u0119, dobro i pi\u0119kno, kszta\u0142towanie postawy tolerancji i szacunku dla innych kultur i narod\u00f3w a tak\u017ce pog\u0142\u0119bienie wiedzy o \u017cyciu na plac\u00f3wkach misyjnych, rozwijanie w uczniach wra\u017cliwo\u015bci na potrzeby dzieci w najubo\u017cszych krajach \u015bwiata, motywowanie spo\u0142eczno\u015bci szko\u0142y do podejmowania r\u00f3\u017cnorodnych inicjatyw, rozwijanie kreatywno\u015bci, tw\u00f3rczo\u015bci i wra\u017cliwo\u015bci artystycznej uczni\u00f3w.<\/p>\n\n\n\n<p>W realizacj\u0119 Projektu w\u0142\u0105czyli si\u0119 wychowawcy klas pierwszych, drugich i trzecich wraz ze swoimi zespo\u0142ami klasowymi. Koordynatork\u0105 Projektu by\u0142a s. Faustyna Czajkowska.<\/p>\n\n\n\n<p>&nbsp;&nbsp;&nbsp;&nbsp;&nbsp;&nbsp;&nbsp;&nbsp;&nbsp;&nbsp;&nbsp; Przyj\u0119te cele realizowali\u015bmy podejmuj\u0105c szereg inicjatyw i akcji misyjnych takich jak:<\/p>\n\n\n\n<ul class=\"wp-block-list\">\n<li>zbi\u00f3rka charytatywna \u201eOkulary dla Afryki\u201d<\/li>\n\n\n\n<li>\u201eDzieci Komunijne Dzieciom Misji\u201d<\/li>\n\n\n\n<li>wystawa prac plastycznych o Afryce<\/li>\n<\/ul>\n\n\n\n<p>Realizacja Projektu by\u0142a mo\u017cliwa dzi\u0119ki ogromnej \u017cyczliwo\u015bci Dyrekcji Szko\u0142y Podstawowej nr 1 oraz dzi\u0119ki wsparciu Rodzic\u00f3w najm\u0142odszych uczni\u00f3w z klas I- III. Wszystkim, kt\u00f3rzy przyczynili si\u0119 do wsp\u00f3lnego dobra i osi\u0105gni\u0119cia sukcesu w postaci CERTYFIKATU dla szko\u0142y sk\u0142adamy serdeczne podzi\u0119kowania! B\u00f3g zap\u0142a\u0107!<\/p>\n\n\n\n<p class=\"has-text-align-right\"><em>s. Faustyna Czajkowska oraz Wychowawcy klas I-III<\/em><\/p>\n\n\n\n<figure class=\"wp-block-gallery has-nested-images columns-default is-cropped wp-block-gallery-1 is-layout-flex wp-block-gallery-is-layout-flex\"><\/figure>\n","protected":false},"excerpt":{"rendered":"<p>\u00a0\u00a0CERTYFIKAT dla naszej szko\u0142y Celem Og\u00f3lnopolskiego projektu \u2013 \u201eMisje z Pasj\u0105\u201d jest wychowanie do uniwersalnych [&hellip;]<\/p>\n","protected":false},"author":13,"featured_media":29166,"comment_status":"closed","ping_status":"","sticky":false,"template":"","format":"standard","meta":{"footnotes":""},"categories":[36],"tags":[],"class_list":["post-29165","post","type-post","status-publish","format-standard","has-post-thumbnail","hentry","category-wydarzenia"],"_links":{"self":[{"href":"https:\/\/sp1.kielce.eu\/index.php\/wp-json\/wp\/v2\/posts\/29165","targetHints":{"allow":["GET"]}}],"collection":[{"href":"https:\/\/sp1.kielce.eu\/index.php\/wp-json\/wp\/v2\/posts"}],"about":[{"href":"https:\/\/sp1.kielce.eu\/index.php\/wp-json\/wp\/v2\/types\/post"}],"author":[{"embeddable":true,"href":"https:\/\/sp1.kielce.eu\/index.php\/wp-json\/wp\/v2\/users\/13"}],"replies":[{"embeddable":true,"href":"https:\/\/sp1.kielce.eu\/index.php\/wp-json\/wp\/v2\/comments?post=29165"}],"version-history":[{"count":3,"href":"https:\/\/sp1.kielce.eu\/index.php\/wp-json\/wp\/v2\/posts\/29165\/revisions"}],"predecessor-version":[{"id":29169,"href":"https:\/\/sp1.kielce.eu\/index.php\/wp-json\/wp\/v2\/posts\/29165\/revisions\/29169"}],"wp:featuredmedia":[{"embeddable":true,"href":"https:\/\/sp1.kielce.eu\/index.php\/wp-json\/wp\/v2\/media\/29166"}],"wp:attachment":[{"href":"https:\/\/sp1.kielce.eu\/index.php\/wp-json\/wp\/v2\/media?parent=29165"}],"wp:term":[{"taxonomy":"category","embeddable":true,"href":"https:\/\/sp1.kielce.eu\/index.php\/wp-json\/wp\/v2\/categories?post=29165"},{"taxonomy":"post_tag","embeddable":true,"href":"https:\/\/sp1.kielce.eu\/index.php\/wp-json\/wp\/v2\/tags?post=29165"}],"curies":[{"name":"wp","href":"https:\/\/api.w.org\/{rel}","templated":true}]}}