{"id":29108,"date":"2023-06-16T10:18:00","date_gmt":"2023-06-16T08:18:00","guid":{"rendered":"http:\/\/sp1.kielce.eu\/?p=29108"},"modified":"2023-06-27T17:50:53","modified_gmt":"2023-06-27T15:50:53","slug":"laureaci-konkursu-edukacyjno-informacyjny-nasza-droga-do-czystego-srodowiska","status":"publish","type":"post","link":"https:\/\/sp1.kielce.eu\/index.php\/2023\/06\/16\/laureaci-konkursu-edukacyjno-informacyjny-nasza-droga-do-czystego-srodowiska\/","title":{"rendered":"Laureaci Konkursu edukacyjno &#8211; informacyjny \u201eNasza Droga Do Czystego \u015arodowiska\u201d."},"content":{"rendered":"\n<p>Dnia 12 czerwca 2023 roku odby\u0142o si\u0119 uroczyste podsumowanie konkursu edukacyjno &#8211; informacyjnego zorganizowanego przez Urz\u0105d Miasta Kielce pod has\u0142em: &#8222;NASZA DROGA DO CZYSTEGO \u015aRODOWISKA&#8221;.<br>G\u0142\u00f3wnym celem konkursu by\u0142o zainteresowanie uczni\u00f3w i dzieci z palc\u00f3wek o\u015bwiatowych tematyk\u0105 zr\u00f3wnowa\u017conego rozwoju, oszcz\u0119dzania energii, ochrony klimatu i prawid\u0142owej gospodarki odpadami poprzez zach\u0119cenie ich do wyra\u017cenia swojej wizji w danej dziedzinie w r\u00f3\u017cnych formach prac konkursowych. W\u015br\u00f3d nagrodzony znalaz\u0142y si\u0119 r\u00f3wnie\u017c dzieci z naszej szko\u0142y:<\/p>\n\n\n\n<p>Amielia Stycze\u0144 oraz Filip Wojniak z klasy 6a zaj\u0119li I miejsce (kategoria wiekowa klasy 4-6)<br>Julia Graba kl. 6a &#8211; zaj\u0119\u0142a III miejsce (kategoria wiekowa klasy 4-6) Opiekunem uczni\u00f3w w\/w konkursu by\u0142a pani Krystyna Banasik<\/p>\n\n\n\n<p>Ponadto wszyscy uczniowie wraz z opiekunami bior\u0105cymi udzia\u0142 otrzymali nagrody w postaci bidon\u00f3w z r\u0105k zast\u0119pczyni prezydenta Kielc Agaty Wojdy i Anety Boro\u0144, dyrektora Wydzia\u0142u Gospodarki Komunalnej i \u015arodowiska Urz\u0119du Miasta Kielce.<\/p>\n\n\n\n<p>Wszystkim serdecznie gratulujemy!<\/p>\n\n\n\n<p>Krystyna Banasik<br>Ewa Nowak<br>Iwona Ko\u015bcielecka<br>Agnieszka M\u0142ynarczyk<br>Patrycja Zar\u0119ba &#8211; Michalska<\/p>\n\n\n\n<p>media o nas:<br>https:\/\/www.kielce.eu\/pl\/aktualnosci\/final-konkursu-nasza-droga-do-czystego-srodowiska.html<\/p>\n\n\n\n<figure class=\"wp-block-gallery has-nested-images columns-default is-cropped wp-block-gallery-1 is-layout-flex wp-block-gallery-is-layout-flex\">\n<figure class=\"wp-block-image size-large\"><a href=\"http:\/\/sp1.kielce.eu\/wp-content\/uploads\/2023\/06\/1-Medium.png\"><img loading=\"lazy\" decoding=\"async\" width=\"636\" height=\"900\" data-id=\"29110\" src=\"http:\/\/sp1.kielce.eu\/wp-content\/uploads\/2023\/06\/1-Medium-636x900.png\" alt=\"\" class=\"wp-image-29110\" srcset=\"https:\/\/sp1.kielce.eu\/wp-content\/uploads\/2023\/06\/1-Medium-636x900.png 636w, https:\/\/sp1.kielce.eu\/wp-content\/uploads\/2023\/06\/1-Medium-212x300.png 212w, https:\/\/sp1.kielce.eu\/wp-content\/uploads\/2023\/06\/1-Medium.png 768w\" sizes=\"auto, (max-width: 636px) 100vw, 636px\" \/><\/a><\/figure>\n\n\n\n<figure class=\"wp-block-image size-large\"><a href=\"http:\/\/sp1.kielce.eu\/wp-content\/uploads\/2023\/06\/IMG_2455-Medium.jpg\"><img loading=\"lazy\" decoding=\"async\" width=\"1024\" height=\"768\" data-id=\"29115\" src=\"http:\/\/sp1.kielce.eu\/wp-content\/uploads\/2023\/06\/IMG_2455-Medium.jpg\" alt=\"\" class=\"wp-image-29115\" srcset=\"https:\/\/sp1.kielce.eu\/wp-content\/uploads\/2023\/06\/IMG_2455-Medium.jpg 1024w, https:\/\/sp1.kielce.eu\/wp-content\/uploads\/2023\/06\/IMG_2455-Medium-300x225.jpg 300w, https:\/\/sp1.kielce.eu\/wp-content\/uploads\/2023\/06\/IMG_2455-Medium-768x576.jpg 768w, https:\/\/sp1.kielce.eu\/wp-content\/uploads\/2023\/06\/IMG_2455-Medium-820x615.jpg 820w\" sizes=\"auto, (max-width: 1024px) 100vw, 1024px\" \/><\/a><\/figure>\n\n\n\n<figure class=\"wp-block-image size-large\"><a href=\"http:\/\/sp1.kielce.eu\/wp-content\/uploads\/2023\/06\/IMG_2461-Medium.jpg\"><img loading=\"lazy\" decoding=\"async\" width=\"768\" height=\"768\" data-id=\"29116\" src=\"http:\/\/sp1.kielce.eu\/wp-content\/uploads\/2023\/06\/IMG_2461-Medium.jpg\" alt=\"\" class=\"wp-image-29116\" srcset=\"https:\/\/sp1.kielce.eu\/wp-content\/uploads\/2023\/06\/IMG_2461-Medium.jpg 768w, https:\/\/sp1.kielce.eu\/wp-content\/uploads\/2023\/06\/IMG_2461-Medium-300x300.jpg 300w, https:\/\/sp1.kielce.eu\/wp-content\/uploads\/2023\/06\/IMG_2461-Medium-150x150.jpg 150w\" sizes=\"auto, (max-width: 768px) 100vw, 768px\" \/><\/a><\/figure>\n\n\n\n<figure class=\"wp-block-image size-large\"><a href=\"http:\/\/sp1.kielce.eu\/wp-content\/uploads\/2023\/06\/IMG_2464-Medium.jpg\"><img loading=\"lazy\" decoding=\"async\" width=\"1024\" height=\"768\" data-id=\"29109\" src=\"http:\/\/sp1.kielce.eu\/wp-content\/uploads\/2023\/06\/IMG_2464-Medium.jpg\" alt=\"\" class=\"wp-image-29109\" srcset=\"https:\/\/sp1.kielce.eu\/wp-content\/uploads\/2023\/06\/IMG_2464-Medium.jpg 1024w, https:\/\/sp1.kielce.eu\/wp-content\/uploads\/2023\/06\/IMG_2464-Medium-300x225.jpg 300w, https:\/\/sp1.kielce.eu\/wp-content\/uploads\/2023\/06\/IMG_2464-Medium-768x576.jpg 768w, https:\/\/sp1.kielce.eu\/wp-content\/uploads\/2023\/06\/IMG_2464-Medium-820x615.jpg 820w\" sizes=\"auto, (max-width: 1024px) 100vw, 1024px\" \/><\/a><\/figure>\n\n\n\n<figure class=\"wp-block-image size-large\"><a href=\"http:\/\/sp1.kielce.eu\/wp-content\/uploads\/2023\/06\/IMG_2466-Medium.jpg\"><img loading=\"lazy\" decoding=\"async\" width=\"1024\" height=\"768\" data-id=\"29112\" src=\"http:\/\/sp1.kielce.eu\/wp-content\/uploads\/2023\/06\/IMG_2466-Medium.jpg\" alt=\"\" class=\"wp-image-29112\" srcset=\"https:\/\/sp1.kielce.eu\/wp-content\/uploads\/2023\/06\/IMG_2466-Medium.jpg 1024w, https:\/\/sp1.kielce.eu\/wp-content\/uploads\/2023\/06\/IMG_2466-Medium-300x225.jpg 300w, https:\/\/sp1.kielce.eu\/wp-content\/uploads\/2023\/06\/IMG_2466-Medium-768x576.jpg 768w, https:\/\/sp1.kielce.eu\/wp-content\/uploads\/2023\/06\/IMG_2466-Medium-820x615.jpg 820w\" sizes=\"auto, (max-width: 1024px) 100vw, 1024px\" \/><\/a><\/figure>\n\n\n\n<figure class=\"wp-block-image size-large\"><a href=\"http:\/\/sp1.kielce.eu\/wp-content\/uploads\/2023\/06\/IMG_2468-Medium.jpg\"><img loading=\"lazy\" decoding=\"async\" width=\"1024\" height=\"768\" data-id=\"29111\" src=\"http:\/\/sp1.kielce.eu\/wp-content\/uploads\/2023\/06\/IMG_2468-Medium.jpg\" alt=\"\" class=\"wp-image-29111\" srcset=\"https:\/\/sp1.kielce.eu\/wp-content\/uploads\/2023\/06\/IMG_2468-Medium.jpg 1024w, https:\/\/sp1.kielce.eu\/wp-content\/uploads\/2023\/06\/IMG_2468-Medium-300x225.jpg 300w, https:\/\/sp1.kielce.eu\/wp-content\/uploads\/2023\/06\/IMG_2468-Medium-768x576.jpg 768w, https:\/\/sp1.kielce.eu\/wp-content\/uploads\/2023\/06\/IMG_2468-Medium-820x615.jpg 820w\" sizes=\"auto, (max-width: 1024px) 100vw, 1024px\" \/><\/a><\/figure>\n\n\n\n<figure class=\"wp-block-image size-large\"><a href=\"http:\/\/sp1.kielce.eu\/wp-content\/uploads\/2023\/06\/IMG_2471-Medium.jpg\"><img loading=\"lazy\" decoding=\"async\" width=\"1024\" height=\"768\" data-id=\"29113\" src=\"http:\/\/sp1.kielce.eu\/wp-content\/uploads\/2023\/06\/IMG_2471-Medium.jpg\" alt=\"\" class=\"wp-image-29113\" srcset=\"https:\/\/sp1.kielce.eu\/wp-content\/uploads\/2023\/06\/IMG_2471-Medium.jpg 1024w, https:\/\/sp1.kielce.eu\/wp-content\/uploads\/2023\/06\/IMG_2471-Medium-300x225.jpg 300w, https:\/\/sp1.kielce.eu\/wp-content\/uploads\/2023\/06\/IMG_2471-Medium-768x576.jpg 768w, https:\/\/sp1.kielce.eu\/wp-content\/uploads\/2023\/06\/IMG_2471-Medium-820x615.jpg 820w\" sizes=\"auto, (max-width: 1024px) 100vw, 1024px\" \/><\/a><\/figure>\n\n\n\n<figure class=\"wp-block-image size-large\"><a href=\"http:\/\/sp1.kielce.eu\/wp-content\/uploads\/2023\/06\/IMG_2472-Medium.jpg\"><img loading=\"lazy\" decoding=\"async\" width=\"1024\" height=\"768\" data-id=\"29114\" src=\"http:\/\/sp1.kielce.eu\/wp-content\/uploads\/2023\/06\/IMG_2472-Medium.jpg\" alt=\"\" class=\"wp-image-29114\" srcset=\"https:\/\/sp1.kielce.eu\/wp-content\/uploads\/2023\/06\/IMG_2472-Medium.jpg 1024w, https:\/\/sp1.kielce.eu\/wp-content\/uploads\/2023\/06\/IMG_2472-Medium-300x225.jpg 300w, https:\/\/sp1.kielce.eu\/wp-content\/uploads\/2023\/06\/IMG_2472-Medium-768x576.jpg 768w, https:\/\/sp1.kielce.eu\/wp-content\/uploads\/2023\/06\/IMG_2472-Medium-820x615.jpg 820w\" sizes=\"auto, (max-width: 1024px) 100vw, 1024px\" \/><\/a><\/figure>\n<\/figure>\n","protected":false},"excerpt":{"rendered":"<p>Dnia 12 czerwca 2023 roku odby\u0142o si\u0119 uroczyste podsumowanie konkursu edukacyjno &#8211; informacyjnego zorganizowanego przez [&hellip;]<\/p>\n","protected":false},"author":5,"featured_media":29114,"comment_status":"closed","ping_status":"","sticky":false,"template":"","format":"standard","meta":{"footnotes":""},"categories":[36,10,21],"tags":[],"class_list":["post-29108","post","type-post","status-publish","format-standard","has-post-thumbnail","hentry","category-wydarzenia","category-konkursy-przedmiotowe","category-konkursy"],"_links":{"self":[{"href":"https:\/\/sp1.kielce.eu\/index.php\/wp-json\/wp\/v2\/posts\/29108","targetHints":{"allow":["GET"]}}],"collection":[{"href":"https:\/\/sp1.kielce.eu\/index.php\/wp-json\/wp\/v2\/posts"}],"about":[{"href":"https:\/\/sp1.kielce.eu\/index.php\/wp-json\/wp\/v2\/types\/post"}],"author":[{"embeddable":true,"href":"https:\/\/sp1.kielce.eu\/index.php\/wp-json\/wp\/v2\/users\/5"}],"replies":[{"embeddable":true,"href":"https:\/\/sp1.kielce.eu\/index.php\/wp-json\/wp\/v2\/comments?post=29108"}],"version-history":[{"count":3,"href":"https:\/\/sp1.kielce.eu\/index.php\/wp-json\/wp\/v2\/posts\/29108\/revisions"}],"predecessor-version":[{"id":29701,"href":"https:\/\/sp1.kielce.eu\/index.php\/wp-json\/wp\/v2\/posts\/29108\/revisions\/29701"}],"wp:featuredmedia":[{"embeddable":true,"href":"https:\/\/sp1.kielce.eu\/index.php\/wp-json\/wp\/v2\/media\/29114"}],"wp:attachment":[{"href":"https:\/\/sp1.kielce.eu\/index.php\/wp-json\/wp\/v2\/media?parent=29108"}],"wp:term":[{"taxonomy":"category","embeddable":true,"href":"https:\/\/sp1.kielce.eu\/index.php\/wp-json\/wp\/v2\/categories?post=29108"},{"taxonomy":"post_tag","embeddable":true,"href":"https:\/\/sp1.kielce.eu\/index.php\/wp-json\/wp\/v2\/tags?post=29108"}],"curies":[{"name":"wp","href":"https:\/\/api.w.org\/{rel}","templated":true}]}}