{"id":2895,"date":"2017-10-02T21:21:28","date_gmt":"2017-10-02T19:21:28","guid":{"rendered":"http:\/\/sp1.kielce.eu\/?p=2895"},"modified":"2017-10-02T21:21:28","modified_gmt":"2017-10-02T19:21:28","slug":"w-kinie-2","status":"publish","type":"post","link":"https:\/\/sp1.kielce.eu\/index.php\/2017\/10\/02\/w-kinie-2\/","title":{"rendered":"Dzie\u0144 Ch\u0142opaka w kinie"},"content":{"rendered":"<p style=\"text-align: justify\">W dniu 29 wrze\u015bnia 2017r. klasy I\u00a0 &#8211; III wraz z\u00a0wychowawcami przyby\u0142y do\u00a0kina ,,MOSKWA\u201d. Tam \u00a0uczestniczyli w\u00a0warsztatach Policji z\u00a0Wydzia\u0142u Prewencji pt.\u00a0,,Bezpiecznie do szko\u0142y \u2013 bezpiecznie z\u00a0kontaktach z obcymi\u201d. Po powt\u00f3rzeniu i\u00a0utrwaleniu zasad bezpiecznego uczestnictwa w\u00a0ruchu drogowym, a\u00a0tak\u017ce prawid\u0142owych zachowa\u0144 w\u00a0innych sytuacjach, jak np. na placu zabaw, czy podczas nieobecno\u015bci doros\u0142ych, a\u00a0tak\u017ce w\u00a0kontakcie z\u00a0obc\u0105, nieznajom\u0105 \u00a0osob\u0105 \u2013 odby\u0142\u00a0si\u0119 sprawdzian wiedzy.<br \/>\nNast\u0119pnie z\u00a0okazji Dnia Ch\u0142opaka obejrza\u0142y film animowany pt.\u00a0,,Gang wiewi\u00f3ra 2\u201d, kt\u00f3ry dostarczy\u0142 du\u017c\u0105 dawk\u0119 humoru. Tak sp\u0119dzony dzie\u0144 by\u0142 przyjemny i\u00a0po\u017cyteczny.<\/p>\n<p style=\"text-align: right\">Ma\u0142gorzata Kasza<\/p>\n<div id='gallery-1' class='gallery galleryid-2895 gallery-columns-3 gallery-size-thumbnail'><figure class='gallery-item'>\n\t\t\t<div class='gallery-icon landscape'>\n\t\t\t\t<a href='https:\/\/sp1.kielce.eu\/wp-content\/uploads\/2017\/10\/Policja-przypomina-2.jpg'><img loading=\"lazy\" decoding=\"async\" width=\"150\" height=\"150\" src=\"https:\/\/sp1.kielce.eu\/wp-content\/uploads\/2017\/10\/Policja-przypomina-2-150x150.jpg\" class=\"attachment-thumbnail size-thumbnail\" alt=\"Policja przypomina (2)\" aria-describedby=\"gallery-1-2898\" \/><\/a>\n\t\t\t<\/div>\n\t\t\t\t<figcaption class='wp-caption-text gallery-caption' id='gallery-1-2898'>\n\t\t\t\tW kinie\n\t\t\t\t<\/figcaption><\/figure><figure class='gallery-item'>\n\t\t\t<div class='gallery-icon landscape'>\n\t\t\t\t<a href='https:\/\/sp1.kielce.eu\/wp-content\/uploads\/2017\/10\/Jak-si\u0119-zachowa\u0107.jpg'><img loading=\"lazy\" decoding=\"async\" width=\"150\" height=\"150\" src=\"https:\/\/sp1.kielce.eu\/wp-content\/uploads\/2017\/10\/Jak-si\u0119-zachowa\u0107-150x150.jpg\" class=\"attachment-thumbnail size-thumbnail\" alt=\"Jak si\u0119 zachowa\u0107\" aria-describedby=\"gallery-1-2896\" \/><\/a>\n\t\t\t<\/div>\n\t\t\t\t<figcaption class='wp-caption-text gallery-caption' id='gallery-1-2896'>\n\t\t\t\tW kinie\n\t\t\t\t<\/figcaption><\/figure><figure class='gallery-item'>\n\t\t\t<div class='gallery-icon portrait'>\n\t\t\t\t<a href='https:\/\/sp1.kielce.eu\/wp-content\/uploads\/2017\/10\/Policja-przypomina.jpg'><img loading=\"lazy\" decoding=\"async\" width=\"150\" height=\"150\" src=\"https:\/\/sp1.kielce.eu\/wp-content\/uploads\/2017\/10\/Policja-przypomina-150x150.jpg\" class=\"attachment-thumbnail size-thumbnail\" alt=\"Policja przypomina\" aria-describedby=\"gallery-1-2899\" \/><\/a>\n\t\t\t<\/div>\n\t\t\t\t<figcaption class='wp-caption-text gallery-caption' id='gallery-1-2899'>\n\t\t\t\tW kinie\n\t\t\t\t<\/figcaption><\/figure><figure class='gallery-item'>\n\t\t\t<div class='gallery-icon landscape'>\n\t\t\t\t<a href='https:\/\/sp1.kielce.eu\/wp-content\/uploads\/2017\/10\/Znamy-zasady-bezpiecze\u0144stwa.jpg'><img loading=\"lazy\" decoding=\"async\" width=\"150\" height=\"150\" src=\"https:\/\/sp1.kielce.eu\/wp-content\/uploads\/2017\/10\/Znamy-zasady-bezpiecze\u0144stwa-150x150.jpg\" class=\"attachment-thumbnail size-thumbnail\" alt=\"Znamy zasady bezpiecze\u0144stwa\" aria-describedby=\"gallery-1-2900\" \/><\/a>\n\t\t\t<\/div>\n\t\t\t\t<figcaption class='wp-caption-text gallery-caption' id='gallery-1-2900'>\n\t\t\t\tW kinie\n\t\t\t\t<\/figcaption><\/figure><figure class='gallery-item'>\n\t\t\t<div class='gallery-icon portrait'>\n\t\t\t\t<a href='https:\/\/sp1.kielce.eu\/wp-content\/uploads\/2017\/10\/Ogl\u0105damy-film.jpg'><img loading=\"lazy\" decoding=\"async\" width=\"150\" height=\"150\" src=\"https:\/\/sp1.kielce.eu\/wp-content\/uploads\/2017\/10\/Ogl\u0105damy-film-150x150.jpg\" class=\"attachment-thumbnail size-thumbnail\" alt=\"Ogl\u0105damy film\" aria-describedby=\"gallery-1-2897\" \/><\/a>\n\t\t\t<\/div>\n\t\t\t\t<figcaption class='wp-caption-text gallery-caption' id='gallery-1-2897'>\n\t\t\t\tW kinie\n\t\t\t\t<\/figcaption><\/figure>\n\t\t<\/div>\n\n","protected":false},"excerpt":{"rendered":"<p>W dniu 29 wrze\u015bnia 2017r. klasy I\u00a0 &#8211; III wraz z\u00a0wychowawcami przyby\u0142y do\u00a0kina ,,MOSKWA\u201d. Tam [&hellip;]<\/p>\n","protected":false},"author":13,"featured_media":2897,"comment_status":"closed","ping_status":"open","sticky":false,"template":"","format":"standard","meta":{"footnotes":""},"categories":[3],"tags":[107,108],"class_list":["post-2895","post","type-post","status-publish","format-standard","has-post-thumbnail","hentry","category-wycieczki","tag-kino","tag-wyjscia-szkolne"],"_links":{"self":[{"href":"https:\/\/sp1.kielce.eu\/index.php\/wp-json\/wp\/v2\/posts\/2895","targetHints":{"allow":["GET"]}}],"collection":[{"href":"https:\/\/sp1.kielce.eu\/index.php\/wp-json\/wp\/v2\/posts"}],"about":[{"href":"https:\/\/sp1.kielce.eu\/index.php\/wp-json\/wp\/v2\/types\/post"}],"author":[{"embeddable":true,"href":"https:\/\/sp1.kielce.eu\/index.php\/wp-json\/wp\/v2\/users\/13"}],"replies":[{"embeddable":true,"href":"https:\/\/sp1.kielce.eu\/index.php\/wp-json\/wp\/v2\/comments?post=2895"}],"version-history":[{"count":1,"href":"https:\/\/sp1.kielce.eu\/index.php\/wp-json\/wp\/v2\/posts\/2895\/revisions"}],"predecessor-version":[{"id":2901,"href":"https:\/\/sp1.kielce.eu\/index.php\/wp-json\/wp\/v2\/posts\/2895\/revisions\/2901"}],"wp:featuredmedia":[{"embeddable":true,"href":"https:\/\/sp1.kielce.eu\/index.php\/wp-json\/wp\/v2\/media\/2897"}],"wp:attachment":[{"href":"https:\/\/sp1.kielce.eu\/index.php\/wp-json\/wp\/v2\/media?parent=2895"}],"wp:term":[{"taxonomy":"category","embeddable":true,"href":"https:\/\/sp1.kielce.eu\/index.php\/wp-json\/wp\/v2\/categories?post=2895"},{"taxonomy":"post_tag","embeddable":true,"href":"https:\/\/sp1.kielce.eu\/index.php\/wp-json\/wp\/v2\/tags?post=2895"}],"curies":[{"name":"wp","href":"https:\/\/api.w.org\/{rel}","templated":true}]}}