{"id":28879,"date":"2023-06-09T11:19:29","date_gmt":"2023-06-09T09:19:29","guid":{"rendered":"http:\/\/sp1.kielce.eu\/?p=28879"},"modified":"2023-06-26T16:38:10","modified_gmt":"2023-06-26T14:38:10","slug":"letnie-zajecia-sportowo-rekreacyjne-w-naszej-szkole","status":"publish","type":"post","link":"https:\/\/sp1.kielce.eu\/index.php\/2023\/06\/09\/letnie-zajecia-sportowo-rekreacyjne-w-naszej-szkole\/","title":{"rendered":"LETNIE ZAJ\u0118CIA SPORTOWO-REKREACYJNE W NASZEJ SZKOLE"},"content":{"rendered":"\n<p>Dyrekcja szko\u0142y informuje, \u017ce rozpoczynamy zapisy na Letnie Zaj\u0119cia Sportowo-Rekreacyjne z MSOS 2023 w naszej szkole. Zaj\u0119cia s\u0105 darmowe. O zakwalifikowaniu, decyduje kolejno\u015b\u0107 zg\u0142osze\u0144. Zapisy odbywaj\u0105 si\u0119 poprzez z\u0142o\u017cenie formularza zg\u0142oszeniowego (poni\u017cszy za\u0142\u0105cznik) w sekretariacie szko\u0142y w terminie do 20 czerwca.<br>Zaj\u0119cia b\u0119d\u0105 odbywa\u0142y si\u0119 dla trzech grup (kl. I-III, kl. IV-VI oraz kl. VII-VIII) w dw\u00f3ch terminach:<br>1. 26.06.-30.06.2023 \u2013 zaj\u0119cia prowadzi mgr Remigiusz Krzywda (zaj\u0119cia sportowo-rekreacyjne)<br>2. 03.07.-07.07.2023 \u2013 zaj\u0119cia prowadzi mgr Maciej \u017byci\u0144ski (bilard).<\/p>\n\n\n\n<p>Zapraszamy!<br><a href=\"http:\/\/sp1.kielce.eu\/wp-content\/uploads\/2023\/06\/zajecia-letnie-2023.docx\">Formularz zg\u0142oszeniowy<\/a><\/p>\n\n\n\n<figure class=\"wp-block-gallery has-nested-images columns-4 is-cropped wp-block-gallery-1 is-layout-flex wp-block-gallery-is-layout-flex\">\n<figure class=\"wp-block-image size-large\"><a href=\"http:\/\/sp1.kielce.eu\/wp-content\/uploads\/2023\/06\/klasabilardowa.jpg\"><img loading=\"lazy\" decoding=\"async\" width=\"1145\" height=\"564\" data-id=\"28660\" src=\"http:\/\/sp1.kielce.eu\/wp-content\/uploads\/2023\/06\/klasabilardowa.jpg\" alt=\"\" class=\"wp-image-28660\" srcset=\"https:\/\/sp1.kielce.eu\/wp-content\/uploads\/2023\/06\/klasabilardowa.jpg 1145w, https:\/\/sp1.kielce.eu\/wp-content\/uploads\/2023\/06\/klasabilardowa-300x148.jpg 300w, https:\/\/sp1.kielce.eu\/wp-content\/uploads\/2023\/06\/klasabilardowa-768x378.jpg 768w, https:\/\/sp1.kielce.eu\/wp-content\/uploads\/2023\/06\/klasabilardowa-820x404.jpg 820w\" sizes=\"auto, (max-width: 1145px) 100vw, 1145px\" \/><\/a><\/figure>\n\n\n\n<figure class=\"wp-block-image size-large\"><a href=\"http:\/\/sp1.kielce.eu\/wp-content\/uploads\/2022\/11\/Kompleks-8.jpg\"><img loading=\"lazy\" decoding=\"async\" width=\"1350\" height=\"900\" data-id=\"24680\" src=\"http:\/\/sp1.kielce.eu\/wp-content\/uploads\/2022\/11\/Kompleks-8.jpg\" alt=\"\" class=\"wp-image-24680\" srcset=\"https:\/\/sp1.kielce.eu\/wp-content\/uploads\/2022\/11\/Kompleks-8.jpg 1350w, https:\/\/sp1.kielce.eu\/wp-content\/uploads\/2022\/11\/Kompleks-8-300x200.jpg 300w, https:\/\/sp1.kielce.eu\/wp-content\/uploads\/2022\/11\/Kompleks-8-768x512.jpg 768w, https:\/\/sp1.kielce.eu\/wp-content\/uploads\/2022\/11\/Kompleks-8-600x400.jpg 600w, https:\/\/sp1.kielce.eu\/wp-content\/uploads\/2022\/11\/Kompleks-8-820x547.jpg 820w\" sizes=\"auto, (max-width: 1350px) 100vw, 1350px\" \/><\/a><figcaption class=\"wp-element-caption\">kompleks sportowy<\/figcaption><\/figure>\n\n\n\n<figure class=\"wp-block-image size-large\"><a href=\"http:\/\/sp1.kielce.eu\/wp-content\/uploads\/2022\/11\/Kompleks-sportowy-4.jpg\"><img loading=\"lazy\" decoding=\"async\" width=\"1350\" height=\"900\" data-id=\"24690\" src=\"http:\/\/sp1.kielce.eu\/wp-content\/uploads\/2022\/11\/Kompleks-sportowy-4.jpg\" alt=\"\" class=\"wp-image-24690\" srcset=\"https:\/\/sp1.kielce.eu\/wp-content\/uploads\/2022\/11\/Kompleks-sportowy-4.jpg 1350w, https:\/\/sp1.kielce.eu\/wp-content\/uploads\/2022\/11\/Kompleks-sportowy-4-300x200.jpg 300w, https:\/\/sp1.kielce.eu\/wp-content\/uploads\/2022\/11\/Kompleks-sportowy-4-768x512.jpg 768w, https:\/\/sp1.kielce.eu\/wp-content\/uploads\/2022\/11\/Kompleks-sportowy-4-600x400.jpg 600w, https:\/\/sp1.kielce.eu\/wp-content\/uploads\/2022\/11\/Kompleks-sportowy-4-820x547.jpg 820w\" sizes=\"auto, (max-width: 1350px) 100vw, 1350px\" \/><\/a><figcaption class=\"wp-element-caption\">kompleks sportowy<\/figcaption><\/figure>\n\n\n\n<figure class=\"wp-block-image size-large\"><a href=\"http:\/\/sp1.kielce.eu\/wp-content\/uploads\/2022\/11\/Kompleks-6.jpg\"><img loading=\"lazy\" decoding=\"async\" width=\"1350\" height=\"900\" data-id=\"24694\" src=\"http:\/\/sp1.kielce.eu\/wp-content\/uploads\/2022\/11\/Kompleks-6.jpg\" alt=\"\" class=\"wp-image-24694\" srcset=\"https:\/\/sp1.kielce.eu\/wp-content\/uploads\/2022\/11\/Kompleks-6.jpg 1350w, https:\/\/sp1.kielce.eu\/wp-content\/uploads\/2022\/11\/Kompleks-6-300x200.jpg 300w, https:\/\/sp1.kielce.eu\/wp-content\/uploads\/2022\/11\/Kompleks-6-768x512.jpg 768w, https:\/\/sp1.kielce.eu\/wp-content\/uploads\/2022\/11\/Kompleks-6-600x400.jpg 600w, https:\/\/sp1.kielce.eu\/wp-content\/uploads\/2022\/11\/Kompleks-6-820x547.jpg 820w\" sizes=\"auto, (max-width: 1350px) 100vw, 1350px\" \/><\/a><figcaption class=\"wp-element-caption\">kompleks sportowy<\/figcaption><\/figure>\n\n\n\n<figure class=\"wp-block-image size-large\"><a href=\"http:\/\/sp1.kielce.eu\/wp-content\/uploads\/2023\/05\/image_6487327-Copy.jpg\"><img loading=\"lazy\" decoding=\"async\" width=\"544\" height=\"900\" data-id=\"28508\" src=\"http:\/\/sp1.kielce.eu\/wp-content\/uploads\/2023\/05\/image_6487327-Copy.jpg\" alt=\"\" class=\"wp-image-28508\" srcset=\"https:\/\/sp1.kielce.eu\/wp-content\/uploads\/2023\/05\/image_6487327-Copy.jpg 544w, https:\/\/sp1.kielce.eu\/wp-content\/uploads\/2023\/05\/image_6487327-Copy-181x300.jpg 181w\" sizes=\"auto, (max-width: 544px) 100vw, 544px\" \/><\/a><\/figure>\n\n\n\n<figure class=\"wp-block-image size-large\"><a href=\"http:\/\/sp1.kielce.eu\/wp-content\/uploads\/2023\/05\/IMG20230505103815_Easy-Resize.com_.jpg\"><img loading=\"lazy\" decoding=\"async\" width=\"675\" height=\"900\" data-id=\"28110\" src=\"http:\/\/sp1.kielce.eu\/wp-content\/uploads\/2023\/05\/IMG20230505103815_Easy-Resize.com_-675x900.jpg\" alt=\"\" class=\"wp-image-28110\" srcset=\"https:\/\/sp1.kielce.eu\/wp-content\/uploads\/2023\/05\/IMG20230505103815_Easy-Resize.com_-675x900.jpg 675w, https:\/\/sp1.kielce.eu\/wp-content\/uploads\/2023\/05\/IMG20230505103815_Easy-Resize.com_-225x300.jpg 225w, https:\/\/sp1.kielce.eu\/wp-content\/uploads\/2023\/05\/IMG20230505103815_Easy-Resize.com_-768x1024.jpg 768w, https:\/\/sp1.kielce.eu\/wp-content\/uploads\/2023\/05\/IMG20230505103815_Easy-Resize.com_-820x1093.jpg 820w, https:\/\/sp1.kielce.eu\/wp-content\/uploads\/2023\/05\/IMG20230505103815_Easy-Resize.com_.jpg 960w\" sizes=\"auto, (max-width: 675px) 100vw, 675px\" \/><\/a><\/figure>\n\n\n\n<figure class=\"wp-block-image size-large\"><a href=\"http:\/\/sp1.kielce.eu\/wp-content\/uploads\/2023\/03\/WhatsApp-Image-2023-02-27-at-22.32.38.jpeg\"><img loading=\"lazy\" decoding=\"async\" width=\"1400\" height=\"647\" data-id=\"26816\" src=\"http:\/\/sp1.kielce.eu\/wp-content\/uploads\/2023\/03\/WhatsApp-Image-2023-02-27-at-22.32.38-1400x647.jpeg\" alt=\"\" class=\"wp-image-26816\" srcset=\"https:\/\/sp1.kielce.eu\/wp-content\/uploads\/2023\/03\/WhatsApp-Image-2023-02-27-at-22.32.38-1400x647.jpeg 1400w, https:\/\/sp1.kielce.eu\/wp-content\/uploads\/2023\/03\/WhatsApp-Image-2023-02-27-at-22.32.38-300x139.jpeg 300w, https:\/\/sp1.kielce.eu\/wp-content\/uploads\/2023\/03\/WhatsApp-Image-2023-02-27-at-22.32.38-768x355.jpeg 768w, https:\/\/sp1.kielce.eu\/wp-content\/uploads\/2023\/03\/WhatsApp-Image-2023-02-27-at-22.32.38-1536x709.jpeg 1536w, https:\/\/sp1.kielce.eu\/wp-content\/uploads\/2023\/03\/WhatsApp-Image-2023-02-27-at-22.32.38-820x379.jpeg 820w, https:\/\/sp1.kielce.eu\/wp-content\/uploads\/2023\/03\/WhatsApp-Image-2023-02-27-at-22.32.38.jpeg 1992w\" sizes=\"auto, (max-width: 1400px) 100vw, 1400px\" \/><\/a><\/figure>\n<\/figure>\n","protected":false},"excerpt":{"rendered":"<p>Dyrekcja szko\u0142y informuje, \u017ce rozpoczynamy zapisy na Letnie Zaj\u0119cia Sportowo-Rekreacyjne z MSOS 2023 w naszej [&hellip;]<\/p>\n","protected":false},"author":4,"featured_media":2547,"comment_status":"closed","ping_status":"","sticky":false,"template":"","format":"standard","meta":{"footnotes":""},"categories":[1],"tags":[],"class_list":["post-28879","post","type-post","status-publish","format-standard","has-post-thumbnail","hentry","category-bez-kategorii"],"_links":{"self":[{"href":"https:\/\/sp1.kielce.eu\/index.php\/wp-json\/wp\/v2\/posts\/28879","targetHints":{"allow":["GET"]}}],"collection":[{"href":"https:\/\/sp1.kielce.eu\/index.php\/wp-json\/wp\/v2\/posts"}],"about":[{"href":"https:\/\/sp1.kielce.eu\/index.php\/wp-json\/wp\/v2\/types\/post"}],"author":[{"embeddable":true,"href":"https:\/\/sp1.kielce.eu\/index.php\/wp-json\/wp\/v2\/users\/4"}],"replies":[{"embeddable":true,"href":"https:\/\/sp1.kielce.eu\/index.php\/wp-json\/wp\/v2\/comments?post=28879"}],"version-history":[{"count":2,"href":"https:\/\/sp1.kielce.eu\/index.php\/wp-json\/wp\/v2\/posts\/28879\/revisions"}],"predecessor-version":[{"id":28883,"href":"https:\/\/sp1.kielce.eu\/index.php\/wp-json\/wp\/v2\/posts\/28879\/revisions\/28883"}],"wp:featuredmedia":[{"embeddable":true,"href":"https:\/\/sp1.kielce.eu\/index.php\/wp-json\/wp\/v2\/media\/2547"}],"wp:attachment":[{"href":"https:\/\/sp1.kielce.eu\/index.php\/wp-json\/wp\/v2\/media?parent=28879"}],"wp:term":[{"taxonomy":"category","embeddable":true,"href":"https:\/\/sp1.kielce.eu\/index.php\/wp-json\/wp\/v2\/categories?post=28879"},{"taxonomy":"post_tag","embeddable":true,"href":"https:\/\/sp1.kielce.eu\/index.php\/wp-json\/wp\/v2\/tags?post=28879"}],"curies":[{"name":"wp","href":"https:\/\/api.w.org\/{rel}","templated":true}]}}