{"id":28672,"date":"2023-06-02T21:30:24","date_gmt":"2023-06-02T19:30:24","guid":{"rendered":"http:\/\/sp1.kielce.eu\/?p=28672"},"modified":"2023-06-02T21:30:24","modified_gmt":"2023-06-02T19:30:24","slug":"talenty-jedynki-2023","status":"publish","type":"post","link":"https:\/\/sp1.kielce.eu\/index.php\/2023\/06\/02\/talenty-jedynki-2023\/","title":{"rendered":"TALENTY JEDYNKI 2023"},"content":{"rendered":"\n<p>29 maja 2023 roku, zgodnie z tradycj\u0105 odby\u0142a si\u0119 impreza Samorz\u0105du Uczniowskiego pt. &#8222;TALENTY JEDYNKI&#8221;.<\/p>\n\n\n\n<p>Tego dnia nasi uczniowie mieli okazj\u0119 zaprezentowa\u0107 przed ca\u0142\u0105 spo\u0142eczno\u015bci\u0105 szkoln\u0105 swoje wyj\u0105tkowe umiej\u0119tno\u015bci. Mieli\u015bmy przyjemno\u015b\u0107 obejrze\u0107 znakomite wyst\u0119py taneczne, akrobatyczne, gr\u0119 na skrzypcach oraz gitarze. Na bis zas\u0142u\u017cy\u0142 wyst\u0119p grupy uczni\u00f3w do znanego wszystkim hitu eurowizji pt. \u201eBabe\u201d.<\/p>\n\n\n\n<p>Ka\u017cdy z wykonawc\u00f3w otrzyma\u0142 pami\u0105tkow\u0105 statuetk\u0119. Fundatorem nagr\u00f3d by\u0142a Rada Rodzic\u00f3w.<\/p>\n\n\n\n<p>Serdecznie gratulujemy wszystkim artystom oraz ich rodzicom!<\/p>\n\n\n\n<p>Opiekunki Samorz\u0105du Uczniowskiego dzi\u0119kuj\u0105 wszystkim, kt\u00f3rzy pomagali przy organizacji Talent\u00f3w Jedynki 2022.<\/p>\n\n\n\n<figure class=\"wp-block-gallery has-nested-images columns-default is-cropped wp-block-gallery-1 is-layout-flex wp-block-gallery-is-layout-flex\">\n<figure class=\"wp-block-image size-large\"><a href=\"http:\/\/sp1.kielce.eu\/wp-content\/uploads\/2023\/06\/344988358_559829456225742_5866062305228548270_n-Copy.jpg\"><img loading=\"lazy\" decoding=\"async\" width=\"1200\" height=\"897\" data-id=\"28673\" src=\"http:\/\/sp1.kielce.eu\/wp-content\/uploads\/2023\/06\/344988358_559829456225742_5866062305228548270_n-Copy.jpg\" alt=\"\" class=\"wp-image-28673\" srcset=\"https:\/\/sp1.kielce.eu\/wp-content\/uploads\/2023\/06\/344988358_559829456225742_5866062305228548270_n-Copy.jpg 1200w, https:\/\/sp1.kielce.eu\/wp-content\/uploads\/2023\/06\/344988358_559829456225742_5866062305228548270_n-Copy-300x224.jpg 300w, https:\/\/sp1.kielce.eu\/wp-content\/uploads\/2023\/06\/344988358_559829456225742_5866062305228548270_n-Copy-768x574.jpg 768w, https:\/\/sp1.kielce.eu\/wp-content\/uploads\/2023\/06\/344988358_559829456225742_5866062305228548270_n-Copy-820x613.jpg 820w\" sizes=\"auto, (max-width: 1200px) 100vw, 1200px\" \/><\/a><\/figure>\n\n\n\n<figure class=\"wp-block-image size-large\"><a href=\"http:\/\/sp1.kielce.eu\/wp-content\/uploads\/2023\/06\/Projekt-bez-nazwy-1-Copy.png\"><img loading=\"lazy\" decoding=\"async\" width=\"1125\" height=\"900\" data-id=\"28677\" src=\"http:\/\/sp1.kielce.eu\/wp-content\/uploads\/2023\/06\/Projekt-bez-nazwy-1-Copy.png\" alt=\"\" class=\"wp-image-28677\" srcset=\"https:\/\/sp1.kielce.eu\/wp-content\/uploads\/2023\/06\/Projekt-bez-nazwy-1-Copy.png 1125w, https:\/\/sp1.kielce.eu\/wp-content\/uploads\/2023\/06\/Projekt-bez-nazwy-1-Copy-300x240.png 300w, https:\/\/sp1.kielce.eu\/wp-content\/uploads\/2023\/06\/Projekt-bez-nazwy-1-Copy-768x614.png 768w, https:\/\/sp1.kielce.eu\/wp-content\/uploads\/2023\/06\/Projekt-bez-nazwy-1-Copy-820x656.png 820w\" sizes=\"auto, (max-width: 1125px) 100vw, 1125px\" \/><\/a><\/figure>\n\n\n\n<figure class=\"wp-block-image size-large\"><a href=\"http:\/\/sp1.kielce.eu\/wp-content\/uploads\/2023\/06\/Projekt-bez-nazwy-2-Copy.png\"><img loading=\"lazy\" decoding=\"async\" width=\"1125\" height=\"900\" data-id=\"28676\" src=\"http:\/\/sp1.kielce.eu\/wp-content\/uploads\/2023\/06\/Projekt-bez-nazwy-2-Copy.png\" alt=\"\" class=\"wp-image-28676\" srcset=\"https:\/\/sp1.kielce.eu\/wp-content\/uploads\/2023\/06\/Projekt-bez-nazwy-2-Copy.png 1125w, https:\/\/sp1.kielce.eu\/wp-content\/uploads\/2023\/06\/Projekt-bez-nazwy-2-Copy-300x240.png 300w, https:\/\/sp1.kielce.eu\/wp-content\/uploads\/2023\/06\/Projekt-bez-nazwy-2-Copy-768x614.png 768w, https:\/\/sp1.kielce.eu\/wp-content\/uploads\/2023\/06\/Projekt-bez-nazwy-2-Copy-820x656.png 820w\" sizes=\"auto, (max-width: 1125px) 100vw, 1125px\" \/><\/a><\/figure>\n\n\n\n<figure class=\"wp-block-image size-large\"><a href=\"http:\/\/sp1.kielce.eu\/wp-content\/uploads\/2023\/06\/Projekt-bez-nazwy-3-Copy.png\"><img loading=\"lazy\" decoding=\"async\" width=\"1125\" height=\"900\" data-id=\"28675\" src=\"http:\/\/sp1.kielce.eu\/wp-content\/uploads\/2023\/06\/Projekt-bez-nazwy-3-Copy.png\" alt=\"\" class=\"wp-image-28675\" srcset=\"https:\/\/sp1.kielce.eu\/wp-content\/uploads\/2023\/06\/Projekt-bez-nazwy-3-Copy.png 1125w, https:\/\/sp1.kielce.eu\/wp-content\/uploads\/2023\/06\/Projekt-bez-nazwy-3-Copy-300x240.png 300w, https:\/\/sp1.kielce.eu\/wp-content\/uploads\/2023\/06\/Projekt-bez-nazwy-3-Copy-768x614.png 768w, https:\/\/sp1.kielce.eu\/wp-content\/uploads\/2023\/06\/Projekt-bez-nazwy-3-Copy-820x656.png 820w\" sizes=\"auto, (max-width: 1125px) 100vw, 1125px\" \/><\/a><\/figure>\n\n\n\n<figure class=\"wp-block-image size-large\"><a href=\"http:\/\/sp1.kielce.eu\/wp-content\/uploads\/2023\/06\/Projekt-bez-nazwy-4-Copy.png\"><img loading=\"lazy\" decoding=\"async\" width=\"1125\" height=\"900\" data-id=\"28674\" src=\"http:\/\/sp1.kielce.eu\/wp-content\/uploads\/2023\/06\/Projekt-bez-nazwy-4-Copy.png\" alt=\"\" class=\"wp-image-28674\" srcset=\"https:\/\/sp1.kielce.eu\/wp-content\/uploads\/2023\/06\/Projekt-bez-nazwy-4-Copy.png 1125w, https:\/\/sp1.kielce.eu\/wp-content\/uploads\/2023\/06\/Projekt-bez-nazwy-4-Copy-300x240.png 300w, https:\/\/sp1.kielce.eu\/wp-content\/uploads\/2023\/06\/Projekt-bez-nazwy-4-Copy-768x614.png 768w, https:\/\/sp1.kielce.eu\/wp-content\/uploads\/2023\/06\/Projekt-bez-nazwy-4-Copy-820x656.png 820w\" sizes=\"auto, (max-width: 1125px) 100vw, 1125px\" \/><\/a><\/figure>\n<\/figure>\n","protected":false},"excerpt":{"rendered":"<p>29 maja 2023 roku, zgodnie z tradycj\u0105 odby\u0142a si\u0119 impreza Samorz\u0105du Uczniowskiego pt. &#8222;TALENTY JEDYNKI&#8221;. [&hellip;]<\/p>\n","protected":false},"author":13,"featured_media":28678,"comment_status":"closed","ping_status":"","sticky":false,"template":"","format":"standard","meta":{"footnotes":""},"categories":[36],"tags":[],"class_list":["post-28672","post","type-post","status-publish","format-standard","has-post-thumbnail","hentry","category-wydarzenia"],"_links":{"self":[{"href":"https:\/\/sp1.kielce.eu\/index.php\/wp-json\/wp\/v2\/posts\/28672","targetHints":{"allow":["GET"]}}],"collection":[{"href":"https:\/\/sp1.kielce.eu\/index.php\/wp-json\/wp\/v2\/posts"}],"about":[{"href":"https:\/\/sp1.kielce.eu\/index.php\/wp-json\/wp\/v2\/types\/post"}],"author":[{"embeddable":true,"href":"https:\/\/sp1.kielce.eu\/index.php\/wp-json\/wp\/v2\/users\/13"}],"replies":[{"embeddable":true,"href":"https:\/\/sp1.kielce.eu\/index.php\/wp-json\/wp\/v2\/comments?post=28672"}],"version-history":[{"count":2,"href":"https:\/\/sp1.kielce.eu\/index.php\/wp-json\/wp\/v2\/posts\/28672\/revisions"}],"predecessor-version":[{"id":28680,"href":"https:\/\/sp1.kielce.eu\/index.php\/wp-json\/wp\/v2\/posts\/28672\/revisions\/28680"}],"wp:featuredmedia":[{"embeddable":true,"href":"https:\/\/sp1.kielce.eu\/index.php\/wp-json\/wp\/v2\/media\/28678"}],"wp:attachment":[{"href":"https:\/\/sp1.kielce.eu\/index.php\/wp-json\/wp\/v2\/media?parent=28672"}],"wp:term":[{"taxonomy":"category","embeddable":true,"href":"https:\/\/sp1.kielce.eu\/index.php\/wp-json\/wp\/v2\/categories?post=28672"},{"taxonomy":"post_tag","embeddable":true,"href":"https:\/\/sp1.kielce.eu\/index.php\/wp-json\/wp\/v2\/tags?post=28672"}],"curies":[{"name":"wp","href":"https:\/\/api.w.org\/{rel}","templated":true}]}}