{"id":28637,"date":"2023-06-01T00:54:08","date_gmt":"2023-05-31T22:54:08","guid":{"rendered":"http:\/\/sp1.kielce.eu\/?p=28637"},"modified":"2023-06-01T00:54:08","modified_gmt":"2023-05-31T22:54:08","slug":"kampania-dobre-slowa","status":"publish","type":"post","link":"https:\/\/sp1.kielce.eu\/index.php\/2023\/06\/01\/kampania-dobre-slowa\/","title":{"rendered":"Kampania # dobre s\u0142owa"},"content":{"rendered":"\n<p>W naszej szkole w ramach akcji organizowanej przez Wojewod\u0119 \u015awi\u0119tokrzyskiego #dobre s\u0142owa promuj\u0105cej pozytywne my\u015blenie i&nbsp;zach\u0119canie do u\u017cywania dobrych s\u0142\u00f3w uczniowie klas I- III na lekcjach edukacji wczesnoszkolnej obejrzeli prezentacj\u0119 multimedialn\u0105 dotycz\u0105c\u0105 wzajemnego szacunku dla ka\u017cdego i&nbsp;stosowania w&nbsp;\u017cyciu codziennym dobrych s\u0142\u00f3w, kt\u00f3re pozytywnie wp\u0142ywaj\u0105 na ka\u017cdego. W&nbsp;klasach II&nbsp;b i&nbsp;III&nbsp;c uczniowie na lekcjach pisali pozytywne s\u0142owa dla kole\u017canki lub kolegi. Prace te zosta\u0142y umieszczone na gazetce szkolnej. W&nbsp;akcj\u0119 w\u0142\u0105czy\u0142a si\u0119 \u015bwietlica szkolna. W&nbsp;dniach 16.05-18.05.2023 zosta\u0142a zorganizowana poczta #dobre s\u0142owa. Uczniowie wszystkich klas mieli mo\u017cliwo\u015b\u0107 napisania czego\u015b mi\u0142ego dla dowolnej osoby, a&nbsp;nast\u0119pnie wrzucali karteczki do kolorowego pude\u0142ka, kt\u00f3re znajdowa\u0142o si\u0119 w&nbsp;\u015bwietlicy szkolnej. \u017byczenia by\u0142y pisane do uczni\u00f3w, rodzic\u00f3w i&nbsp;Pani Dyrektor. Dobre s\u0142owa zosta\u0142y umieszczone na tablicy w&nbsp;\u015bwietlicy szkolnej. W&nbsp;ramach akcji wszyscy ch\u0119tni uczniowie do ko\u0144ca roku szkolnego mog\u0105 podzieli\u0107 si\u0119 dobrym s\u0142owem i&nbsp;wrzuca\u0107 swoje karteczki do pude\u0142ka znajduj\u0105cego si\u0119 w&nbsp;\u015bwietlicy szkolnej.<\/p>\n\n\n\n<p class=\"has-text-align-right\">Organizatorzy akcji:<br>Remigiusz Krzywda- rzecznik praw ucznia w SP 1<br>Agata Szcze\u015bniak- nauczyciel wsp\u00f3\u0142organizuj\u0105cy<br>Agnieszka Rycombel i \u015bwietlica szkolna<\/p>\n\n\n\n<figure class=\"wp-block-gallery has-nested-images columns-4 is-cropped wp-block-gallery-1 is-layout-flex wp-block-gallery-is-layout-flex\">\n<figure class=\"wp-block-image size-large\"><a href=\"http:\/\/sp1.kielce.eu\/wp-content\/uploads\/2023\/06\/20230530_173946-Copy.jpg\"><img loading=\"lazy\" decoding=\"async\" width=\"900\" height=\"900\" data-id=\"28639\" src=\"http:\/\/sp1.kielce.eu\/wp-content\/uploads\/2023\/06\/20230530_173946-Copy.jpg\" alt=\"\" class=\"wp-image-28639\" srcset=\"https:\/\/sp1.kielce.eu\/wp-content\/uploads\/2023\/06\/20230530_173946-Copy.jpg 900w, https:\/\/sp1.kielce.eu\/wp-content\/uploads\/2023\/06\/20230530_173946-Copy-300x300.jpg 300w, https:\/\/sp1.kielce.eu\/wp-content\/uploads\/2023\/06\/20230530_173946-Copy-150x150.jpg 150w, https:\/\/sp1.kielce.eu\/wp-content\/uploads\/2023\/06\/20230530_173946-Copy-768x768.jpg 768w, https:\/\/sp1.kielce.eu\/wp-content\/uploads\/2023\/06\/20230530_173946-Copy-820x820.jpg 820w\" sizes=\"auto, (max-width: 900px) 100vw, 900px\" \/><\/a><\/figure>\n\n\n\n<figure class=\"wp-block-image size-large\"><a href=\"http:\/\/sp1.kielce.eu\/wp-content\/uploads\/2023\/06\/20230530_174045-Copy.jpg\"><img loading=\"lazy\" decoding=\"async\" width=\"900\" height=\"900\" data-id=\"28640\" src=\"http:\/\/sp1.kielce.eu\/wp-content\/uploads\/2023\/06\/20230530_174045-Copy.jpg\" alt=\"\" class=\"wp-image-28640\" srcset=\"https:\/\/sp1.kielce.eu\/wp-content\/uploads\/2023\/06\/20230530_174045-Copy.jpg 900w, https:\/\/sp1.kielce.eu\/wp-content\/uploads\/2023\/06\/20230530_174045-Copy-300x300.jpg 300w, https:\/\/sp1.kielce.eu\/wp-content\/uploads\/2023\/06\/20230530_174045-Copy-150x150.jpg 150w, https:\/\/sp1.kielce.eu\/wp-content\/uploads\/2023\/06\/20230530_174045-Copy-768x768.jpg 768w, https:\/\/sp1.kielce.eu\/wp-content\/uploads\/2023\/06\/20230530_174045-Copy-820x820.jpg 820w\" sizes=\"auto, (max-width: 900px) 100vw, 900px\" \/><\/a><\/figure>\n\n\n\n<figure class=\"wp-block-image size-large\"><a href=\"http:\/\/sp1.kielce.eu\/wp-content\/uploads\/2023\/06\/20230530_174122-Copy.jpg\"><img loading=\"lazy\" decoding=\"async\" width=\"900\" height=\"900\" data-id=\"28638\" src=\"http:\/\/sp1.kielce.eu\/wp-content\/uploads\/2023\/06\/20230530_174122-Copy.jpg\" alt=\"\" class=\"wp-image-28638\" srcset=\"https:\/\/sp1.kielce.eu\/wp-content\/uploads\/2023\/06\/20230530_174122-Copy.jpg 900w, https:\/\/sp1.kielce.eu\/wp-content\/uploads\/2023\/06\/20230530_174122-Copy-300x300.jpg 300w, https:\/\/sp1.kielce.eu\/wp-content\/uploads\/2023\/06\/20230530_174122-Copy-150x150.jpg 150w, https:\/\/sp1.kielce.eu\/wp-content\/uploads\/2023\/06\/20230530_174122-Copy-768x768.jpg 768w, https:\/\/sp1.kielce.eu\/wp-content\/uploads\/2023\/06\/20230530_174122-Copy-820x820.jpg 820w\" sizes=\"auto, (max-width: 900px) 100vw, 900px\" \/><\/a><\/figure>\n\n\n\n<figure class=\"wp-block-image size-large\"><a href=\"http:\/\/sp1.kielce.eu\/wp-content\/uploads\/2023\/06\/20230530_174813-Copy.jpg\"><img loading=\"lazy\" decoding=\"async\" width=\"900\" height=\"900\" data-id=\"28643\" src=\"http:\/\/sp1.kielce.eu\/wp-content\/uploads\/2023\/06\/20230530_174813-Copy.jpg\" alt=\"\" class=\"wp-image-28643\" srcset=\"https:\/\/sp1.kielce.eu\/wp-content\/uploads\/2023\/06\/20230530_174813-Copy.jpg 900w, https:\/\/sp1.kielce.eu\/wp-content\/uploads\/2023\/06\/20230530_174813-Copy-300x300.jpg 300w, https:\/\/sp1.kielce.eu\/wp-content\/uploads\/2023\/06\/20230530_174813-Copy-150x150.jpg 150w, https:\/\/sp1.kielce.eu\/wp-content\/uploads\/2023\/06\/20230530_174813-Copy-768x768.jpg 768w, https:\/\/sp1.kielce.eu\/wp-content\/uploads\/2023\/06\/20230530_174813-Copy-820x820.jpg 820w\" sizes=\"auto, (max-width: 900px) 100vw, 900px\" \/><\/a><\/figure>\n\n\n\n<figure class=\"wp-block-image size-large\"><a href=\"http:\/\/sp1.kielce.eu\/wp-content\/uploads\/2023\/06\/20230530_174939-Copy.jpg\"><img loading=\"lazy\" decoding=\"async\" width=\"900\" height=\"900\" data-id=\"28642\" src=\"http:\/\/sp1.kielce.eu\/wp-content\/uploads\/2023\/06\/20230530_174939-Copy.jpg\" alt=\"\" class=\"wp-image-28642\" srcset=\"https:\/\/sp1.kielce.eu\/wp-content\/uploads\/2023\/06\/20230530_174939-Copy.jpg 900w, https:\/\/sp1.kielce.eu\/wp-content\/uploads\/2023\/06\/20230530_174939-Copy-300x300.jpg 300w, https:\/\/sp1.kielce.eu\/wp-content\/uploads\/2023\/06\/20230530_174939-Copy-150x150.jpg 150w, https:\/\/sp1.kielce.eu\/wp-content\/uploads\/2023\/06\/20230530_174939-Copy-768x768.jpg 768w, https:\/\/sp1.kielce.eu\/wp-content\/uploads\/2023\/06\/20230530_174939-Copy-820x820.jpg 820w\" sizes=\"auto, (max-width: 900px) 100vw, 900px\" \/><\/a><\/figure>\n\n\n\n<figure class=\"wp-block-image size-large\"><a href=\"http:\/\/sp1.kielce.eu\/wp-content\/uploads\/2023\/06\/20230530_175158-Copy.jpg\"><img loading=\"lazy\" decoding=\"async\" width=\"900\" height=\"900\" data-id=\"28641\" src=\"http:\/\/sp1.kielce.eu\/wp-content\/uploads\/2023\/06\/20230530_175158-Copy.jpg\" alt=\"\" class=\"wp-image-28641\" srcset=\"https:\/\/sp1.kielce.eu\/wp-content\/uploads\/2023\/06\/20230530_175158-Copy.jpg 900w, https:\/\/sp1.kielce.eu\/wp-content\/uploads\/2023\/06\/20230530_175158-Copy-300x300.jpg 300w, https:\/\/sp1.kielce.eu\/wp-content\/uploads\/2023\/06\/20230530_175158-Copy-150x150.jpg 150w, https:\/\/sp1.kielce.eu\/wp-content\/uploads\/2023\/06\/20230530_175158-Copy-768x768.jpg 768w, https:\/\/sp1.kielce.eu\/wp-content\/uploads\/2023\/06\/20230530_175158-Copy-820x820.jpg 820w\" sizes=\"auto, (max-width: 900px) 100vw, 900px\" \/><\/a><\/figure>\n\n\n\n<figure class=\"wp-block-image size-large\"><a href=\"http:\/\/sp1.kielce.eu\/wp-content\/uploads\/2023\/06\/20230530_175321-Copy.jpg\"><img loading=\"lazy\" decoding=\"async\" width=\"900\" height=\"900\" data-id=\"28644\" src=\"http:\/\/sp1.kielce.eu\/wp-content\/uploads\/2023\/06\/20230530_175321-Copy.jpg\" alt=\"\" class=\"wp-image-28644\" srcset=\"https:\/\/sp1.kielce.eu\/wp-content\/uploads\/2023\/06\/20230530_175321-Copy.jpg 900w, https:\/\/sp1.kielce.eu\/wp-content\/uploads\/2023\/06\/20230530_175321-Copy-300x300.jpg 300w, https:\/\/sp1.kielce.eu\/wp-content\/uploads\/2023\/06\/20230530_175321-Copy-150x150.jpg 150w, https:\/\/sp1.kielce.eu\/wp-content\/uploads\/2023\/06\/20230530_175321-Copy-768x768.jpg 768w, https:\/\/sp1.kielce.eu\/wp-content\/uploads\/2023\/06\/20230530_175321-Copy-820x820.jpg 820w\" sizes=\"auto, (max-width: 900px) 100vw, 900px\" \/><\/a><\/figure>\n<\/figure>\n","protected":false},"excerpt":{"rendered":"<p>W naszej szkole w ramach akcji organizowanej przez Wojewod\u0119 \u015awi\u0119tokrzyskiego #dobre s\u0142owa promuj\u0105cej pozytywne my\u015blenie [&hellip;]<\/p>\n","protected":false},"author":13,"featured_media":28645,"comment_status":"closed","ping_status":"","sticky":false,"template":"","format":"standard","meta":{"footnotes":""},"categories":[36,25],"tags":[],"class_list":["post-28637","post","type-post","status-publish","format-standard","has-post-thumbnail","hentry","category-wydarzenia","category-swietlica"],"_links":{"self":[{"href":"https:\/\/sp1.kielce.eu\/index.php\/wp-json\/wp\/v2\/posts\/28637","targetHints":{"allow":["GET"]}}],"collection":[{"href":"https:\/\/sp1.kielce.eu\/index.php\/wp-json\/wp\/v2\/posts"}],"about":[{"href":"https:\/\/sp1.kielce.eu\/index.php\/wp-json\/wp\/v2\/types\/post"}],"author":[{"embeddable":true,"href":"https:\/\/sp1.kielce.eu\/index.php\/wp-json\/wp\/v2\/users\/13"}],"replies":[{"embeddable":true,"href":"https:\/\/sp1.kielce.eu\/index.php\/wp-json\/wp\/v2\/comments?post=28637"}],"version-history":[{"count":1,"href":"https:\/\/sp1.kielce.eu\/index.php\/wp-json\/wp\/v2\/posts\/28637\/revisions"}],"predecessor-version":[{"id":28646,"href":"https:\/\/sp1.kielce.eu\/index.php\/wp-json\/wp\/v2\/posts\/28637\/revisions\/28646"}],"wp:featuredmedia":[{"embeddable":true,"href":"https:\/\/sp1.kielce.eu\/index.php\/wp-json\/wp\/v2\/media\/28645"}],"wp:attachment":[{"href":"https:\/\/sp1.kielce.eu\/index.php\/wp-json\/wp\/v2\/media?parent=28637"}],"wp:term":[{"taxonomy":"category","embeddable":true,"href":"https:\/\/sp1.kielce.eu\/index.php\/wp-json\/wp\/v2\/categories?post=28637"},{"taxonomy":"post_tag","embeddable":true,"href":"https:\/\/sp1.kielce.eu\/index.php\/wp-json\/wp\/v2\/tags?post=28637"}],"curies":[{"name":"wp","href":"https:\/\/api.w.org\/{rel}","templated":true}]}}