{"id":28597,"date":"2023-05-30T14:08:06","date_gmt":"2023-05-30T12:08:06","guid":{"rendered":"http:\/\/sp1.kielce.eu\/?p=28597"},"modified":"2023-05-30T14:08:06","modified_gmt":"2023-05-30T12:08:06","slug":"nasza-droga-do-czystego-srodowiska-8","status":"publish","type":"post","link":"https:\/\/sp1.kielce.eu\/index.php\/2023\/05\/30\/nasza-droga-do-czystego-srodowiska-8\/","title":{"rendered":"&#8222;NASZA DROGA DO CZYSTEGO \u015aRODOWISKA&#8221;"},"content":{"rendered":"\n<p>Kolejne sz\u00f3ste zadanie do realizacji w konkursie edukacyjno &#8211; informacyjnym zorganizowanym przez Urz\u0105d Miasta Kielce pod has\u0142em &#8222;NASZA DROGA DO CZYSTEGO \u015aRODOWISKA&#8221;&nbsp;( kategoria wiekowa: klasy 7-8) polega\u0142o na wykonaniu plakatu ukazuj\u0105cego wp\u0142yw cz\u0142owieka na zmian\u0119 klimatu.Uczniowie wykonali pi\u0119kne&nbsp; kolorowe plakaty. By\u0142o to ostatnie zadanie do wykonania.<\/p>\n\n\n\n<p>Dzi\u0119kujemy uczniom za udzia\u0142 w konkursie &#8222;NASZA DROGA DO CZYSTEGO \u015aRODOWISKA&#8221;<\/p>\n\n\n\n<p>Opiekunowie konkursu:<\/p>\n\n\n\n<p>Patrycja Zar\u0119ba- Michalska &#8211; nauczyciel fizyki<\/p>\n\n\n\n<p>Agnieszka M\u0142ynarczyk &#8211; nauczyciel geografii<\/p>\n\n\n\n<figure class=\"wp-block-gallery has-nested-images columns-default is-cropped wp-block-gallery-1 is-layout-flex wp-block-gallery-is-layout-flex\">\n<figure class=\"wp-block-image size-large\"><img loading=\"lazy\" decoding=\"async\" width=\"900\" height=\"900\" data-id=\"28598\" src=\"http:\/\/sp1.kielce.eu\/wp-content\/uploads\/2023\/05\/incollage_save-900x900.jpg\" alt=\"\" class=\"wp-image-28598\" srcset=\"https:\/\/sp1.kielce.eu\/wp-content\/uploads\/2023\/05\/incollage_save-900x900.jpg 900w, https:\/\/sp1.kielce.eu\/wp-content\/uploads\/2023\/05\/incollage_save-300x300.jpg 300w, https:\/\/sp1.kielce.eu\/wp-content\/uploads\/2023\/05\/incollage_save-150x150.jpg 150w, https:\/\/sp1.kielce.eu\/wp-content\/uploads\/2023\/05\/incollage_save-768x768.jpg 768w, https:\/\/sp1.kielce.eu\/wp-content\/uploads\/2023\/05\/incollage_save-1536x1536.jpg 1536w, https:\/\/sp1.kielce.eu\/wp-content\/uploads\/2023\/05\/incollage_save-2048x2048.jpg 2048w, https:\/\/sp1.kielce.eu\/wp-content\/uploads\/2023\/05\/incollage_save-820x820.jpg 820w\" sizes=\"auto, (max-width: 900px) 100vw, 900px\" \/><figcaption class=\"wp-element-caption\">created by InCollage<\/figcaption><\/figure>\n<\/figure>\n","protected":false},"excerpt":{"rendered":"<p>Kolejne sz\u00f3ste zadanie do realizacji w konkursie edukacyjno &#8211; informacyjnym zorganizowanym przez Urz\u0105d Miasta Kielce [&hellip;]<\/p>\n","protected":false},"author":5,"featured_media":28598,"comment_status":"closed","ping_status":"","sticky":false,"template":"","format":"standard","meta":{"footnotes":""},"categories":[36],"tags":[],"class_list":["post-28597","post","type-post","status-publish","format-standard","has-post-thumbnail","hentry","category-wydarzenia"],"_links":{"self":[{"href":"https:\/\/sp1.kielce.eu\/index.php\/wp-json\/wp\/v2\/posts\/28597","targetHints":{"allow":["GET"]}}],"collection":[{"href":"https:\/\/sp1.kielce.eu\/index.php\/wp-json\/wp\/v2\/posts"}],"about":[{"href":"https:\/\/sp1.kielce.eu\/index.php\/wp-json\/wp\/v2\/types\/post"}],"author":[{"embeddable":true,"href":"https:\/\/sp1.kielce.eu\/index.php\/wp-json\/wp\/v2\/users\/5"}],"replies":[{"embeddable":true,"href":"https:\/\/sp1.kielce.eu\/index.php\/wp-json\/wp\/v2\/comments?post=28597"}],"version-history":[{"count":1,"href":"https:\/\/sp1.kielce.eu\/index.php\/wp-json\/wp\/v2\/posts\/28597\/revisions"}],"predecessor-version":[{"id":28599,"href":"https:\/\/sp1.kielce.eu\/index.php\/wp-json\/wp\/v2\/posts\/28597\/revisions\/28599"}],"wp:featuredmedia":[{"embeddable":true,"href":"https:\/\/sp1.kielce.eu\/index.php\/wp-json\/wp\/v2\/media\/28598"}],"wp:attachment":[{"href":"https:\/\/sp1.kielce.eu\/index.php\/wp-json\/wp\/v2\/media?parent=28597"}],"wp:term":[{"taxonomy":"category","embeddable":true,"href":"https:\/\/sp1.kielce.eu\/index.php\/wp-json\/wp\/v2\/categories?post=28597"},{"taxonomy":"post_tag","embeddable":true,"href":"https:\/\/sp1.kielce.eu\/index.php\/wp-json\/wp\/v2\/tags?post=28597"}],"curies":[{"name":"wp","href":"https:\/\/api.w.org\/{rel}","templated":true}]}}