{"id":28586,"date":"2023-05-29T23:03:59","date_gmt":"2023-05-29T21:03:59","guid":{"rendered":"http:\/\/sp1.kielce.eu\/?p=28586"},"modified":"2023-05-29T23:03:59","modified_gmt":"2023-05-29T21:03:59","slug":"integracja-sportowa-razem-w-jedynce","status":"publish","type":"post","link":"https:\/\/sp1.kielce.eu\/index.php\/2023\/05\/29\/integracja-sportowa-razem-w-jedynce\/","title":{"rendered":"Integracja sportowa \u201eRazem w Jedynce\u201d"},"content":{"rendered":"\n<p>G\u0142\u00f3wnym za\u0142o\u017ceniem projektu by\u0142a integracja oddzia\u0142\u00f3w, w kt\u00f3rych s\u0105 dzieci z Polski i Ukrainy. Najlepsz\u0105 form\u0105 takich dzia\u0142a\u0144 s\u0105 oczywi\u015bcie zaj\u0119cia ruchowe. Dla uczestnik\u00f3w zosta\u0142y przygotowane wy\u015bcigi rz\u0119d\u00f3w, warsztaty taneczne z wst\u0105\u017ckami, przeci\u0105ganie liny, przechodzenie pod lin\u0105, brzuszki na czas, skakanie na trampolinach, skakanie na skakankach, a tak\u017ce wiele innych ciekawych konkurencji. Wszystkie sprz\u0119ty u\u017cyte w trakcie zaj\u0119\u0107 zosta\u0142y zakupione z funduszy grantowych. Zaj\u0119cia prowadzi\u0142y Pani Agnieszka Buczek i Pani Agnieszka Adamczyk.<\/p>\n\n\n\n<p>By\u0142o to ostatnie zaplanowane dzia\u0142anie obejmuj\u0105ce projekt \u201eRazem w Jedynce\u201d.<\/p>\n\n\n\n<p>Bardzo chcia\u0142abym serdecznie podzi\u0119kowa\u0107 wszystkim zaanga\u017cowanym w dzia\u0142ania grantowe:<\/p>\n\n\n\n<p>-Pani dyrektor SP1 \u017banecie Szczepaniak<\/p>\n\n\n\n<p>-Pani wicedyrektor SP1 El\u017cbiecie W\u00f3jcik,<\/p>\n\n\n\n<p>&#8211; nauczycielom SP1: Agnieszce Adamczyk, Agnieszce Buczek, Iwonie Delipacy, Kindze Kozie\u0142, Agnieszce Siwek, Beacie Smag\u00f3r, Weronice \u015alewie, Agacie Szcze\u015bniak, a tak\u017ce wychowawcom oddzia\u0142\u00f3w zaanga\u017cowanych w projekt.<\/p>\n\n\n\n<p>Bez Waszego wsparcia nie uda\u0142oby si\u0119 zrealizowa\u0107 projektu na tak wysokim poziomie.<\/p>\n\n\n\n<p><strong><em>&#8222;Samotni mo\u017cemy zrobi\u0107 niewiele; razem mo\u017cemy zrobi\u0107 tak wiele.&#8221;<\/em><\/strong><\/p>\n\n\n\n<p><em>&#8211;Helen Keller<\/em><\/p>\n\n\n\n<p class=\"has-text-align-right\">Klaudia Gola- koordynator projektu \u201eRazem w Jedynce\u201d<\/p>\n\n\n\n<figure class=\"wp-block-gallery has-nested-images columns-default is-cropped wp-block-gallery-1 is-layout-flex wp-block-gallery-is-layout-flex\">\n<figure class=\"wp-block-image size-large\"><a href=\"http:\/\/sp1.kielce.eu\/wp-content\/uploads\/2023\/05\/IMG_8392-Copy.jpeg\"><img loading=\"lazy\" decoding=\"async\" width=\"900\" height=\"900\" data-id=\"28589\" src=\"http:\/\/sp1.kielce.eu\/wp-content\/uploads\/2023\/05\/IMG_8392-Copy.jpeg\" alt=\"\" class=\"wp-image-28589\" srcset=\"https:\/\/sp1.kielce.eu\/wp-content\/uploads\/2023\/05\/IMG_8392-Copy.jpeg 900w, https:\/\/sp1.kielce.eu\/wp-content\/uploads\/2023\/05\/IMG_8392-Copy-300x300.jpeg 300w, https:\/\/sp1.kielce.eu\/wp-content\/uploads\/2023\/05\/IMG_8392-Copy-150x150.jpeg 150w, https:\/\/sp1.kielce.eu\/wp-content\/uploads\/2023\/05\/IMG_8392-Copy-768x768.jpeg 768w, https:\/\/sp1.kielce.eu\/wp-content\/uploads\/2023\/05\/IMG_8392-Copy-820x820.jpeg 820w\" sizes=\"auto, (max-width: 900px) 100vw, 900px\" \/><\/a><\/figure>\n\n\n\n<figure class=\"wp-block-image size-large\"><a href=\"http:\/\/sp1.kielce.eu\/wp-content\/uploads\/2023\/05\/IMG_8393-Copy.jpeg\"><img loading=\"lazy\" decoding=\"async\" width=\"900\" height=\"900\" data-id=\"28587\" src=\"http:\/\/sp1.kielce.eu\/wp-content\/uploads\/2023\/05\/IMG_8393-Copy.jpeg\" alt=\"\" class=\"wp-image-28587\" srcset=\"https:\/\/sp1.kielce.eu\/wp-content\/uploads\/2023\/05\/IMG_8393-Copy.jpeg 900w, https:\/\/sp1.kielce.eu\/wp-content\/uploads\/2023\/05\/IMG_8393-Copy-300x300.jpeg 300w, https:\/\/sp1.kielce.eu\/wp-content\/uploads\/2023\/05\/IMG_8393-Copy-150x150.jpeg 150w, https:\/\/sp1.kielce.eu\/wp-content\/uploads\/2023\/05\/IMG_8393-Copy-768x768.jpeg 768w, https:\/\/sp1.kielce.eu\/wp-content\/uploads\/2023\/05\/IMG_8393-Copy-820x820.jpeg 820w\" sizes=\"auto, (max-width: 900px) 100vw, 900px\" \/><\/a><\/figure>\n\n\n\n<figure class=\"wp-block-image size-large\"><a href=\"http:\/\/sp1.kielce.eu\/wp-content\/uploads\/2023\/05\/IMG_8394-Copy.jpeg\"><img loading=\"lazy\" decoding=\"async\" width=\"900\" height=\"900\" data-id=\"28588\" src=\"http:\/\/sp1.kielce.eu\/wp-content\/uploads\/2023\/05\/IMG_8394-Copy.jpeg\" alt=\"\" class=\"wp-image-28588\" srcset=\"https:\/\/sp1.kielce.eu\/wp-content\/uploads\/2023\/05\/IMG_8394-Copy.jpeg 900w, https:\/\/sp1.kielce.eu\/wp-content\/uploads\/2023\/05\/IMG_8394-Copy-300x300.jpeg 300w, https:\/\/sp1.kielce.eu\/wp-content\/uploads\/2023\/05\/IMG_8394-Copy-150x150.jpeg 150w, https:\/\/sp1.kielce.eu\/wp-content\/uploads\/2023\/05\/IMG_8394-Copy-768x768.jpeg 768w, https:\/\/sp1.kielce.eu\/wp-content\/uploads\/2023\/05\/IMG_8394-Copy-820x820.jpeg 820w\" sizes=\"auto, (max-width: 900px) 100vw, 900px\" \/><\/a><\/figure>\n<\/figure>\n","protected":false},"excerpt":{"rendered":"<p>G\u0142\u00f3wnym za\u0142o\u017ceniem projektu by\u0142a integracja oddzia\u0142\u00f3w, w kt\u00f3rych s\u0105 dzieci z Polski i Ukrainy. Najlepsz\u0105 [&hellip;]<\/p>\n","protected":false},"author":13,"featured_media":28590,"comment_status":"closed","ping_status":"","sticky":false,"template":"","format":"standard","meta":{"footnotes":""},"categories":[36],"tags":[],"class_list":["post-28586","post","type-post","status-publish","format-standard","has-post-thumbnail","hentry","category-wydarzenia"],"_links":{"self":[{"href":"https:\/\/sp1.kielce.eu\/index.php\/wp-json\/wp\/v2\/posts\/28586","targetHints":{"allow":["GET"]}}],"collection":[{"href":"https:\/\/sp1.kielce.eu\/index.php\/wp-json\/wp\/v2\/posts"}],"about":[{"href":"https:\/\/sp1.kielce.eu\/index.php\/wp-json\/wp\/v2\/types\/post"}],"author":[{"embeddable":true,"href":"https:\/\/sp1.kielce.eu\/index.php\/wp-json\/wp\/v2\/users\/13"}],"replies":[{"embeddable":true,"href":"https:\/\/sp1.kielce.eu\/index.php\/wp-json\/wp\/v2\/comments?post=28586"}],"version-history":[{"count":2,"href":"https:\/\/sp1.kielce.eu\/index.php\/wp-json\/wp\/v2\/posts\/28586\/revisions"}],"predecessor-version":[{"id":28592,"href":"https:\/\/sp1.kielce.eu\/index.php\/wp-json\/wp\/v2\/posts\/28586\/revisions\/28592"}],"wp:featuredmedia":[{"embeddable":true,"href":"https:\/\/sp1.kielce.eu\/index.php\/wp-json\/wp\/v2\/media\/28590"}],"wp:attachment":[{"href":"https:\/\/sp1.kielce.eu\/index.php\/wp-json\/wp\/v2\/media?parent=28586"}],"wp:term":[{"taxonomy":"category","embeddable":true,"href":"https:\/\/sp1.kielce.eu\/index.php\/wp-json\/wp\/v2\/categories?post=28586"},{"taxonomy":"post_tag","embeddable":true,"href":"https:\/\/sp1.kielce.eu\/index.php\/wp-json\/wp\/v2\/tags?post=28586"}],"curies":[{"name":"wp","href":"https:\/\/api.w.org\/{rel}","templated":true}]}}