{"id":28546,"date":"2023-05-26T14:48:17","date_gmt":"2023-05-26T12:48:17","guid":{"rendered":"http:\/\/sp1.kielce.eu\/?p=28546"},"modified":"2023-05-26T14:48:17","modified_gmt":"2023-05-26T12:48:17","slug":"dzien-rodziny-w-jedynce-2","status":"publish","type":"post","link":"https:\/\/sp1.kielce.eu\/index.php\/2023\/05\/26\/dzien-rodziny-w-jedynce-2\/","title":{"rendered":"Dzie\u0144 Rodziny w Jedynce!"},"content":{"rendered":"\n<p>W dniu 18 maja w\u00a0naszej szkole \u015bwi\u0119towali\u015bmy Dzie\u0144 Rodziny. Rodzina to wsp\u00f3lnota, kt\u00f3r\u0105 \u0142\u0105cz\u0105 mi\u0142o\u015b\u0107, wzajemne wsparcie i\u00a0pomoc w\u00a0ka\u017cdej chwili. Rodzina to ludzie, kt\u00f3rzy s\u0105 zawsze z\u00a0nami, nawet w\u00a0najgorszych chwilach w\u00a0\u017cyciu.<\/p>\n\n\n\n<p>W tym pi\u0119knym dniu uczniowie klas pierwszych przygotowali wspania\u0142y wyst\u0119p, na kt\u00f3ry zaproszeni byli Rodzice. W&nbsp;programie uroczysto\u015bci dzieci zaprezentowa\u0142y wiele talent\u00f3w poniewa\u017c recytowa\u0142y wiersze, \u015bpiewa\u0142y w j\u0119zyku angielskim i&nbsp;niemieckim oraz ta\u0144czy\u0142y uk\u0142ady taneczne w&nbsp;tym specjalny taniec w&nbsp;stylu ludowym. Na koniec uczniowie wr\u0119czyli swoim Rodzicom samodzielnie przygotowane podarunki.<\/p>\n\n\n\n<p class=\"has-text-align-right\">Wychowawcy klas pierwszych<\/p>\n\n\n\n<p class=\"has-text-align-right\">Kinga Kozie\u0142<br>Agnieszka Siwek<br>Iwona Delipacy<\/p>\n\n\n\n<figure class=\"wp-block-video\"><video controls src=\"http:\/\/sp1.kielce.eu\/wp-content\/uploads\/2023\/05\/10000000_6274285882685562_8676256429959923690_n.mp4\"><\/video><\/figure>\n","protected":false},"excerpt":{"rendered":"<p>W dniu 18 maja w\u00a0naszej szkole \u015bwi\u0119towali\u015bmy Dzie\u0144 Rodziny. Rodzina to wsp\u00f3lnota, kt\u00f3r\u0105 \u0142\u0105cz\u0105 mi\u0142o\u015b\u0107, [&hellip;]<\/p>\n","protected":false},"author":13,"featured_media":28548,"comment_status":"closed","ping_status":"","sticky":false,"template":"","format":"standard","meta":{"footnotes":""},"categories":[36],"tags":[],"class_list":["post-28546","post","type-post","status-publish","format-standard","has-post-thumbnail","hentry","category-wydarzenia"],"_links":{"self":[{"href":"https:\/\/sp1.kielce.eu\/index.php\/wp-json\/wp\/v2\/posts\/28546","targetHints":{"allow":["GET"]}}],"collection":[{"href":"https:\/\/sp1.kielce.eu\/index.php\/wp-json\/wp\/v2\/posts"}],"about":[{"href":"https:\/\/sp1.kielce.eu\/index.php\/wp-json\/wp\/v2\/types\/post"}],"author":[{"embeddable":true,"href":"https:\/\/sp1.kielce.eu\/index.php\/wp-json\/wp\/v2\/users\/13"}],"replies":[{"embeddable":true,"href":"https:\/\/sp1.kielce.eu\/index.php\/wp-json\/wp\/v2\/comments?post=28546"}],"version-history":[{"count":1,"href":"https:\/\/sp1.kielce.eu\/index.php\/wp-json\/wp\/v2\/posts\/28546\/revisions"}],"predecessor-version":[{"id":28549,"href":"https:\/\/sp1.kielce.eu\/index.php\/wp-json\/wp\/v2\/posts\/28546\/revisions\/28549"}],"wp:featuredmedia":[{"embeddable":true,"href":"https:\/\/sp1.kielce.eu\/index.php\/wp-json\/wp\/v2\/media\/28548"}],"wp:attachment":[{"href":"https:\/\/sp1.kielce.eu\/index.php\/wp-json\/wp\/v2\/media?parent=28546"}],"wp:term":[{"taxonomy":"category","embeddable":true,"href":"https:\/\/sp1.kielce.eu\/index.php\/wp-json\/wp\/v2\/categories?post=28546"},{"taxonomy":"post_tag","embeddable":true,"href":"https:\/\/sp1.kielce.eu\/index.php\/wp-json\/wp\/v2\/tags?post=28546"}],"curies":[{"name":"wp","href":"https:\/\/api.w.org\/{rel}","templated":true}]}}