{"id":28450,"date":"2023-05-19T20:43:35","date_gmt":"2023-05-19T18:43:35","guid":{"rendered":"http:\/\/sp1.kielce.eu\/?p=28450"},"modified":"2023-05-19T20:43:35","modified_gmt":"2023-05-19T18:43:35","slug":"budowa-zdania-z-laboratoriami-przyszlosci","status":"publish","type":"post","link":"https:\/\/sp1.kielce.eu\/index.php\/2023\/05\/19\/budowa-zdania-z-laboratoriami-przyszlosci\/","title":{"rendered":"Budowa zdania z \u201eLaboratoriami przysz\u0142o\u015bci\u201d"},"content":{"rendered":"\n<p>W czwartek 18 maja uczniowie z klasy 2c budowali zdania i utrwalali informacje na temat cz\u0119\u015bci mowy z wykorzystaniem klock\u00f3w zakupionych w ramach programu \u201eLaboratoria przysz\u0142o\u015bci\u201d.<\/p>\n\n\n\n<p>Zadaniem uczni\u00f3w by\u0142o u\u0142o\u017cenie schemat\u00f3w, kt\u00f3re p\u00f3\u017aniej u\u0142atwia\u0142y uczniom budowanie hase\u0142 dotycz\u0105cych szkodliwego wp\u0142ywu palenia na zdrowie. Taka forma zaj\u0119\u0107 zawsze bardzo podoba si\u0119 uczniom i sprawia, \u017ce dzieci s\u0105 bardzo zaanga\u017cowane w ich przebieg.<\/p>\n\n\n\n<p>Laboratoria Przysz\u0142o\u015bci to inicjatywa edukacyjna realizowana przez Ministerstwo Edukacji i&nbsp;Nauki we wsp\u00f3\u0142pracy z&nbsp;Centrum GovTech w&nbsp;Kancelarii Prezesa Rady Ministr\u00f3w.<\/p>\n\n\n\n<p>Wychowawca klasy 2c<\/p>\n\n\n\n<p>Marta Pawlak<\/p>\n\n\n\n<figure class=\"wp-block-gallery has-nested-images columns-default is-cropped wp-block-gallery-1 is-layout-flex wp-block-gallery-is-layout-flex\">\n<figure class=\"wp-block-image size-large\"><img loading=\"lazy\" decoding=\"async\" width=\"640\" height=\"480\" data-id=\"28453\" src=\"http:\/\/sp1.kielce.eu\/wp-content\/uploads\/2023\/05\/IMG_20230518_140939-Copy.jpg\" alt=\"\" class=\"wp-image-28453\" srcset=\"https:\/\/sp1.kielce.eu\/wp-content\/uploads\/2023\/05\/IMG_20230518_140939-Copy.jpg 640w, https:\/\/sp1.kielce.eu\/wp-content\/uploads\/2023\/05\/IMG_20230518_140939-Copy-300x225.jpg 300w\" sizes=\"auto, (max-width: 640px) 100vw, 640px\" \/><\/figure>\n\n\n\n<figure class=\"wp-block-image size-large\"><img loading=\"lazy\" decoding=\"async\" width=\"640\" height=\"480\" data-id=\"28452\" src=\"http:\/\/sp1.kielce.eu\/wp-content\/uploads\/2023\/05\/IMG_20230518_140956-Copy.jpg\" alt=\"\" class=\"wp-image-28452\" srcset=\"https:\/\/sp1.kielce.eu\/wp-content\/uploads\/2023\/05\/IMG_20230518_140956-Copy.jpg 640w, https:\/\/sp1.kielce.eu\/wp-content\/uploads\/2023\/05\/IMG_20230518_140956-Copy-300x225.jpg 300w\" sizes=\"auto, (max-width: 640px) 100vw, 640px\" \/><\/figure>\n\n\n\n<figure class=\"wp-block-image size-large\"><img loading=\"lazy\" decoding=\"async\" width=\"360\" height=\"480\" data-id=\"28455\" src=\"http:\/\/sp1.kielce.eu\/wp-content\/uploads\/2023\/05\/IMG_20230518_140859-Copy.jpg\" alt=\"\" class=\"wp-image-28455\" srcset=\"https:\/\/sp1.kielce.eu\/wp-content\/uploads\/2023\/05\/IMG_20230518_140859-Copy.jpg 360w, https:\/\/sp1.kielce.eu\/wp-content\/uploads\/2023\/05\/IMG_20230518_140859-Copy-225x300.jpg 225w\" sizes=\"auto, (max-width: 360px) 100vw, 360px\" \/><\/figure>\n\n\n\n<figure class=\"wp-block-image size-large\"><img loading=\"lazy\" decoding=\"async\" width=\"360\" height=\"480\" data-id=\"28451\" src=\"http:\/\/sp1.kielce.eu\/wp-content\/uploads\/2023\/05\/IMG_20230518_140905-Copy.jpg\" alt=\"\" class=\"wp-image-28451\" srcset=\"https:\/\/sp1.kielce.eu\/wp-content\/uploads\/2023\/05\/IMG_20230518_140905-Copy.jpg 360w, https:\/\/sp1.kielce.eu\/wp-content\/uploads\/2023\/05\/IMG_20230518_140905-Copy-225x300.jpg 225w\" sizes=\"auto, (max-width: 360px) 100vw, 360px\" \/><\/figure>\n\n\n\n<figure class=\"wp-block-image size-large\"><img loading=\"lazy\" decoding=\"async\" width=\"360\" height=\"480\" data-id=\"28454\" src=\"http:\/\/sp1.kielce.eu\/wp-content\/uploads\/2023\/05\/IMG_20230518_140910-Copy.jpg\" alt=\"\" class=\"wp-image-28454\" srcset=\"https:\/\/sp1.kielce.eu\/wp-content\/uploads\/2023\/05\/IMG_20230518_140910-Copy.jpg 360w, https:\/\/sp1.kielce.eu\/wp-content\/uploads\/2023\/05\/IMG_20230518_140910-Copy-225x300.jpg 225w\" sizes=\"auto, (max-width: 360px) 100vw, 360px\" \/><\/figure>\n\n\n\n<figure class=\"wp-block-image size-large\"><img loading=\"lazy\" decoding=\"async\" width=\"640\" height=\"480\" data-id=\"28456\" src=\"http:\/\/sp1.kielce.eu\/wp-content\/uploads\/2023\/05\/IMG_20230518_140916-Copy.jpg\" alt=\"\" class=\"wp-image-28456\" srcset=\"https:\/\/sp1.kielce.eu\/wp-content\/uploads\/2023\/05\/IMG_20230518_140916-Copy.jpg 640w, https:\/\/sp1.kielce.eu\/wp-content\/uploads\/2023\/05\/IMG_20230518_140916-Copy-300x225.jpg 300w\" sizes=\"auto, (max-width: 640px) 100vw, 640px\" \/><\/figure>\n<\/figure>\n","protected":false},"excerpt":{"rendered":"<p>W czwartek 18 maja uczniowie z klasy 2c budowali zdania i utrwalali informacje na temat [&hellip;]<\/p>\n","protected":false},"author":14,"featured_media":28453,"comment_status":"closed","ping_status":"","sticky":false,"template":"","format":"standard","meta":{"footnotes":""},"categories":[36],"tags":[],"class_list":["post-28450","post","type-post","status-publish","format-standard","has-post-thumbnail","hentry","category-wydarzenia"],"_links":{"self":[{"href":"https:\/\/sp1.kielce.eu\/index.php\/wp-json\/wp\/v2\/posts\/28450","targetHints":{"allow":["GET"]}}],"collection":[{"href":"https:\/\/sp1.kielce.eu\/index.php\/wp-json\/wp\/v2\/posts"}],"about":[{"href":"https:\/\/sp1.kielce.eu\/index.php\/wp-json\/wp\/v2\/types\/post"}],"author":[{"embeddable":true,"href":"https:\/\/sp1.kielce.eu\/index.php\/wp-json\/wp\/v2\/users\/14"}],"replies":[{"embeddable":true,"href":"https:\/\/sp1.kielce.eu\/index.php\/wp-json\/wp\/v2\/comments?post=28450"}],"version-history":[{"count":1,"href":"https:\/\/sp1.kielce.eu\/index.php\/wp-json\/wp\/v2\/posts\/28450\/revisions"}],"predecessor-version":[{"id":28457,"href":"https:\/\/sp1.kielce.eu\/index.php\/wp-json\/wp\/v2\/posts\/28450\/revisions\/28457"}],"wp:featuredmedia":[{"embeddable":true,"href":"https:\/\/sp1.kielce.eu\/index.php\/wp-json\/wp\/v2\/media\/28453"}],"wp:attachment":[{"href":"https:\/\/sp1.kielce.eu\/index.php\/wp-json\/wp\/v2\/media?parent=28450"}],"wp:term":[{"taxonomy":"category","embeddable":true,"href":"https:\/\/sp1.kielce.eu\/index.php\/wp-json\/wp\/v2\/categories?post=28450"},{"taxonomy":"post_tag","embeddable":true,"href":"https:\/\/sp1.kielce.eu\/index.php\/wp-json\/wp\/v2\/tags?post=28450"}],"curies":[{"name":"wp","href":"https:\/\/api.w.org\/{rel}","templated":true}]}}