{"id":28386,"date":"2023-05-18T08:10:35","date_gmt":"2023-05-18T06:10:35","guid":{"rendered":"http:\/\/sp1.kielce.eu\/?p=28386"},"modified":"2023-05-18T08:10:35","modified_gmt":"2023-05-18T06:10:35","slug":"glosownie-na-nasza-szkole","status":"publish","type":"post","link":"https:\/\/sp1.kielce.eu\/index.php\/2023\/05\/18\/glosownie-na-nasza-szkole\/","title":{"rendered":"G\u0141OSOWNIE NA NASZ\u0104 SZKO\u0141\u0118"},"content":{"rendered":"\n<p>TO JU\u017b DZI\u015a!<\/p>\n\n\n\n<p>Prosimy o Pa\u0144stwa g\u0142osy na film o naszej szkole odno\u015bnie aktywno\u015bci fizycznej.<\/p>\n\n\n\n<p>G\u0142osowanie publiczno\u015bci w konkursie Pho3nix Active School rusza ju\u017c jutro, tj.17 maja 2023.<\/p>\n\n\n\n<p>G\u0142os trzeba odda\u0107 na stronie Pho3nix Kids, klikaj\u0105c w poni\u017cszy link i odnajduj\u0105c nasz\u0105 szko\u0142\u0119 wpisuj\u0105c jej nazw\u0119.<\/p>\n\n\n\n<figure class=\"wp-block-embed is-type-wp-embed is-provider-pho-3-nix-kids-polska wp-block-embed-pho-3-nix-kids-polska\"><div class=\"wp-block-embed__wrapper\">\n<blockquote class=\"wp-embedded-content\" data-secret=\"3ondlweW1I\"><a href=\"https:\/\/pho3nix-kids.com\/polska\/pho3nix-active-school\/\">Pho3nix Active School<\/a><\/blockquote><iframe loading=\"lazy\" class=\"wp-embedded-content\" sandbox=\"allow-scripts\" security=\"restricted\" style=\"position: absolute; clip: rect(1px, 1px, 1px, 1px);\" title=\"&#8222;Pho3nix Active School&#8221; &#8212; Pho3nix Kids Polska\" src=\"https:\/\/pho3nix-kids.com\/polska\/pho3nix-active-school\/embed\/#?secret=sDf1ov3hWE#?secret=3ondlweW1I\" data-secret=\"3ondlweW1I\" width=\"600\" height=\"338\" frameborder=\"0\" marginwidth=\"0\" marginheight=\"0\" scrolling=\"no\"><\/iframe>\n<\/div><\/figure>\n\n\n\n<p>WA\u017bNE<\/p>\n\n\n\n<p>&nbsp;1.Aby&nbsp;g\u0142os by\u0142 wa\u017cny nale\u017cy klikn\u0105\u0107 w link potwierdzaj\u0105cy, kt\u00f3ry otrzymasz na swoj\u0105 skrzynk\u0119 e-mail.<\/p>\n\n\n\n<p>2.&nbsp;Z jednego adresu e-mail mo\u017cna odda\u0107 jeden g\u0142os.<\/p>\n\n\n\n<p>3.Aby \u0142atwo znale\u017a\u0107 sw\u00f3j film, skorzystaj z wyszukiwarki wpisuj\u0105c nazw\u0119 szko\u0142y.<\/p>\n\n\n\n<p>Liczymy na Wasze g\u0142osy, aby\u015bmy mogli zgarn\u0105\u0107 nagrody dla naszych uczni\u00f3w.<\/p>\n\n\n\n<p>WALCZYMY O :<\/p>\n\n\n\n<h3 class=\"wp-block-heading\">Nagrody w g\u0142osowaniu publiczno\u015bci<\/h3>\n\n\n\n<p><strong>1 miejsce<\/strong>&nbsp;\u2013 sprz\u0119t sportowy o warto\u015bci<\/p>\n\n\n\n<p>12 500 z\u0142<br><strong>2 miejsce<\/strong>&nbsp;\u2013 sprz\u0119t sportowy o warto\u015bci<\/p>\n\n\n\n<p>7 500 z\u0142<br><strong>3 miejsce<\/strong>&nbsp;\u2013 sprz\u0119t sportowy o warto\u015bci<\/p>\n\n\n\n<p>5 000 z\u0142<\/p>\n\n\n\n<h3 class=\"wp-block-heading\">Nagrody Jury<\/h3>\n\n\n\n<p><strong>1 miejsce<\/strong>&nbsp;\u2013 sprz\u0119t sportowy o warto\u015bci<br>15 000 z\u0142<\/p>\n\n\n\n<p><strong>2 miejsce<\/strong>&nbsp;\u2013 sprz\u0119t sportowy o warto\u015bci<br>10 000 z\u0142<\/p>\n\n\n\n<p><strong>3 miejsce<\/strong>&nbsp;\u2013 sprz\u0119t sportowy o warto\u015bci<br>7 000 z\u0142<\/p>\n\n\n\n<p><strong>4 \u2013 7 miejsca<\/strong>&nbsp;\u2013 sprz\u0119t sportowy o warto\u015bci<br>4 500 z\u0142<\/p>\n\n\n\n<p><strong>Zbierajcie si\u0142y, zwerbujcie do g\u0142osowania przyjaci\u00f3\u0142, rodzin\u0119, koleg\u00f3w, s\u0105siad\u00f3w!<\/strong><\/p>\n\n\n\n<p><strong>&nbsp;Ka\u017cdy g\u0142os si\u0119 liczy!<\/strong><\/p>\n\n\n\n<p>G\u0142osowanie trwa do 24 maja 2023<\/p>\n\n\n\n<p>Nauczyciele&nbsp;<\/p>\n\n\n\n<p>Marta Wi\u0119ckowska<\/p>\n\n\n\n<p>Agnieszka Adamczyk<\/p>\n\n\n\n<p><\/p>\n\n\n\n<figure class=\"wp-block-gallery has-nested-images columns-default is-cropped wp-block-gallery-1 is-layout-flex wp-block-gallery-is-layout-flex\">\n<figure class=\"wp-block-image size-large\"><img loading=\"lazy\" decoding=\"async\" width=\"843\" height=\"843\" data-id=\"28387\" src=\"http:\/\/sp1.kielce.eu\/wp-content\/uploads\/2023\/05\/346477456_1092765754851026_4456836851734498579_n.jpg\" alt=\"\" class=\"wp-image-28387\" srcset=\"https:\/\/sp1.kielce.eu\/wp-content\/uploads\/2023\/05\/346477456_1092765754851026_4456836851734498579_n.jpg 843w, https:\/\/sp1.kielce.eu\/wp-content\/uploads\/2023\/05\/346477456_1092765754851026_4456836851734498579_n-300x300.jpg 300w, https:\/\/sp1.kielce.eu\/wp-content\/uploads\/2023\/05\/346477456_1092765754851026_4456836851734498579_n-150x150.jpg 150w, https:\/\/sp1.kielce.eu\/wp-content\/uploads\/2023\/05\/346477456_1092765754851026_4456836851734498579_n-768x768.jpg 768w, https:\/\/sp1.kielce.eu\/wp-content\/uploads\/2023\/05\/346477456_1092765754851026_4456836851734498579_n-820x820.jpg 820w\" sizes=\"auto, (max-width: 843px) 100vw, 843px\" \/><\/figure>\n<\/figure>\n","protected":false},"excerpt":{"rendered":"<p>TO JU\u017b DZI\u015a! Prosimy o Pa\u0144stwa g\u0142osy na film o naszej szkole odno\u015bnie aktywno\u015bci fizycznej. [&hellip;]<\/p>\n","protected":false},"author":5,"featured_media":28387,"comment_status":"closed","ping_status":"","sticky":false,"template":"","format":"standard","meta":{"footnotes":""},"categories":[36,11],"tags":[],"class_list":["post-28386","post","type-post","status-publish","format-standard","has-post-thumbnail","hentry","category-wydarzenia","category-zawody-sportowe"],"_links":{"self":[{"href":"https:\/\/sp1.kielce.eu\/index.php\/wp-json\/wp\/v2\/posts\/28386","targetHints":{"allow":["GET"]}}],"collection":[{"href":"https:\/\/sp1.kielce.eu\/index.php\/wp-json\/wp\/v2\/posts"}],"about":[{"href":"https:\/\/sp1.kielce.eu\/index.php\/wp-json\/wp\/v2\/types\/post"}],"author":[{"embeddable":true,"href":"https:\/\/sp1.kielce.eu\/index.php\/wp-json\/wp\/v2\/users\/5"}],"replies":[{"embeddable":true,"href":"https:\/\/sp1.kielce.eu\/index.php\/wp-json\/wp\/v2\/comments?post=28386"}],"version-history":[{"count":1,"href":"https:\/\/sp1.kielce.eu\/index.php\/wp-json\/wp\/v2\/posts\/28386\/revisions"}],"predecessor-version":[{"id":28388,"href":"https:\/\/sp1.kielce.eu\/index.php\/wp-json\/wp\/v2\/posts\/28386\/revisions\/28388"}],"wp:featuredmedia":[{"embeddable":true,"href":"https:\/\/sp1.kielce.eu\/index.php\/wp-json\/wp\/v2\/media\/28387"}],"wp:attachment":[{"href":"https:\/\/sp1.kielce.eu\/index.php\/wp-json\/wp\/v2\/media?parent=28386"}],"wp:term":[{"taxonomy":"category","embeddable":true,"href":"https:\/\/sp1.kielce.eu\/index.php\/wp-json\/wp\/v2\/categories?post=28386"},{"taxonomy":"post_tag","embeddable":true,"href":"https:\/\/sp1.kielce.eu\/index.php\/wp-json\/wp\/v2\/tags?post=28386"}],"curies":[{"name":"wp","href":"https:\/\/api.w.org\/{rel}","templated":true}]}}