{"id":28322,"date":"2023-05-16T09:22:33","date_gmt":"2023-05-16T07:22:33","guid":{"rendered":"http:\/\/sp1.kielce.eu\/?p=28322"},"modified":"2023-05-16T09:22:33","modified_gmt":"2023-05-16T07:22:33","slug":"czwartki-lekkoatletyczne-7","status":"publish","type":"post","link":"https:\/\/sp1.kielce.eu\/index.php\/2023\/05\/16\/czwartki-lekkoatletyczne-7\/","title":{"rendered":"Czwartki lekkoatletyczne"},"content":{"rendered":"\n<p>11.05.2023 nasza szko\u0142a wzi\u0119\u0142a udzia\u0142 w czwartkach lekkoatletycznych organizowanych przez MOSiR.<\/p>\n\n\n\n<p>Uczennice i uczniowie klas 5 i 6 reprezentowali nasz\u0105 szko\u0142\u0119 startuj\u0105c w nast\u0119puj\u0105cych kategoriach:<\/p>\n\n\n\n<p>&#8211; bieg na 60 metr\u00f3w;<\/p>\n\n\n\n<p>&#8211; skok w dal;<\/p>\n\n\n\n<p>&#8211; rzut pi\u0142eczk\u0105 palantow\u0105.<\/p>\n\n\n\n<p>Nauczyciel<\/p>\n\n\n\n<p>Agnieszka Adamczyk\u00a0<\/p>\n\n\n\n<figure class=\"wp-block-gallery has-nested-images columns-default is-cropped wp-block-gallery-1 is-layout-flex wp-block-gallery-is-layout-flex\">\n<figure class=\"wp-block-image size-large\"><a href=\"http:\/\/sp1.kielce.eu\/wp-content\/uploads\/2023\/05\/IMG_20230515_082700_424.webp\"><img loading=\"lazy\" decoding=\"async\" width=\"506\" height=\"900\" data-id=\"28323\" src=\"http:\/\/sp1.kielce.eu\/wp-content\/uploads\/2023\/05\/IMG_20230515_082700_424-506x900.webp\" alt=\"\" class=\"wp-image-28323\" srcset=\"https:\/\/sp1.kielce.eu\/wp-content\/uploads\/2023\/05\/IMG_20230515_082700_424-506x900.webp 506w, https:\/\/sp1.kielce.eu\/wp-content\/uploads\/2023\/05\/IMG_20230515_082700_424-169x300.webp 169w, https:\/\/sp1.kielce.eu\/wp-content\/uploads\/2023\/05\/IMG_20230515_082700_424-768x1365.webp 768w, https:\/\/sp1.kielce.eu\/wp-content\/uploads\/2023\/05\/IMG_20230515_082700_424-864x1536.webp 864w, https:\/\/sp1.kielce.eu\/wp-content\/uploads\/2023\/05\/IMG_20230515_082700_424-820x1458.webp 820w, https:\/\/sp1.kielce.eu\/wp-content\/uploads\/2023\/05\/IMG_20230515_082700_424.webp 1080w\" sizes=\"auto, (max-width: 506px) 100vw, 506px\" \/><\/a><\/figure>\n\n\n\n<figure class=\"wp-block-image size-large\"><a href=\"http:\/\/sp1.kielce.eu\/wp-content\/uploads\/2023\/05\/IMG_20230515_082728_659.webp\"><img loading=\"lazy\" decoding=\"async\" width=\"506\" height=\"900\" data-id=\"28324\" src=\"http:\/\/sp1.kielce.eu\/wp-content\/uploads\/2023\/05\/IMG_20230515_082728_659-506x900.webp\" alt=\"\" class=\"wp-image-28324\" srcset=\"https:\/\/sp1.kielce.eu\/wp-content\/uploads\/2023\/05\/IMG_20230515_082728_659-506x900.webp 506w, https:\/\/sp1.kielce.eu\/wp-content\/uploads\/2023\/05\/IMG_20230515_082728_659-169x300.webp 169w, https:\/\/sp1.kielce.eu\/wp-content\/uploads\/2023\/05\/IMG_20230515_082728_659-768x1365.webp 768w, https:\/\/sp1.kielce.eu\/wp-content\/uploads\/2023\/05\/IMG_20230515_082728_659-864x1536.webp 864w, https:\/\/sp1.kielce.eu\/wp-content\/uploads\/2023\/05\/IMG_20230515_082728_659-820x1458.webp 820w, https:\/\/sp1.kielce.eu\/wp-content\/uploads\/2023\/05\/IMG_20230515_082728_659.webp 1080w\" sizes=\"auto, (max-width: 506px) 100vw, 506px\" \/><\/a><\/figure>\n\n\n\n<figure class=\"wp-block-image size-large\"><a href=\"http:\/\/sp1.kielce.eu\/wp-content\/uploads\/2023\/05\/IMG_20230515_082756_331.webp\"><img loading=\"lazy\" decoding=\"async\" width=\"506\" height=\"900\" data-id=\"28327\" src=\"http:\/\/sp1.kielce.eu\/wp-content\/uploads\/2023\/05\/IMG_20230515_082756_331-506x900.webp\" alt=\"\" class=\"wp-image-28327\" srcset=\"https:\/\/sp1.kielce.eu\/wp-content\/uploads\/2023\/05\/IMG_20230515_082756_331-506x900.webp 506w, https:\/\/sp1.kielce.eu\/wp-content\/uploads\/2023\/05\/IMG_20230515_082756_331-169x300.webp 169w, https:\/\/sp1.kielce.eu\/wp-content\/uploads\/2023\/05\/IMG_20230515_082756_331-768x1365.webp 768w, https:\/\/sp1.kielce.eu\/wp-content\/uploads\/2023\/05\/IMG_20230515_082756_331-864x1536.webp 864w, https:\/\/sp1.kielce.eu\/wp-content\/uploads\/2023\/05\/IMG_20230515_082756_331-820x1458.webp 820w, https:\/\/sp1.kielce.eu\/wp-content\/uploads\/2023\/05\/IMG_20230515_082756_331.webp 1080w\" sizes=\"auto, (max-width: 506px) 100vw, 506px\" \/><\/a><\/figure>\n\n\n\n<figure class=\"wp-block-image size-large\"><a href=\"http:\/\/sp1.kielce.eu\/wp-content\/uploads\/2023\/05\/IMG_20230515_082831_550.webp\"><img loading=\"lazy\" decoding=\"async\" width=\"506\" height=\"900\" data-id=\"28325\" src=\"http:\/\/sp1.kielce.eu\/wp-content\/uploads\/2023\/05\/IMG_20230515_082831_550-506x900.webp\" alt=\"\" class=\"wp-image-28325\" srcset=\"https:\/\/sp1.kielce.eu\/wp-content\/uploads\/2023\/05\/IMG_20230515_082831_550-506x900.webp 506w, https:\/\/sp1.kielce.eu\/wp-content\/uploads\/2023\/05\/IMG_20230515_082831_550-169x300.webp 169w, https:\/\/sp1.kielce.eu\/wp-content\/uploads\/2023\/05\/IMG_20230515_082831_550-768x1365.webp 768w, https:\/\/sp1.kielce.eu\/wp-content\/uploads\/2023\/05\/IMG_20230515_082831_550-864x1536.webp 864w, https:\/\/sp1.kielce.eu\/wp-content\/uploads\/2023\/05\/IMG_20230515_082831_550-820x1458.webp 820w, https:\/\/sp1.kielce.eu\/wp-content\/uploads\/2023\/05\/IMG_20230515_082831_550.webp 1080w\" sizes=\"auto, (max-width: 506px) 100vw, 506px\" \/><\/a><\/figure>\n\n\n\n<figure class=\"wp-block-image size-large\"><a href=\"http:\/\/sp1.kielce.eu\/wp-content\/uploads\/2023\/05\/IMG_20230515_082851_190.webp\"><img loading=\"lazy\" decoding=\"async\" width=\"506\" height=\"900\" data-id=\"28326\" src=\"http:\/\/sp1.kielce.eu\/wp-content\/uploads\/2023\/05\/IMG_20230515_082851_190-506x900.webp\" alt=\"\" class=\"wp-image-28326\" srcset=\"https:\/\/sp1.kielce.eu\/wp-content\/uploads\/2023\/05\/IMG_20230515_082851_190-506x900.webp 506w, https:\/\/sp1.kielce.eu\/wp-content\/uploads\/2023\/05\/IMG_20230515_082851_190-169x300.webp 169w, https:\/\/sp1.kielce.eu\/wp-content\/uploads\/2023\/05\/IMG_20230515_082851_190-768x1365.webp 768w, https:\/\/sp1.kielce.eu\/wp-content\/uploads\/2023\/05\/IMG_20230515_082851_190-864x1536.webp 864w, https:\/\/sp1.kielce.eu\/wp-content\/uploads\/2023\/05\/IMG_20230515_082851_190-820x1458.webp 820w, https:\/\/sp1.kielce.eu\/wp-content\/uploads\/2023\/05\/IMG_20230515_082851_190.webp 1080w\" sizes=\"auto, (max-width: 506px) 100vw, 506px\" \/><\/a><\/figure>\n<\/figure>\n","protected":false},"excerpt":{"rendered":"<p>11.05.2023 nasza szko\u0142a wzi\u0119\u0142a udzia\u0142 w czwartkach lekkoatletycznych organizowanych przez MOSiR. Uczennice i uczniowie klas [&hellip;]<\/p>\n","protected":false},"author":5,"featured_media":28326,"comment_status":"closed","ping_status":"","sticky":false,"template":"","format":"standard","meta":{"footnotes":""},"categories":[36,11],"tags":[],"class_list":["post-28322","post","type-post","status-publish","format-standard","has-post-thumbnail","hentry","category-wydarzenia","category-zawody-sportowe"],"_links":{"self":[{"href":"https:\/\/sp1.kielce.eu\/index.php\/wp-json\/wp\/v2\/posts\/28322","targetHints":{"allow":["GET"]}}],"collection":[{"href":"https:\/\/sp1.kielce.eu\/index.php\/wp-json\/wp\/v2\/posts"}],"about":[{"href":"https:\/\/sp1.kielce.eu\/index.php\/wp-json\/wp\/v2\/types\/post"}],"author":[{"embeddable":true,"href":"https:\/\/sp1.kielce.eu\/index.php\/wp-json\/wp\/v2\/users\/5"}],"replies":[{"embeddable":true,"href":"https:\/\/sp1.kielce.eu\/index.php\/wp-json\/wp\/v2\/comments?post=28322"}],"version-history":[{"count":1,"href":"https:\/\/sp1.kielce.eu\/index.php\/wp-json\/wp\/v2\/posts\/28322\/revisions"}],"predecessor-version":[{"id":28328,"href":"https:\/\/sp1.kielce.eu\/index.php\/wp-json\/wp\/v2\/posts\/28322\/revisions\/28328"}],"wp:featuredmedia":[{"embeddable":true,"href":"https:\/\/sp1.kielce.eu\/index.php\/wp-json\/wp\/v2\/media\/28326"}],"wp:attachment":[{"href":"https:\/\/sp1.kielce.eu\/index.php\/wp-json\/wp\/v2\/media?parent=28322"}],"wp:term":[{"taxonomy":"category","embeddable":true,"href":"https:\/\/sp1.kielce.eu\/index.php\/wp-json\/wp\/v2\/categories?post=28322"},{"taxonomy":"post_tag","embeddable":true,"href":"https:\/\/sp1.kielce.eu\/index.php\/wp-json\/wp\/v2\/tags?post=28322"}],"curies":[{"name":"wp","href":"https:\/\/api.w.org\/{rel}","templated":true}]}}