{"id":28280,"date":"2023-05-15T03:15:47","date_gmt":"2023-05-15T01:15:47","guid":{"rendered":"http:\/\/sp1.kielce.eu\/?p=28280"},"modified":"2023-05-15T03:39:27","modified_gmt":"2023-05-15T01:39:27","slug":"majowe-swieta-w-kl-ii-b-i-iii-c","status":"publish","type":"post","link":"https:\/\/sp1.kielce.eu\/index.php\/2023\/05\/15\/majowe-swieta-w-kl-ii-b-i-iii-c\/","title":{"rendered":"Majowe \u015awi\u0119ta w kl. II b i III c."},"content":{"rendered":"\n<p>Przed nami Majowe \u015awi\u0119ta: 1 maja- \u015awi\u0119to Pracy, 2 maja- Dzie\u0144 Flagi Rzeczpospolitej Polskiej, 3 maja- Narodowe \u015awi\u0119to Konstytucji Trzeciego Maja. Uczniowie klas II b i III c chc\u0105c uczci\u0107 te wydarzenia wzi\u0119li udzia\u0142 w zaj\u0119ciach po\u015bwi\u0119conych historii i obchodom tych \u015bwi\u0105t. Podczas lekcji przypomnieli sobie najwa\u017cniejsze symbole narodowe i poznali wydarzenia z historii Polski. Obejrzeli film edukacyjny dotycz\u0105cy zbli\u017caj\u0105cych si\u0119 \u015bwi\u0105t. Rozmawiali na temat \u201e Konstytucji 3 Maja\u201d.Poznali wiadomo\u015bci dotycz\u0105ce powstania Mazurka D\u0105browskiego i jego autora. Wzi\u0119li udzia\u0142 w Konkursie patriotycznym, dotycz\u0105cym najwa\u017cniejszych wydarze\u0144, kt\u00f3re powinien zna\u0107 ka\u017cdy ucze\u0144. Rozwi\u0105zywali krzy\u017c\u00f3wk\u0119 o Polsce, naszym kraju ojczystym. By\u0142a to&nbsp; ciekawa lekcja patriotyzmu.<\/p>\n\n\n\n<p class=\"has-text-align-right\">K. Gola<br>K. Ostrowska<br>A. Szcze\u015bniak<\/p>\n\n\n\n<figure class=\"wp-block-gallery has-nested-images columns-default is-cropped wp-block-gallery-1 is-layout-flex wp-block-gallery-is-layout-flex\">\n<figure class=\"wp-block-image size-large\"><a href=\"http:\/\/sp1.kielce.eu\/wp-content\/uploads\/2023\/05\/1682607087731-Copy.jpg\"><img loading=\"lazy\" decoding=\"async\" width=\"678\" height=\"900\" data-id=\"28282\" src=\"http:\/\/sp1.kielce.eu\/wp-content\/uploads\/2023\/05\/1682607087731-Copy.jpg\" alt=\"\" class=\"wp-image-28282\" srcset=\"https:\/\/sp1.kielce.eu\/wp-content\/uploads\/2023\/05\/1682607087731-Copy.jpg 678w, https:\/\/sp1.kielce.eu\/wp-content\/uploads\/2023\/05\/1682607087731-Copy-226x300.jpg 226w\" sizes=\"auto, (max-width: 678px) 100vw, 678px\" \/><\/a><\/figure>\n\n\n\n<figure class=\"wp-block-image size-large\"><a href=\"http:\/\/sp1.kielce.eu\/wp-content\/uploads\/2023\/05\/1682607087738-Copy.jpg\"><img loading=\"lazy\" decoding=\"async\" width=\"678\" height=\"900\" data-id=\"28281\" src=\"http:\/\/sp1.kielce.eu\/wp-content\/uploads\/2023\/05\/1682607087738-Copy.jpg\" alt=\"\" class=\"wp-image-28281\" srcset=\"https:\/\/sp1.kielce.eu\/wp-content\/uploads\/2023\/05\/1682607087738-Copy.jpg 678w, https:\/\/sp1.kielce.eu\/wp-content\/uploads\/2023\/05\/1682607087738-Copy-226x300.jpg 226w\" sizes=\"auto, (max-width: 678px) 100vw, 678px\" \/><\/a><\/figure>\n\n\n\n<figure class=\"wp-block-image size-large\"><a href=\"http:\/\/sp1.kielce.eu\/wp-content\/uploads\/2023\/05\/1682607087750-Copy.jpg\"><img loading=\"lazy\" decoding=\"async\" width=\"678\" height=\"900\" data-id=\"28283\" src=\"http:\/\/sp1.kielce.eu\/wp-content\/uploads\/2023\/05\/1682607087750-Copy.jpg\" alt=\"\" class=\"wp-image-28283\" srcset=\"https:\/\/sp1.kielce.eu\/wp-content\/uploads\/2023\/05\/1682607087750-Copy.jpg 678w, https:\/\/sp1.kielce.eu\/wp-content\/uploads\/2023\/05\/1682607087750-Copy-226x300.jpg 226w\" sizes=\"auto, (max-width: 678px) 100vw, 678px\" \/><\/a><\/figure>\n<\/figure>\n","protected":false},"excerpt":{"rendered":"<p>Przed nami Majowe \u015awi\u0119ta: 1 maja- \u015awi\u0119to Pracy, 2 maja- Dzie\u0144 Flagi Rzeczpospolitej Polskiej, 3 [&hellip;]<\/p>\n","protected":false},"author":13,"featured_media":28288,"comment_status":"closed","ping_status":"","sticky":false,"template":"","format":"standard","meta":{"footnotes":""},"categories":[36],"tags":[],"class_list":["post-28280","post","type-post","status-publish","format-standard","has-post-thumbnail","hentry","category-wydarzenia"],"_links":{"self":[{"href":"https:\/\/sp1.kielce.eu\/index.php\/wp-json\/wp\/v2\/posts\/28280","targetHints":{"allow":["GET"]}}],"collection":[{"href":"https:\/\/sp1.kielce.eu\/index.php\/wp-json\/wp\/v2\/posts"}],"about":[{"href":"https:\/\/sp1.kielce.eu\/index.php\/wp-json\/wp\/v2\/types\/post"}],"author":[{"embeddable":true,"href":"https:\/\/sp1.kielce.eu\/index.php\/wp-json\/wp\/v2\/users\/13"}],"replies":[{"embeddable":true,"href":"https:\/\/sp1.kielce.eu\/index.php\/wp-json\/wp\/v2\/comments?post=28280"}],"version-history":[{"count":2,"href":"https:\/\/sp1.kielce.eu\/index.php\/wp-json\/wp\/v2\/posts\/28280\/revisions"}],"predecessor-version":[{"id":28287,"href":"https:\/\/sp1.kielce.eu\/index.php\/wp-json\/wp\/v2\/posts\/28280\/revisions\/28287"}],"wp:featuredmedia":[{"embeddable":true,"href":"https:\/\/sp1.kielce.eu\/index.php\/wp-json\/wp\/v2\/media\/28288"}],"wp:attachment":[{"href":"https:\/\/sp1.kielce.eu\/index.php\/wp-json\/wp\/v2\/media?parent=28280"}],"wp:term":[{"taxonomy":"category","embeddable":true,"href":"https:\/\/sp1.kielce.eu\/index.php\/wp-json\/wp\/v2\/categories?post=28280"},{"taxonomy":"post_tag","embeddable":true,"href":"https:\/\/sp1.kielce.eu\/index.php\/wp-json\/wp\/v2\/tags?post=28280"}],"curies":[{"name":"wp","href":"https:\/\/api.w.org\/{rel}","templated":true}]}}