{"id":28269,"date":"2023-05-14T15:06:45","date_gmt":"2023-05-14T13:06:45","guid":{"rendered":"http:\/\/sp1.kielce.eu\/?p=28269"},"modified":"2023-05-14T15:06:45","modified_gmt":"2023-05-14T13:06:45","slug":"przedstawienie-dwujezyczne-the-ugly-duckling","status":"publish","type":"post","link":"https:\/\/sp1.kielce.eu\/index.php\/2023\/05\/14\/przedstawienie-dwujezyczne-the-ugly-duckling\/","title":{"rendered":"PRZEDSTAWIENIE DWUJ\u0118ZYCZNE THE UGLY DUCKLING"},"content":{"rendered":"\n<p>W marcu uczniowie klas dwuj\u0119zycznych przygotowali niecodzienne wydarzenie dla swoich koleg\u00f3w i\u00a0kole\u017canek z\u00a0okolicznych przedszkoli, przedstawienie pt.\u00a0\u201dThe ugly duckling\u201d. Na wydarzenie zostali zaproszeni uczniowie z\u00a0Przedszkola Samorz\u0105dowego nr\u00a01, Przedszkola Samorz\u0105dowego nr\u00a032, a\u00a0tak\u017ce z\u00a0dw\u00f3ch oddzia\u0142\u00f3w Przedszkola Niepublicznego AQQ. Widzowie z\u00a0ogromnym zainteresowaniem obejrzeli gr\u0119 aktorsk\u0105 naszych uczni\u00f3w, a\u00a0tak\u017ce uk\u0142ad taneczny zaprezentowany przez uczennice z\u00a0klasy 3c. Na zako\u0144czenie dzieci z\u00a0przedszkoli zosta\u0142y zaproszenie do wsp\u00f3lnej zabawy przy piosenkach w\u00a0j\u0119zyku angielskim. <\/p>\n\n\n\n<p class=\"has-text-align-right\">Klaudia Gola<br>Agnieszka Siwek<br>Marta Pawlak<br>Katarzyna Ostrowska<\/p>\n\n\n\n<figure class=\"wp-block-video\"><video controls src=\"http:\/\/sp1.kielce.eu\/wp-content\/uploads\/2023\/05\/10000000_6395641750486161_7130040632828291335_n.mp4\"><\/video><\/figure>\n","protected":false},"excerpt":{"rendered":"<p>W marcu uczniowie klas dwuj\u0119zycznych przygotowali niecodzienne wydarzenie dla swoich koleg\u00f3w i\u00a0kole\u017canek z\u00a0okolicznych przedszkoli, przedstawienie [&hellip;]<\/p>\n","protected":false},"author":13,"featured_media":28272,"comment_status":"closed","ping_status":"","sticky":false,"template":"","format":"standard","meta":{"footnotes":""},"categories":[36],"tags":[],"class_list":["post-28269","post","type-post","status-publish","format-standard","has-post-thumbnail","hentry","category-wydarzenia"],"_links":{"self":[{"href":"https:\/\/sp1.kielce.eu\/index.php\/wp-json\/wp\/v2\/posts\/28269","targetHints":{"allow":["GET"]}}],"collection":[{"href":"https:\/\/sp1.kielce.eu\/index.php\/wp-json\/wp\/v2\/posts"}],"about":[{"href":"https:\/\/sp1.kielce.eu\/index.php\/wp-json\/wp\/v2\/types\/post"}],"author":[{"embeddable":true,"href":"https:\/\/sp1.kielce.eu\/index.php\/wp-json\/wp\/v2\/users\/13"}],"replies":[{"embeddable":true,"href":"https:\/\/sp1.kielce.eu\/index.php\/wp-json\/wp\/v2\/comments?post=28269"}],"version-history":[{"count":1,"href":"https:\/\/sp1.kielce.eu\/index.php\/wp-json\/wp\/v2\/posts\/28269\/revisions"}],"predecessor-version":[{"id":28271,"href":"https:\/\/sp1.kielce.eu\/index.php\/wp-json\/wp\/v2\/posts\/28269\/revisions\/28271"}],"wp:featuredmedia":[{"embeddable":true,"href":"https:\/\/sp1.kielce.eu\/index.php\/wp-json\/wp\/v2\/media\/28272"}],"wp:attachment":[{"href":"https:\/\/sp1.kielce.eu\/index.php\/wp-json\/wp\/v2\/media?parent=28269"}],"wp:term":[{"taxonomy":"category","embeddable":true,"href":"https:\/\/sp1.kielce.eu\/index.php\/wp-json\/wp\/v2\/categories?post=28269"},{"taxonomy":"post_tag","embeddable":true,"href":"https:\/\/sp1.kielce.eu\/index.php\/wp-json\/wp\/v2\/tags?post=28269"}],"curies":[{"name":"wp","href":"https:\/\/api.w.org\/{rel}","templated":true}]}}