{"id":28256,"date":"2023-05-12T15:47:46","date_gmt":"2023-05-12T13:47:46","guid":{"rendered":"http:\/\/sp1.kielce.eu\/?p=28256"},"modified":"2023-05-12T15:47:46","modified_gmt":"2023-05-12T13:47:46","slug":"warsztaty-taneczne-razem-w-jedynce-w-klasie-1a","status":"publish","type":"post","link":"https:\/\/sp1.kielce.eu\/index.php\/2023\/05\/12\/warsztaty-taneczne-razem-w-jedynce-w-klasie-1a\/","title":{"rendered":"WARSZTATY TANECZNE \u2013 \u201eRAZEM W JEDYNCE\u201d w klasie 1a"},"content":{"rendered":"\n<p>Zgodnie z\u00a0za\u0142o\u017ceniami projektu \u201eRazem w\u00a0jedynce\u201d dzieci z\u00a0klas bior\u0105cych udzia\u0142 w\u00a0projekcie b\u0119d\u0105 poznawa\u0107 elementy kultury polskiej, jak i\u00a0ukrai\u0144skiej. Taniec jest r\u00f3wnie\u017c takim elementem. Uczniowie klasy 1a jako pierwsi rozpocz\u0119li nauk\u0119 poloneza. Nasi uczniowie s\u0105 bardzo poj\u0119tni i\u00a0szybko nauczyli si\u0119 krok\u00f3w tego ta\u0144ca. Zach\u0119camy do obejrzenia relacji z\u00a0tych warsztat\u00f3w.<\/p>\n\n\n\n<p class=\"has-text-align-right\">Klaudia Gola- opiekun projektu<br>Agnieszka Adamczyk- nauczyciel wychowania fizycznego,<br>trener i s\u0119dzia taneczny<\/p>\n\n\n\n<figure class=\"wp-block-video\"><video controls src=\"http:\/\/sp1.kielce.eu\/wp-content\/uploads\/2023\/05\/345708823_9103909036346606_3415690061023039400_n.mp4\"><\/video><\/figure>\n","protected":false},"excerpt":{"rendered":"<p>Zgodnie z\u00a0za\u0142o\u017ceniami projektu \u201eRazem w\u00a0jedynce\u201d dzieci z\u00a0klas bior\u0105cych udzia\u0142 w\u00a0projekcie b\u0119d\u0105 poznawa\u0107 elementy kultury polskiej, [&hellip;]<\/p>\n","protected":false},"author":13,"featured_media":28258,"comment_status":"closed","ping_status":"","sticky":false,"template":"","format":"standard","meta":{"footnotes":""},"categories":[36],"tags":[],"class_list":["post-28256","post","type-post","status-publish","format-standard","has-post-thumbnail","hentry","category-wydarzenia"],"_links":{"self":[{"href":"https:\/\/sp1.kielce.eu\/index.php\/wp-json\/wp\/v2\/posts\/28256","targetHints":{"allow":["GET"]}}],"collection":[{"href":"https:\/\/sp1.kielce.eu\/index.php\/wp-json\/wp\/v2\/posts"}],"about":[{"href":"https:\/\/sp1.kielce.eu\/index.php\/wp-json\/wp\/v2\/types\/post"}],"author":[{"embeddable":true,"href":"https:\/\/sp1.kielce.eu\/index.php\/wp-json\/wp\/v2\/users\/13"}],"replies":[{"embeddable":true,"href":"https:\/\/sp1.kielce.eu\/index.php\/wp-json\/wp\/v2\/comments?post=28256"}],"version-history":[{"count":1,"href":"https:\/\/sp1.kielce.eu\/index.php\/wp-json\/wp\/v2\/posts\/28256\/revisions"}],"predecessor-version":[{"id":28259,"href":"https:\/\/sp1.kielce.eu\/index.php\/wp-json\/wp\/v2\/posts\/28256\/revisions\/28259"}],"wp:featuredmedia":[{"embeddable":true,"href":"https:\/\/sp1.kielce.eu\/index.php\/wp-json\/wp\/v2\/media\/28258"}],"wp:attachment":[{"href":"https:\/\/sp1.kielce.eu\/index.php\/wp-json\/wp\/v2\/media?parent=28256"}],"wp:term":[{"taxonomy":"category","embeddable":true,"href":"https:\/\/sp1.kielce.eu\/index.php\/wp-json\/wp\/v2\/categories?post=28256"},{"taxonomy":"post_tag","embeddable":true,"href":"https:\/\/sp1.kielce.eu\/index.php\/wp-json\/wp\/v2\/tags?post=28256"}],"curies":[{"name":"wp","href":"https:\/\/api.w.org\/{rel}","templated":true}]}}