{"id":28246,"date":"2023-05-12T15:42:22","date_gmt":"2023-05-12T13:42:22","guid":{"rendered":"http:\/\/sp1.kielce.eu\/?p=28246"},"modified":"2023-05-12T15:42:22","modified_gmt":"2023-05-12T13:42:22","slug":"projekt-razem-w-jedynce-warsztaty-plastyczne-klasa-1a","status":"publish","type":"post","link":"https:\/\/sp1.kielce.eu\/index.php\/2023\/05\/12\/projekt-razem-w-jedynce-warsztaty-plastyczne-klasa-1a\/","title":{"rendered":"PROJEKT \u201eRAZEM W JEDYNCE\u201d \u2013 WARSZTATY PLASTYCZNE klasa 1a"},"content":{"rendered":"\n<p class=\"has-text-align-left\">W trakcie warsztat\u00f3w plastycznych uczniowie klasy 1a przygotowali flagi polskie i&nbsp;ukrai\u0144skie. Ka\u017cdy z&nbsp;uczni\u00f3w dobrze pami\u0119ta\u0142, i\u017c flaga Polski jest w&nbsp;barwach bia\u0142o \u2013 czerwonych, za\u015b flaga Ukrainy w&nbsp;barwach niebiesko -\u017c\u00f3\u0142tych. Dzieci wykona\u0142y prace metod\u0105 wydzieranki z&nbsp;papier\u00f3w kolorowych. Prace wysz\u0142y pi\u0119knie, co mo\u017cna ujrze\u0107 na za\u0142\u0105czonych zdj\u0119ciach.<\/p>\n\n\n\n<p class=\"has-text-align-right\">Klaudia Gola- opiekun projektu<br>Iwona Delipacy- wychowawca klasy 1a<\/p>\n\n\n\n<figure class=\"wp-block-video\"><video controls src=\"http:\/\/sp1.kielce.eu\/wp-content\/uploads\/2023\/05\/VID-20230511-WA0001.mp4\"><\/video><\/figure>\n\n\n\n<p><\/p>\n","protected":false},"excerpt":{"rendered":"<p>W trakcie warsztat\u00f3w plastycznych uczniowie klasy 1a przygotowali flagi polskie i&nbsp;ukrai\u0144skie. Ka\u017cdy z&nbsp;uczni\u00f3w dobrze pami\u0119ta\u0142, [&hellip;]<\/p>\n","protected":false},"author":13,"featured_media":28250,"comment_status":"closed","ping_status":"","sticky":false,"template":"","format":"standard","meta":{"footnotes":""},"categories":[36],"tags":[],"class_list":["post-28246","post","type-post","status-publish","format-standard","has-post-thumbnail","hentry","category-wydarzenia"],"_links":{"self":[{"href":"https:\/\/sp1.kielce.eu\/index.php\/wp-json\/wp\/v2\/posts\/28246","targetHints":{"allow":["GET"]}}],"collection":[{"href":"https:\/\/sp1.kielce.eu\/index.php\/wp-json\/wp\/v2\/posts"}],"about":[{"href":"https:\/\/sp1.kielce.eu\/index.php\/wp-json\/wp\/v2\/types\/post"}],"author":[{"embeddable":true,"href":"https:\/\/sp1.kielce.eu\/index.php\/wp-json\/wp\/v2\/users\/13"}],"replies":[{"embeddable":true,"href":"https:\/\/sp1.kielce.eu\/index.php\/wp-json\/wp\/v2\/comments?post=28246"}],"version-history":[{"count":3,"href":"https:\/\/sp1.kielce.eu\/index.php\/wp-json\/wp\/v2\/posts\/28246\/revisions"}],"predecessor-version":[{"id":28251,"href":"https:\/\/sp1.kielce.eu\/index.php\/wp-json\/wp\/v2\/posts\/28246\/revisions\/28251"}],"wp:featuredmedia":[{"embeddable":true,"href":"https:\/\/sp1.kielce.eu\/index.php\/wp-json\/wp\/v2\/media\/28250"}],"wp:attachment":[{"href":"https:\/\/sp1.kielce.eu\/index.php\/wp-json\/wp\/v2\/media?parent=28246"}],"wp:term":[{"taxonomy":"category","embeddable":true,"href":"https:\/\/sp1.kielce.eu\/index.php\/wp-json\/wp\/v2\/categories?post=28246"},{"taxonomy":"post_tag","embeddable":true,"href":"https:\/\/sp1.kielce.eu\/index.php\/wp-json\/wp\/v2\/tags?post=28246"}],"curies":[{"name":"wp","href":"https:\/\/api.w.org\/{rel}","templated":true}]}}