{"id":28235,"date":"2023-05-11T13:09:15","date_gmt":"2023-05-11T11:09:15","guid":{"rendered":"http:\/\/sp1.kielce.eu\/?p=28235"},"modified":"2023-05-11T13:09:15","modified_gmt":"2023-05-11T11:09:15","slug":"uroczyste-obchody-8-maja-w-kielcach","status":"publish","type":"post","link":"https:\/\/sp1.kielce.eu\/index.php\/2023\/05\/11\/uroczyste-obchody-8-maja-w-kielcach\/","title":{"rendered":"UROCZYSTE OBCHODY 8 MAJA W KIELCACH"},"content":{"rendered":"\n<p>Delegacja pocztu sztandarowego SP\u00a0nr\u00a01 w\u00a0sk\u0142adzie: Maria Sobieraj, Natasza Malinowska i\u00a0Jakub Wujek oraz klasa 4b pod opiek\u0105 p.\u00a0Grzegorza Ko\u0142oma\u0144skiego wzi\u0119\u0142a udzia\u0142 w\u00a0uroczysto\u015bciach Narodowego Dnia Zwyci\u0119stwa na placu przed Wojew\u00f3dzkim Domem Kultury w\u00a0Kielcach. Jest to ju\u017c 78 rocznica zako\u0144czenia II\u00a0wojny \u015bwiatowej, najbardziej krwawej i\u00a0okrutnej ze wszystkich wojen. W\u00a0uroczysto\u015bciach patriotycznych wzi\u0119li udzia\u0142 przedstawiciele w\u0142adz Kielc na czele z\u00a0panem prezydentem Bogdanem Went\u0105 i\u00a0wojewod\u0105 kieleckim panem Zbigniewem Koniuszem. Pan wojewoda przypomnia\u0142 w\u00a0swoim przem\u00f3wieniu o\u00a0tym, \u017ce to kolejne wa\u017cne majowe \u015bwi\u0119to, a\u00a0data 8\u00a0maja 1945\u00a0roku by\u0142a dat\u0105 kapitulacji Niemiec i\u00a0zako\u0144czeniem II\u00a0wojny \u015bwiatowej, ale nie oznacza\u0142a jeszcze prawdziwej wolno\u015bci, do kt\u00f3rej wiod\u0142a Polak\u00f3w d\u0142uga i\u00a0bolesna droga. Na zako\u0144czenie przypomniano m\u0142odym, \u017ce o\u00a0Polsk\u0119 trzeba si\u0119 bi\u0107, \u017ce Polsk\u0119 trzeba szanowa\u0107 i\u00a0\u017ce w\u00a0Niej tak\u017ce nale\u017cy chcie\u0107 \u017cy\u0107, bo to nasza Ojczyzna. Kulminacyjnym punktem obchod\u00f3w Dnia Zwyci\u0119stwa by\u0142o wystrzelenie salw honorowych przez kompani\u0119 Niebieskich Beret\u00f3w z\u00a0Centrum Misji Zagranicznych na Buk\u00f3wce \u201ena cze\u015b\u0107 i\u00a0chwa\u0142\u0119 Bohaterom poleg\u0142ym na polu chwa\u0142y\u201d.<\/p>\n\n\n\n<p>W II cz\u0119\u015bci obchod\u00f3w delegacje w\u0142adz i&nbsp;poczty sztandarowe przesz\u0142y ulic\u0105 \u015aciegiennego na Cmentarz Stary w&nbsp;Kielcach, aby tam z\u0142o\u017cy\u0107 wie\u0144ce i&nbsp;zapali\u0107 znicze przy grobie \u017co\u0142nierzy AK.<\/p>\n\n\n\n<p>To by\u0142o bardzo godne uczczenie Narodowego Dnia Zwyci\u0119stwa w\u00a0Kielcach, w\u00a0kt\u00f3rych obchody w\u0142\u0105czy\u0142a si\u0119 r\u00f3wnie\u017c nasza szko\u0142a. <\/p>\n\n\n\n<p class=\"has-text-align-right\">Anna Borowska<\/p>\n\n\n\n<figure class=\"wp-block-gallery has-nested-images columns-4 is-cropped wp-block-gallery-1 is-layout-flex wp-block-gallery-is-layout-flex\">\n<figure class=\"wp-block-image size-large\"><a href=\"http:\/\/sp1.kielce.eu\/wp-content\/uploads\/2023\/05\/received_195774246195172-Copy.jpeg\"><img loading=\"lazy\" decoding=\"async\" width=\"1200\" height=\"900\" data-id=\"28237\" src=\"http:\/\/sp1.kielce.eu\/wp-content\/uploads\/2023\/05\/received_195774246195172-Copy.jpeg\" alt=\"\" class=\"wp-image-28237\" srcset=\"https:\/\/sp1.kielce.eu\/wp-content\/uploads\/2023\/05\/received_195774246195172-Copy.jpeg 1200w, https:\/\/sp1.kielce.eu\/wp-content\/uploads\/2023\/05\/received_195774246195172-Copy-300x225.jpeg 300w, https:\/\/sp1.kielce.eu\/wp-content\/uploads\/2023\/05\/received_195774246195172-Copy-768x576.jpeg 768w, https:\/\/sp1.kielce.eu\/wp-content\/uploads\/2023\/05\/received_195774246195172-Copy-820x615.jpeg 820w\" sizes=\"auto, (max-width: 1200px) 100vw, 1200px\" \/><\/a><\/figure>\n\n\n\n<figure class=\"wp-block-image size-large\"><a href=\"http:\/\/sp1.kielce.eu\/wp-content\/uploads\/2023\/05\/received_211940541598098-Copy.jpeg\"><img loading=\"lazy\" decoding=\"async\" width=\"1200\" height=\"900\" data-id=\"28239\" src=\"http:\/\/sp1.kielce.eu\/wp-content\/uploads\/2023\/05\/received_211940541598098-Copy.jpeg\" alt=\"\" class=\"wp-image-28239\" srcset=\"https:\/\/sp1.kielce.eu\/wp-content\/uploads\/2023\/05\/received_211940541598098-Copy.jpeg 1200w, https:\/\/sp1.kielce.eu\/wp-content\/uploads\/2023\/05\/received_211940541598098-Copy-300x225.jpeg 300w, https:\/\/sp1.kielce.eu\/wp-content\/uploads\/2023\/05\/received_211940541598098-Copy-768x576.jpeg 768w, https:\/\/sp1.kielce.eu\/wp-content\/uploads\/2023\/05\/received_211940541598098-Copy-820x615.jpeg 820w\" sizes=\"auto, (max-width: 1200px) 100vw, 1200px\" \/><\/a><\/figure>\n\n\n\n<figure class=\"wp-block-image size-large\"><a href=\"http:\/\/sp1.kielce.eu\/wp-content\/uploads\/2023\/05\/received_702862285178233-Copy.jpeg\"><img loading=\"lazy\" decoding=\"async\" width=\"1200\" height=\"900\" data-id=\"28236\" src=\"http:\/\/sp1.kielce.eu\/wp-content\/uploads\/2023\/05\/received_702862285178233-Copy.jpeg\" alt=\"\" class=\"wp-image-28236\" srcset=\"https:\/\/sp1.kielce.eu\/wp-content\/uploads\/2023\/05\/received_702862285178233-Copy.jpeg 1200w, https:\/\/sp1.kielce.eu\/wp-content\/uploads\/2023\/05\/received_702862285178233-Copy-300x225.jpeg 300w, https:\/\/sp1.kielce.eu\/wp-content\/uploads\/2023\/05\/received_702862285178233-Copy-768x576.jpeg 768w, https:\/\/sp1.kielce.eu\/wp-content\/uploads\/2023\/05\/received_702862285178233-Copy-820x615.jpeg 820w\" sizes=\"auto, (max-width: 1200px) 100vw, 1200px\" \/><\/a><\/figure>\n\n\n\n<figure class=\"wp-block-image size-large\"><a href=\"http:\/\/sp1.kielce.eu\/wp-content\/uploads\/2023\/05\/received_924731351905120-Copy.jpeg\"><img loading=\"lazy\" decoding=\"async\" width=\"1200\" height=\"900\" data-id=\"28241\" src=\"http:\/\/sp1.kielce.eu\/wp-content\/uploads\/2023\/05\/received_924731351905120-Copy.jpeg\" alt=\"\" class=\"wp-image-28241\" srcset=\"https:\/\/sp1.kielce.eu\/wp-content\/uploads\/2023\/05\/received_924731351905120-Copy.jpeg 1200w, https:\/\/sp1.kielce.eu\/wp-content\/uploads\/2023\/05\/received_924731351905120-Copy-300x225.jpeg 300w, https:\/\/sp1.kielce.eu\/wp-content\/uploads\/2023\/05\/received_924731351905120-Copy-768x576.jpeg 768w, https:\/\/sp1.kielce.eu\/wp-content\/uploads\/2023\/05\/received_924731351905120-Copy-820x615.jpeg 820w\" sizes=\"auto, (max-width: 1200px) 100vw, 1200px\" \/><\/a><\/figure>\n\n\n\n<figure class=\"wp-block-image size-large\"><a href=\"http:\/\/sp1.kielce.eu\/wp-content\/uploads\/2023\/05\/received_941058677211715-Copy.jpeg\"><img loading=\"lazy\" decoding=\"async\" width=\"1200\" height=\"900\" data-id=\"28238\" src=\"http:\/\/sp1.kielce.eu\/wp-content\/uploads\/2023\/05\/received_941058677211715-Copy.jpeg\" alt=\"\" class=\"wp-image-28238\" srcset=\"https:\/\/sp1.kielce.eu\/wp-content\/uploads\/2023\/05\/received_941058677211715-Copy.jpeg 1200w, https:\/\/sp1.kielce.eu\/wp-content\/uploads\/2023\/05\/received_941058677211715-Copy-300x225.jpeg 300w, https:\/\/sp1.kielce.eu\/wp-content\/uploads\/2023\/05\/received_941058677211715-Copy-768x576.jpeg 768w, https:\/\/sp1.kielce.eu\/wp-content\/uploads\/2023\/05\/received_941058677211715-Copy-820x615.jpeg 820w\" sizes=\"auto, (max-width: 1200px) 100vw, 1200px\" \/><\/a><\/figure>\n\n\n\n<figure class=\"wp-block-image size-large\"><a href=\"http:\/\/sp1.kielce.eu\/wp-content\/uploads\/2023\/05\/received_978999863115751-Copy.jpeg\"><img loading=\"lazy\" decoding=\"async\" width=\"1200\" height=\"900\" data-id=\"28240\" src=\"http:\/\/sp1.kielce.eu\/wp-content\/uploads\/2023\/05\/received_978999863115751-Copy.jpeg\" alt=\"\" class=\"wp-image-28240\" srcset=\"https:\/\/sp1.kielce.eu\/wp-content\/uploads\/2023\/05\/received_978999863115751-Copy.jpeg 1200w, https:\/\/sp1.kielce.eu\/wp-content\/uploads\/2023\/05\/received_978999863115751-Copy-300x225.jpeg 300w, https:\/\/sp1.kielce.eu\/wp-content\/uploads\/2023\/05\/received_978999863115751-Copy-768x576.jpeg 768w, https:\/\/sp1.kielce.eu\/wp-content\/uploads\/2023\/05\/received_978999863115751-Copy-820x615.jpeg 820w\" sizes=\"auto, (max-width: 1200px) 100vw, 1200px\" \/><\/a><\/figure>\n\n\n\n<figure class=\"wp-block-image size-large\"><a href=\"http:\/\/sp1.kielce.eu\/wp-content\/uploads\/2023\/05\/received_1058263648912147-Copy.jpeg\"><img loading=\"lazy\" decoding=\"async\" width=\"1200\" height=\"900\" data-id=\"28243\" src=\"http:\/\/sp1.kielce.eu\/wp-content\/uploads\/2023\/05\/received_1058263648912147-Copy.jpeg\" alt=\"\" class=\"wp-image-28243\" srcset=\"https:\/\/sp1.kielce.eu\/wp-content\/uploads\/2023\/05\/received_1058263648912147-Copy.jpeg 1200w, https:\/\/sp1.kielce.eu\/wp-content\/uploads\/2023\/05\/received_1058263648912147-Copy-300x225.jpeg 300w, https:\/\/sp1.kielce.eu\/wp-content\/uploads\/2023\/05\/received_1058263648912147-Copy-768x576.jpeg 768w, https:\/\/sp1.kielce.eu\/wp-content\/uploads\/2023\/05\/received_1058263648912147-Copy-820x615.jpeg 820w\" sizes=\"auto, (max-width: 1200px) 100vw, 1200px\" \/><\/a><\/figure>\n\n\n\n<figure class=\"wp-block-image size-large\"><a href=\"http:\/\/sp1.kielce.eu\/wp-content\/uploads\/2023\/05\/received_1173363706652730-Copy.jpeg\"><img loading=\"lazy\" decoding=\"async\" width=\"1200\" height=\"900\" data-id=\"28242\" src=\"http:\/\/sp1.kielce.eu\/wp-content\/uploads\/2023\/05\/received_1173363706652730-Copy.jpeg\" alt=\"\" class=\"wp-image-28242\" srcset=\"https:\/\/sp1.kielce.eu\/wp-content\/uploads\/2023\/05\/received_1173363706652730-Copy.jpeg 1200w, https:\/\/sp1.kielce.eu\/wp-content\/uploads\/2023\/05\/received_1173363706652730-Copy-300x225.jpeg 300w, https:\/\/sp1.kielce.eu\/wp-content\/uploads\/2023\/05\/received_1173363706652730-Copy-768x576.jpeg 768w, https:\/\/sp1.kielce.eu\/wp-content\/uploads\/2023\/05\/received_1173363706652730-Copy-820x615.jpeg 820w\" sizes=\"auto, (max-width: 1200px) 100vw, 1200px\" \/><\/a><\/figure>\n<\/figure>\n","protected":false},"excerpt":{"rendered":"<p>Delegacja pocztu sztandarowego SP\u00a0nr\u00a01 w\u00a0sk\u0142adzie: Maria Sobieraj, Natasza Malinowska i\u00a0Jakub Wujek oraz klasa 4b pod [&hellip;]<\/p>\n","protected":false},"author":13,"featured_media":28244,"comment_status":"closed","ping_status":"","sticky":false,"template":"","format":"standard","meta":{"footnotes":""},"categories":[36],"tags":[],"class_list":["post-28235","post","type-post","status-publish","format-standard","has-post-thumbnail","hentry","category-wydarzenia"],"_links":{"self":[{"href":"https:\/\/sp1.kielce.eu\/index.php\/wp-json\/wp\/v2\/posts\/28235","targetHints":{"allow":["GET"]}}],"collection":[{"href":"https:\/\/sp1.kielce.eu\/index.php\/wp-json\/wp\/v2\/posts"}],"about":[{"href":"https:\/\/sp1.kielce.eu\/index.php\/wp-json\/wp\/v2\/types\/post"}],"author":[{"embeddable":true,"href":"https:\/\/sp1.kielce.eu\/index.php\/wp-json\/wp\/v2\/users\/13"}],"replies":[{"embeddable":true,"href":"https:\/\/sp1.kielce.eu\/index.php\/wp-json\/wp\/v2\/comments?post=28235"}],"version-history":[{"count":1,"href":"https:\/\/sp1.kielce.eu\/index.php\/wp-json\/wp\/v2\/posts\/28235\/revisions"}],"predecessor-version":[{"id":28245,"href":"https:\/\/sp1.kielce.eu\/index.php\/wp-json\/wp\/v2\/posts\/28235\/revisions\/28245"}],"wp:featuredmedia":[{"embeddable":true,"href":"https:\/\/sp1.kielce.eu\/index.php\/wp-json\/wp\/v2\/media\/28244"}],"wp:attachment":[{"href":"https:\/\/sp1.kielce.eu\/index.php\/wp-json\/wp\/v2\/media?parent=28235"}],"wp:term":[{"taxonomy":"category","embeddable":true,"href":"https:\/\/sp1.kielce.eu\/index.php\/wp-json\/wp\/v2\/categories?post=28235"},{"taxonomy":"post_tag","embeddable":true,"href":"https:\/\/sp1.kielce.eu\/index.php\/wp-json\/wp\/v2\/tags?post=28235"}],"curies":[{"name":"wp","href":"https:\/\/api.w.org\/{rel}","templated":true}]}}