{"id":28086,"date":"2023-05-05T08:46:47","date_gmt":"2023-05-05T06:46:47","guid":{"rendered":"http:\/\/sp1.kielce.eu\/?p=28086"},"modified":"2023-05-05T08:46:47","modified_gmt":"2023-05-05T06:46:47","slug":"udzial-pocztu-sztandarowego-szkoly-w-obchodach-dnia-flagi-rzeczypospolitej-polskiej","status":"publish","type":"post","link":"https:\/\/sp1.kielce.eu\/index.php\/2023\/05\/05\/udzial-pocztu-sztandarowego-szkoly-w-obchodach-dnia-flagi-rzeczypospolitej-polskiej\/","title":{"rendered":"Udzia\u0142 Pocztu Sztandarowego Szko\u0142y w obchodach \u201eDnia Flagi Rzeczypospolitej Polskiej\u201d"},"content":{"rendered":"\n<p>Dnia <strong>2 maja 2023 r.<\/strong> o godz. 12.00 na Rynku przed Urz\u0119dem miasta Kielce odby\u0142y si\u0119 obchody z okazji <strong>\u201eDnia Flagi Rzeczypospolitej Polskiej\u201d<\/strong>. Udzia\u0142 w obchodach \u201e\u015awi\u0119ta Flagi\u201d wzi\u0119\u0142a tak\u017ce delegacja Pocztu Sztandarowego Szko\u0142y w sk\u0142adzie: <strong>Aleksandra Ga\u0142ecka, Maciej Kazuseki Karolina Plech.<\/strong><\/p>\n\n\n\n<p>Uroczysto\u015b\u0107 zgromadzi\u0142a przedstawicieli w\u0142adz miasta i powiatu, organizacji kombatanckich, stowarzysze\u0144, zwi\u0105zk\u00f3w i organizacji pozarz\u0105dowychoraz mieszka\u0144c\u00f3w Kielc.Przem\u00f3wienie okoliczno\u015bciowe wyg\u0142osi\u0142 Wojewoda \u015awi\u0119tokrzyski pan Zbigniew Koniusz. W czasie uroczysto\u015bci poczet flagowy wywiesi\u0142 na maszcie flag\u0119 narodow\u0105 i od\u015bpiewano hymn pa\u0144stwowy. Obchody \u201eDnia Flagi Rzeczypospolitej Polskiej\u201d u\u015bwietni\u0142pokaz musztry paradnej w wykonaniu kompanii reprezentacyjnej Technikum Zawodowego im. \u017bo\u0142nierzy Si\u0142 Pokojowych ONZ Zak\u0142adu Doskonalenia Zawodowego w Kielcach. Uroczysto\u015b\u0107 zako\u0144czy\u0142a si\u0119 wr\u0119czeniem nagr\u00f3d laureatom&nbsp; XII Mi\u0119dzyszkolnego Turnieju Poczt\u00f3w Sztandarowych, w kt\u00f3rym nasza uczennica Karolina Plech w konkursiewiedzy na temat polskich symboli narodowychzdoby\u0142a I miejsce.<\/p>\n\n\n\n<p>Celem uroczysto\u015bci by\u0142o przybli\u017cenie znaczenia \u201eDnia Flagi Rzeczypospolitej Polskiej\u201d, kszta\u0142towanie postaw patriotycznych, poszerzenie zainteresowa\u0144 problematyk\u0105 patriotyzmu \u2013 bycia patriot\u0105.<\/p>\n\n\n\n<p>Opiekunowie:<\/p>\n\n\n\n<p>Marta Wi\u0119ckowska<br>Katarzyna Szostak<\/p>\n\n\n\n<figure class=\"wp-block-gallery has-nested-images columns-default is-cropped wp-block-gallery-1 is-layout-flex wp-block-gallery-is-layout-flex\">\n<figure class=\"wp-block-image size-large\"><a href=\"http:\/\/sp1.kielce.eu\/wp-content\/uploads\/2023\/05\/20230502_114403-Medium.jpg\"><img loading=\"lazy\" decoding=\"async\" width=\"1366\" height=\"664\" data-id=\"28092\" src=\"http:\/\/sp1.kielce.eu\/wp-content\/uploads\/2023\/05\/20230502_114403-Medium.jpg\" alt=\"\" class=\"wp-image-28092\" srcset=\"https:\/\/sp1.kielce.eu\/wp-content\/uploads\/2023\/05\/20230502_114403-Medium.jpg 1366w, https:\/\/sp1.kielce.eu\/wp-content\/uploads\/2023\/05\/20230502_114403-Medium-300x146.jpg 300w, https:\/\/sp1.kielce.eu\/wp-content\/uploads\/2023\/05\/20230502_114403-Medium-768x373.jpg 768w, https:\/\/sp1.kielce.eu\/wp-content\/uploads\/2023\/05\/20230502_114403-Medium-820x399.jpg 820w\" sizes=\"auto, (max-width: 1366px) 100vw, 1366px\" \/><\/a><\/figure>\n\n\n\n<figure class=\"wp-block-image size-large\"><a href=\"http:\/\/sp1.kielce.eu\/wp-content\/uploads\/2023\/05\/20230502_114406-Medium.jpg\"><img loading=\"lazy\" decoding=\"async\" width=\"1366\" height=\"664\" data-id=\"28091\" src=\"http:\/\/sp1.kielce.eu\/wp-content\/uploads\/2023\/05\/20230502_114406-Medium.jpg\" alt=\"\" class=\"wp-image-28091\" srcset=\"https:\/\/sp1.kielce.eu\/wp-content\/uploads\/2023\/05\/20230502_114406-Medium.jpg 1366w, https:\/\/sp1.kielce.eu\/wp-content\/uploads\/2023\/05\/20230502_114406-Medium-300x146.jpg 300w, https:\/\/sp1.kielce.eu\/wp-content\/uploads\/2023\/05\/20230502_114406-Medium-768x373.jpg 768w, https:\/\/sp1.kielce.eu\/wp-content\/uploads\/2023\/05\/20230502_114406-Medium-820x399.jpg 820w\" sizes=\"auto, (max-width: 1366px) 100vw, 1366px\" \/><\/a><\/figure>\n\n\n\n<figure class=\"wp-block-image size-large\"><a href=\"http:\/\/sp1.kielce.eu\/wp-content\/uploads\/2023\/05\/20230502_114721-Medium.jpg\"><img loading=\"lazy\" decoding=\"async\" width=\"1366\" height=\"664\" data-id=\"28088\" src=\"http:\/\/sp1.kielce.eu\/wp-content\/uploads\/2023\/05\/20230502_114721-Medium.jpg\" alt=\"\" class=\"wp-image-28088\" srcset=\"https:\/\/sp1.kielce.eu\/wp-content\/uploads\/2023\/05\/20230502_114721-Medium.jpg 1366w, https:\/\/sp1.kielce.eu\/wp-content\/uploads\/2023\/05\/20230502_114721-Medium-300x146.jpg 300w, https:\/\/sp1.kielce.eu\/wp-content\/uploads\/2023\/05\/20230502_114721-Medium-768x373.jpg 768w, https:\/\/sp1.kielce.eu\/wp-content\/uploads\/2023\/05\/20230502_114721-Medium-820x399.jpg 820w\" sizes=\"auto, (max-width: 1366px) 100vw, 1366px\" \/><\/a><\/figure>\n\n\n\n<figure class=\"wp-block-image size-large\"><a href=\"http:\/\/sp1.kielce.eu\/wp-content\/uploads\/2023\/05\/20230502_114727-Medium.jpg\"><img loading=\"lazy\" decoding=\"async\" width=\"1366\" height=\"664\" data-id=\"28090\" src=\"http:\/\/sp1.kielce.eu\/wp-content\/uploads\/2023\/05\/20230502_114727-Medium.jpg\" alt=\"\" class=\"wp-image-28090\" srcset=\"https:\/\/sp1.kielce.eu\/wp-content\/uploads\/2023\/05\/20230502_114727-Medium.jpg 1366w, https:\/\/sp1.kielce.eu\/wp-content\/uploads\/2023\/05\/20230502_114727-Medium-300x146.jpg 300w, https:\/\/sp1.kielce.eu\/wp-content\/uploads\/2023\/05\/20230502_114727-Medium-768x373.jpg 768w, https:\/\/sp1.kielce.eu\/wp-content\/uploads\/2023\/05\/20230502_114727-Medium-820x399.jpg 820w\" sizes=\"auto, (max-width: 1366px) 100vw, 1366px\" \/><\/a><\/figure>\n\n\n\n<figure class=\"wp-block-image size-large\"><a href=\"http:\/\/sp1.kielce.eu\/wp-content\/uploads\/2023\/05\/20230502_115219-Medium.jpg\"><img loading=\"lazy\" decoding=\"async\" width=\"437\" height=\"900\" data-id=\"28087\" src=\"http:\/\/sp1.kielce.eu\/wp-content\/uploads\/2023\/05\/20230502_115219-Medium-437x900.jpg\" alt=\"\" class=\"wp-image-28087\" srcset=\"https:\/\/sp1.kielce.eu\/wp-content\/uploads\/2023\/05\/20230502_115219-Medium-437x900.jpg 437w, https:\/\/sp1.kielce.eu\/wp-content\/uploads\/2023\/05\/20230502_115219-Medium-146x300.jpg 146w, https:\/\/sp1.kielce.eu\/wp-content\/uploads\/2023\/05\/20230502_115219-Medium.jpg 664w\" sizes=\"auto, (max-width: 437px) 100vw, 437px\" \/><\/a><\/figure>\n\n\n\n<figure class=\"wp-block-image size-large\"><a href=\"http:\/\/sp1.kielce.eu\/wp-content\/uploads\/2023\/05\/20230502_121409-Medium.jpg\"><img loading=\"lazy\" decoding=\"async\" width=\"1366\" height=\"664\" data-id=\"28089\" src=\"http:\/\/sp1.kielce.eu\/wp-content\/uploads\/2023\/05\/20230502_121409-Medium.jpg\" alt=\"\" class=\"wp-image-28089\" srcset=\"https:\/\/sp1.kielce.eu\/wp-content\/uploads\/2023\/05\/20230502_121409-Medium.jpg 1366w, https:\/\/sp1.kielce.eu\/wp-content\/uploads\/2023\/05\/20230502_121409-Medium-300x146.jpg 300w, https:\/\/sp1.kielce.eu\/wp-content\/uploads\/2023\/05\/20230502_121409-Medium-768x373.jpg 768w, https:\/\/sp1.kielce.eu\/wp-content\/uploads\/2023\/05\/20230502_121409-Medium-820x399.jpg 820w\" sizes=\"auto, (max-width: 1366px) 100vw, 1366px\" \/><\/a><\/figure>\n\n\n\n<figure class=\"wp-block-image size-large\"><a href=\"http:\/\/sp1.kielce.eu\/wp-content\/uploads\/2023\/05\/20230502_122615-Medium.jpg\"><img loading=\"lazy\" decoding=\"async\" width=\"1366\" height=\"664\" data-id=\"28093\" src=\"http:\/\/sp1.kielce.eu\/wp-content\/uploads\/2023\/05\/20230502_122615-Medium.jpg\" alt=\"\" class=\"wp-image-28093\" srcset=\"https:\/\/sp1.kielce.eu\/wp-content\/uploads\/2023\/05\/20230502_122615-Medium.jpg 1366w, https:\/\/sp1.kielce.eu\/wp-content\/uploads\/2023\/05\/20230502_122615-Medium-300x146.jpg 300w, https:\/\/sp1.kielce.eu\/wp-content\/uploads\/2023\/05\/20230502_122615-Medium-768x373.jpg 768w, https:\/\/sp1.kielce.eu\/wp-content\/uploads\/2023\/05\/20230502_122615-Medium-820x399.jpg 820w\" sizes=\"auto, (max-width: 1366px) 100vw, 1366px\" \/><\/a><\/figure>\n\n\n\n<figure class=\"wp-block-image size-large\"><a href=\"http:\/\/sp1.kielce.eu\/wp-content\/uploads\/2023\/05\/20230502_122634-Medium.jpg\"><img loading=\"lazy\" decoding=\"async\" width=\"1366\" height=\"664\" data-id=\"28094\" src=\"http:\/\/sp1.kielce.eu\/wp-content\/uploads\/2023\/05\/20230502_122634-Medium.jpg\" alt=\"\" class=\"wp-image-28094\" srcset=\"https:\/\/sp1.kielce.eu\/wp-content\/uploads\/2023\/05\/20230502_122634-Medium.jpg 1366w, https:\/\/sp1.kielce.eu\/wp-content\/uploads\/2023\/05\/20230502_122634-Medium-300x146.jpg 300w, https:\/\/sp1.kielce.eu\/wp-content\/uploads\/2023\/05\/20230502_122634-Medium-768x373.jpg 768w, https:\/\/sp1.kielce.eu\/wp-content\/uploads\/2023\/05\/20230502_122634-Medium-820x399.jpg 820w\" sizes=\"auto, (max-width: 1366px) 100vw, 1366px\" \/><\/a><\/figure>\n\n\n\n<figure class=\"wp-block-image size-large\"><a href=\"http:\/\/sp1.kielce.eu\/wp-content\/uploads\/2023\/05\/20230502_122821-Medium.jpg\"><img loading=\"lazy\" decoding=\"async\" width=\"1366\" height=\"664\" data-id=\"28095\" src=\"http:\/\/sp1.kielce.eu\/wp-content\/uploads\/2023\/05\/20230502_122821-Medium.jpg\" alt=\"\" class=\"wp-image-28095\" srcset=\"https:\/\/sp1.kielce.eu\/wp-content\/uploads\/2023\/05\/20230502_122821-Medium.jpg 1366w, https:\/\/sp1.kielce.eu\/wp-content\/uploads\/2023\/05\/20230502_122821-Medium-300x146.jpg 300w, https:\/\/sp1.kielce.eu\/wp-content\/uploads\/2023\/05\/20230502_122821-Medium-768x373.jpg 768w, https:\/\/sp1.kielce.eu\/wp-content\/uploads\/2023\/05\/20230502_122821-Medium-820x399.jpg 820w\" sizes=\"auto, (max-width: 1366px) 100vw, 1366px\" \/><\/a><\/figure>\n<\/figure>\n","protected":false},"excerpt":{"rendered":"<p>Dnia 2 maja 2023 r. o godz. 12.00 na Rynku przed Urz\u0119dem miasta Kielce odby\u0142y [&hellip;]<\/p>\n","protected":false},"author":5,"featured_media":28091,"comment_status":"closed","ping_status":"","sticky":false,"template":"","format":"standard","meta":{"footnotes":""},"categories":[36,192],"tags":[],"class_list":["post-28086","post","type-post","status-publish","format-standard","has-post-thumbnail","hentry","category-wydarzenia","category-poczet"],"_links":{"self":[{"href":"https:\/\/sp1.kielce.eu\/index.php\/wp-json\/wp\/v2\/posts\/28086","targetHints":{"allow":["GET"]}}],"collection":[{"href":"https:\/\/sp1.kielce.eu\/index.php\/wp-json\/wp\/v2\/posts"}],"about":[{"href":"https:\/\/sp1.kielce.eu\/index.php\/wp-json\/wp\/v2\/types\/post"}],"author":[{"embeddable":true,"href":"https:\/\/sp1.kielce.eu\/index.php\/wp-json\/wp\/v2\/users\/5"}],"replies":[{"embeddable":true,"href":"https:\/\/sp1.kielce.eu\/index.php\/wp-json\/wp\/v2\/comments?post=28086"}],"version-history":[{"count":1,"href":"https:\/\/sp1.kielce.eu\/index.php\/wp-json\/wp\/v2\/posts\/28086\/revisions"}],"predecessor-version":[{"id":28096,"href":"https:\/\/sp1.kielce.eu\/index.php\/wp-json\/wp\/v2\/posts\/28086\/revisions\/28096"}],"wp:featuredmedia":[{"embeddable":true,"href":"https:\/\/sp1.kielce.eu\/index.php\/wp-json\/wp\/v2\/media\/28091"}],"wp:attachment":[{"href":"https:\/\/sp1.kielce.eu\/index.php\/wp-json\/wp\/v2\/media?parent=28086"}],"wp:term":[{"taxonomy":"category","embeddable":true,"href":"https:\/\/sp1.kielce.eu\/index.php\/wp-json\/wp\/v2\/categories?post=28086"},{"taxonomy":"post_tag","embeddable":true,"href":"https:\/\/sp1.kielce.eu\/index.php\/wp-json\/wp\/v2\/tags?post=28086"}],"curies":[{"name":"wp","href":"https:\/\/api.w.org\/{rel}","templated":true}]}}