{"id":28076,"date":"2023-05-05T08:43:04","date_gmt":"2023-05-05T06:43:04","guid":{"rendered":"http:\/\/sp1.kielce.eu\/?p=28076"},"modified":"2023-05-05T08:43:04","modified_gmt":"2023-05-05T06:43:04","slug":"artystyczne-formy-ruchu-3","status":"publish","type":"post","link":"https:\/\/sp1.kielce.eu\/index.php\/2023\/05\/05\/artystyczne-formy-ruchu-3\/","title":{"rendered":"Artystyczne Formy Ruchu"},"content":{"rendered":"\n<h1 class=\"wp-block-heading\"><strong>Artystyczne Formy Ruchu wyst\u0105pi\u0142y w dniu 28.04.2023 r. na Apelu z okazji \u015awi\u0105t Majowych. Uatrakcyjni\u0142y to wydarzenie niezwykle oryginalny ta\u0144cem z flagami.<\/strong><\/h1>\n\n\n\n<p>Opiekunowie:<br>Marta Wi\u0119ckowska<br>Ewa Nowak<\/p>\n\n\n\n<figure class=\"wp-block-gallery has-nested-images columns-default is-cropped wp-block-gallery-1 is-layout-flex wp-block-gallery-is-layout-flex\">\n<figure class=\"wp-block-image size-large\"><a href=\"http:\/\/sp1.kielce.eu\/wp-content\/uploads\/2023\/05\/flaga.jpg\"><img loading=\"lazy\" decoding=\"async\" width=\"1400\" height=\"630\" data-id=\"28081\" src=\"http:\/\/sp1.kielce.eu\/wp-content\/uploads\/2023\/05\/flaga-1400x630.jpg\" alt=\"\" class=\"wp-image-28081\" srcset=\"https:\/\/sp1.kielce.eu\/wp-content\/uploads\/2023\/05\/flaga-1400x630.jpg 1400w, https:\/\/sp1.kielce.eu\/wp-content\/uploads\/2023\/05\/flaga-300x135.jpg 300w, https:\/\/sp1.kielce.eu\/wp-content\/uploads\/2023\/05\/flaga-768x346.jpg 768w, https:\/\/sp1.kielce.eu\/wp-content\/uploads\/2023\/05\/flaga-1536x691.jpg 1536w, https:\/\/sp1.kielce.eu\/wp-content\/uploads\/2023\/05\/flaga-820x369.jpg 820w, https:\/\/sp1.kielce.eu\/wp-content\/uploads\/2023\/05\/flaga.jpg 1600w\" sizes=\"auto, (max-width: 1400px) 100vw, 1400px\" \/><\/a><\/figure>\n\n\n\n<figure class=\"wp-block-image size-large\"><a href=\"http:\/\/sp1.kielce.eu\/wp-content\/uploads\/2023\/05\/flaga1.jpg\"><img loading=\"lazy\" decoding=\"async\" width=\"1280\" height=\"720\" data-id=\"28080\" src=\"http:\/\/sp1.kielce.eu\/wp-content\/uploads\/2023\/05\/flaga1.jpg\" alt=\"\" class=\"wp-image-28080\" srcset=\"https:\/\/sp1.kielce.eu\/wp-content\/uploads\/2023\/05\/flaga1.jpg 1280w, https:\/\/sp1.kielce.eu\/wp-content\/uploads\/2023\/05\/flaga1-300x169.jpg 300w, https:\/\/sp1.kielce.eu\/wp-content\/uploads\/2023\/05\/flaga1-768x432.jpg 768w, https:\/\/sp1.kielce.eu\/wp-content\/uploads\/2023\/05\/flaga1-820x461.jpg 820w\" sizes=\"auto, (max-width: 1280px) 100vw, 1280px\" \/><\/a><\/figure>\n\n\n\n<figure class=\"wp-block-image size-large\"><a href=\"http:\/\/sp1.kielce.eu\/wp-content\/uploads\/2023\/05\/flaga2.jpg\"><img loading=\"lazy\" decoding=\"async\" width=\"1280\" height=\"720\" data-id=\"28078\" src=\"http:\/\/sp1.kielce.eu\/wp-content\/uploads\/2023\/05\/flaga2.jpg\" alt=\"\" class=\"wp-image-28078\" srcset=\"https:\/\/sp1.kielce.eu\/wp-content\/uploads\/2023\/05\/flaga2.jpg 1280w, https:\/\/sp1.kielce.eu\/wp-content\/uploads\/2023\/05\/flaga2-300x169.jpg 300w, https:\/\/sp1.kielce.eu\/wp-content\/uploads\/2023\/05\/flaga2-768x432.jpg 768w, https:\/\/sp1.kielce.eu\/wp-content\/uploads\/2023\/05\/flaga2-820x461.jpg 820w\" sizes=\"auto, (max-width: 1280px) 100vw, 1280px\" \/><\/a><\/figure>\n\n\n\n<figure class=\"wp-block-image size-large\"><a href=\"http:\/\/sp1.kielce.eu\/wp-content\/uploads\/2023\/05\/flaga3.jpg\"><img loading=\"lazy\" decoding=\"async\" width=\"1280\" height=\"720\" data-id=\"28077\" src=\"http:\/\/sp1.kielce.eu\/wp-content\/uploads\/2023\/05\/flaga3.jpg\" alt=\"\" class=\"wp-image-28077\" srcset=\"https:\/\/sp1.kielce.eu\/wp-content\/uploads\/2023\/05\/flaga3.jpg 1280w, https:\/\/sp1.kielce.eu\/wp-content\/uploads\/2023\/05\/flaga3-300x169.jpg 300w, https:\/\/sp1.kielce.eu\/wp-content\/uploads\/2023\/05\/flaga3-768x432.jpg 768w, https:\/\/sp1.kielce.eu\/wp-content\/uploads\/2023\/05\/flaga3-820x461.jpg 820w\" sizes=\"auto, (max-width: 1280px) 100vw, 1280px\" \/><\/a><\/figure>\n\n\n\n<figure class=\"wp-block-image size-large\"><a href=\"http:\/\/sp1.kielce.eu\/wp-content\/uploads\/2023\/05\/flaga4.jpg\"><img loading=\"lazy\" decoding=\"async\" width=\"1280\" height=\"720\" data-id=\"28079\" src=\"http:\/\/sp1.kielce.eu\/wp-content\/uploads\/2023\/05\/flaga4.jpg\" alt=\"\" class=\"wp-image-28079\" srcset=\"https:\/\/sp1.kielce.eu\/wp-content\/uploads\/2023\/05\/flaga4.jpg 1280w, https:\/\/sp1.kielce.eu\/wp-content\/uploads\/2023\/05\/flaga4-300x169.jpg 300w, https:\/\/sp1.kielce.eu\/wp-content\/uploads\/2023\/05\/flaga4-768x432.jpg 768w, https:\/\/sp1.kielce.eu\/wp-content\/uploads\/2023\/05\/flaga4-820x461.jpg 820w\" sizes=\"auto, (max-width: 1280px) 100vw, 1280px\" \/><\/a><\/figure>\n\n\n\n<figure class=\"wp-block-image size-large\"><a href=\"http:\/\/sp1.kielce.eu\/wp-content\/uploads\/2023\/05\/flaga5.jpg\"><img loading=\"lazy\" decoding=\"async\" width=\"1400\" height=\"630\" data-id=\"28082\" src=\"http:\/\/sp1.kielce.eu\/wp-content\/uploads\/2023\/05\/flaga5-1400x630.jpg\" alt=\"\" class=\"wp-image-28082\" srcset=\"https:\/\/sp1.kielce.eu\/wp-content\/uploads\/2023\/05\/flaga5-1400x630.jpg 1400w, https:\/\/sp1.kielce.eu\/wp-content\/uploads\/2023\/05\/flaga5-300x135.jpg 300w, https:\/\/sp1.kielce.eu\/wp-content\/uploads\/2023\/05\/flaga5-768x346.jpg 768w, https:\/\/sp1.kielce.eu\/wp-content\/uploads\/2023\/05\/flaga5-1536x691.jpg 1536w, https:\/\/sp1.kielce.eu\/wp-content\/uploads\/2023\/05\/flaga5-820x369.jpg 820w, https:\/\/sp1.kielce.eu\/wp-content\/uploads\/2023\/05\/flaga5.jpg 1600w\" sizes=\"auto, (max-width: 1400px) 100vw, 1400px\" \/><\/a><\/figure>\n\n\n\n<figure class=\"wp-block-image size-large\"><a href=\"http:\/\/sp1.kielce.eu\/wp-content\/uploads\/2023\/05\/flaga6.jpg\"><img loading=\"lazy\" decoding=\"async\" width=\"1381\" height=\"880\" data-id=\"28083\" src=\"http:\/\/sp1.kielce.eu\/wp-content\/uploads\/2023\/05\/flaga6.jpg\" alt=\"\" class=\"wp-image-28083\" srcset=\"https:\/\/sp1.kielce.eu\/wp-content\/uploads\/2023\/05\/flaga6.jpg 1381w, https:\/\/sp1.kielce.eu\/wp-content\/uploads\/2023\/05\/flaga6-300x191.jpg 300w, https:\/\/sp1.kielce.eu\/wp-content\/uploads\/2023\/05\/flaga6-768x489.jpg 768w, https:\/\/sp1.kielce.eu\/wp-content\/uploads\/2023\/05\/flaga6-820x523.jpg 820w\" sizes=\"auto, (max-width: 1381px) 100vw, 1381px\" \/><\/a><\/figure>\n\n\n\n<figure class=\"wp-block-image size-large\"><a href=\"http:\/\/sp1.kielce.eu\/wp-content\/uploads\/2023\/05\/flaga7-Medium.jpg\"><img loading=\"lazy\" decoding=\"async\" width=\"1024\" height=\"768\" data-id=\"28084\" src=\"http:\/\/sp1.kielce.eu\/wp-content\/uploads\/2023\/05\/flaga7-Medium.jpg\" alt=\"\" class=\"wp-image-28084\" srcset=\"https:\/\/sp1.kielce.eu\/wp-content\/uploads\/2023\/05\/flaga7-Medium.jpg 1024w, https:\/\/sp1.kielce.eu\/wp-content\/uploads\/2023\/05\/flaga7-Medium-300x225.jpg 300w, https:\/\/sp1.kielce.eu\/wp-content\/uploads\/2023\/05\/flaga7-Medium-768x576.jpg 768w, https:\/\/sp1.kielce.eu\/wp-content\/uploads\/2023\/05\/flaga7-Medium-820x615.jpg 820w\" sizes=\"auto, (max-width: 1024px) 100vw, 1024px\" \/><\/a><\/figure>\n<\/figure>\n","protected":false},"excerpt":{"rendered":"<p>Artystyczne Formy Ruchu wyst\u0105pi\u0142y w dniu 28.04.2023 r. na Apelu z okazji \u015awi\u0105t Majowych. Uatrakcyjni\u0142y [&hellip;]<\/p>\n","protected":false},"author":5,"featured_media":28083,"comment_status":"closed","ping_status":"","sticky":false,"template":"","format":"standard","meta":{"footnotes":""},"categories":[36],"tags":[],"class_list":["post-28076","post","type-post","status-publish","format-standard","has-post-thumbnail","hentry","category-wydarzenia"],"_links":{"self":[{"href":"https:\/\/sp1.kielce.eu\/index.php\/wp-json\/wp\/v2\/posts\/28076","targetHints":{"allow":["GET"]}}],"collection":[{"href":"https:\/\/sp1.kielce.eu\/index.php\/wp-json\/wp\/v2\/posts"}],"about":[{"href":"https:\/\/sp1.kielce.eu\/index.php\/wp-json\/wp\/v2\/types\/post"}],"author":[{"embeddable":true,"href":"https:\/\/sp1.kielce.eu\/index.php\/wp-json\/wp\/v2\/users\/5"}],"replies":[{"embeddable":true,"href":"https:\/\/sp1.kielce.eu\/index.php\/wp-json\/wp\/v2\/comments?post=28076"}],"version-history":[{"count":1,"href":"https:\/\/sp1.kielce.eu\/index.php\/wp-json\/wp\/v2\/posts\/28076\/revisions"}],"predecessor-version":[{"id":28085,"href":"https:\/\/sp1.kielce.eu\/index.php\/wp-json\/wp\/v2\/posts\/28076\/revisions\/28085"}],"wp:featuredmedia":[{"embeddable":true,"href":"https:\/\/sp1.kielce.eu\/index.php\/wp-json\/wp\/v2\/media\/28083"}],"wp:attachment":[{"href":"https:\/\/sp1.kielce.eu\/index.php\/wp-json\/wp\/v2\/media?parent=28076"}],"wp:term":[{"taxonomy":"category","embeddable":true,"href":"https:\/\/sp1.kielce.eu\/index.php\/wp-json\/wp\/v2\/categories?post=28076"},{"taxonomy":"post_tag","embeddable":true,"href":"https:\/\/sp1.kielce.eu\/index.php\/wp-json\/wp\/v2\/tags?post=28076"}],"curies":[{"name":"wp","href":"https:\/\/api.w.org\/{rel}","templated":true}]}}