{"id":28071,"date":"2023-05-05T08:39:16","date_gmt":"2023-05-05T06:39:16","guid":{"rendered":"http:\/\/sp1.kielce.eu\/?p=28071"},"modified":"2023-06-27T17:52:02","modified_gmt":"2023-06-27T15:52:02","slug":"finalista-wojewodzkiego-konkursu-przedmiotowego-z-geografii-2022-2023-kamil-mazur","status":"publish","type":"post","link":"https:\/\/sp1.kielce.eu\/index.php\/2023\/05\/05\/finalista-wojewodzkiego-konkursu-przedmiotowego-z-geografii-2022-2023-kamil-mazur\/","title":{"rendered":"<strong>Finalista wojew\u00f3dzkiego konkursu przedmiotowego z geografii 2022\/2023<\/strong> \u2013 <strong>Kamil Mazur<\/strong>"},"content":{"rendered":"\n<p>Z rado\u015bci\u0105 informujemy, \u017ce ucze\u0144 naszej szko\u0142y <strong>Kamil Mazur <\/strong>kl. 8a zdoby\u0142 tytu\u0142 <strong>finalisty<\/strong> kuratoryjnego konkursu geograficznego.<\/p>\n\n\n\n<p>Zdolno\u015bci, zainteresowania, ciekawo\u015b\u0107 i wysi\u0142ek w\u0142o\u017cony w realizacj\u0119 zamierzonego celu to w\u0142a\u015bnie cechuje naszego Zwyci\u0119zc\u0119.<\/p>\n\n\n\n<p>Serdecznie gratulujemy i \u017cyczymy dalszych sukces\u00f3w.<\/p>\n\n\n\n<p>Agnieszka M\u0142ynarczyk \u2013 nauczyciel geografii<\/p>\n\n\n\n<figure class=\"wp-block-gallery has-nested-images columns-default is-cropped wp-block-gallery-1 is-layout-flex wp-block-gallery-is-layout-flex\">\n<figure class=\"wp-block-image size-large\"><a href=\"http:\/\/sp1.kielce.eu\/wp-content\/uploads\/2023\/05\/IMG_20230429_100030-1.jpg\"><img loading=\"lazy\" decoding=\"async\" width=\"581\" height=\"900\" data-id=\"28073\" src=\"http:\/\/sp1.kielce.eu\/wp-content\/uploads\/2023\/05\/IMG_20230429_100030-1-581x900.jpg\" alt=\"\" class=\"wp-image-28073\" srcset=\"https:\/\/sp1.kielce.eu\/wp-content\/uploads\/2023\/05\/IMG_20230429_100030-1-581x900.jpg 581w, https:\/\/sp1.kielce.eu\/wp-content\/uploads\/2023\/05\/IMG_20230429_100030-1-194x300.jpg 194w, https:\/\/sp1.kielce.eu\/wp-content\/uploads\/2023\/05\/IMG_20230429_100030-1-768x1190.jpg 768w, https:\/\/sp1.kielce.eu\/wp-content\/uploads\/2023\/05\/IMG_20230429_100030-1-991x1536.jpg 991w, https:\/\/sp1.kielce.eu\/wp-content\/uploads\/2023\/05\/IMG_20230429_100030-1-820x1270.jpg 820w, https:\/\/sp1.kielce.eu\/wp-content\/uploads\/2023\/05\/IMG_20230429_100030-1.jpg 1136w\" sizes=\"auto, (max-width: 581px) 100vw, 581px\" \/><\/a><\/figure>\n\n\n\n<figure class=\"wp-block-image size-large\"><a href=\"http:\/\/sp1.kielce.eu\/wp-content\/uploads\/2023\/05\/Kamil-Finalista.jpg\"><img loading=\"lazy\" decoding=\"async\" width=\"505\" height=\"900\" data-id=\"28074\" src=\"http:\/\/sp1.kielce.eu\/wp-content\/uploads\/2023\/05\/Kamil-Finalista-505x900.jpg\" alt=\"\" class=\"wp-image-28074\" srcset=\"https:\/\/sp1.kielce.eu\/wp-content\/uploads\/2023\/05\/Kamil-Finalista-505x900.jpg 505w, https:\/\/sp1.kielce.eu\/wp-content\/uploads\/2023\/05\/Kamil-Finalista-168x300.jpg 168w, https:\/\/sp1.kielce.eu\/wp-content\/uploads\/2023\/05\/Kamil-Finalista-768x1368.jpg 768w, https:\/\/sp1.kielce.eu\/wp-content\/uploads\/2023\/05\/Kamil-Finalista-863x1536.jpg 863w, https:\/\/sp1.kielce.eu\/wp-content\/uploads\/2023\/05\/Kamil-Finalista-1150x2048.jpg 1150w, https:\/\/sp1.kielce.eu\/wp-content\/uploads\/2023\/05\/Kamil-Finalista-820x1460.jpg 820w, https:\/\/sp1.kielce.eu\/wp-content\/uploads\/2023\/05\/Kamil-Finalista.jpg 1427w\" sizes=\"auto, (max-width: 505px) 100vw, 505px\" \/><\/a><\/figure>\n<\/figure>\n","protected":false},"excerpt":{"rendered":"<p>Z rado\u015bci\u0105 informujemy, \u017ce ucze\u0144 naszej szko\u0142y Kamil Mazur kl. 8a zdoby\u0142 tytu\u0142 finalisty kuratoryjnego [&hellip;]<\/p>\n","protected":false},"author":5,"featured_media":28074,"comment_status":"closed","ping_status":"","sticky":false,"template":"","format":"standard","meta":{"footnotes":""},"categories":[36,10,21],"tags":[],"class_list":["post-28071","post","type-post","status-publish","format-standard","has-post-thumbnail","hentry","category-wydarzenia","category-konkursy-przedmiotowe","category-konkursy"],"_links":{"self":[{"href":"https:\/\/sp1.kielce.eu\/index.php\/wp-json\/wp\/v2\/posts\/28071","targetHints":{"allow":["GET"]}}],"collection":[{"href":"https:\/\/sp1.kielce.eu\/index.php\/wp-json\/wp\/v2\/posts"}],"about":[{"href":"https:\/\/sp1.kielce.eu\/index.php\/wp-json\/wp\/v2\/types\/post"}],"author":[{"embeddable":true,"href":"https:\/\/sp1.kielce.eu\/index.php\/wp-json\/wp\/v2\/users\/5"}],"replies":[{"embeddable":true,"href":"https:\/\/sp1.kielce.eu\/index.php\/wp-json\/wp\/v2\/comments?post=28071"}],"version-history":[{"count":2,"href":"https:\/\/sp1.kielce.eu\/index.php\/wp-json\/wp\/v2\/posts\/28071\/revisions"}],"predecessor-version":[{"id":29707,"href":"https:\/\/sp1.kielce.eu\/index.php\/wp-json\/wp\/v2\/posts\/28071\/revisions\/29707"}],"wp:featuredmedia":[{"embeddable":true,"href":"https:\/\/sp1.kielce.eu\/index.php\/wp-json\/wp\/v2\/media\/28074"}],"wp:attachment":[{"href":"https:\/\/sp1.kielce.eu\/index.php\/wp-json\/wp\/v2\/media?parent=28071"}],"wp:term":[{"taxonomy":"category","embeddable":true,"href":"https:\/\/sp1.kielce.eu\/index.php\/wp-json\/wp\/v2\/categories?post=28071"},{"taxonomy":"post_tag","embeddable":true,"href":"https:\/\/sp1.kielce.eu\/index.php\/wp-json\/wp\/v2\/tags?post=28071"}],"curies":[{"name":"wp","href":"https:\/\/api.w.org\/{rel}","templated":true}]}}