{"id":27938,"date":"2023-04-28T23:16:00","date_gmt":"2023-04-28T21:16:00","guid":{"rendered":"http:\/\/sp1.kielce.eu\/?p=27938"},"modified":"2025-03-28T12:22:11","modified_gmt":"2025-03-28T11:22:11","slug":"laureaci-iv-wojewodzkiego-konkursu-przedmiotowego-z-informatyki-2022-2023","status":"publish","type":"post","link":"https:\/\/sp1.kielce.eu\/index.php\/2023\/04\/28\/laureaci-iv-wojewodzkiego-konkursu-przedmiotowego-z-informatyki-2022-2023\/","title":{"rendered":"Laureaci IV Wojew\u00f3dzkiego Konkursu Przedmiotowego z Informatyki &#8211; 2022\/2023"},"content":{"rendered":"\n<p>18 kwietnia 2023 roku w Centrum Kongresowym Targ\u00f3w Kielce odby\u0142a si\u0119 uroczysta gala wr\u0119czenia dyplom\u00f3w laureatom wojew\u00f3dzkich konkurs\u00f3w przedmiotowych.  <\/p>\n\n\n\n<p>Mi\u0142o nam poinformowa\u0107, \u017ce <strong>Franciszek Banasik <\/strong>&nbsp;z klasy 6b oraz <strong>Bartosz Lisowski<\/strong> z klasy 8c uzyskali tytu\u0142y&nbsp;<strong>Laureat\u00f3w&nbsp;IV Wojew\u00f3dzkiego Konkursu z Informatyki<\/strong> dla uczni\u00f3w szk\u00f3\u0142 podstawowych wojew\u00f3dztwa \u015bwi\u0119tokrzyskiego. <\/p>\n\n\n\n<p>Dyplomy, za\u015bwiadczenia i medale Laureatom wr\u0119czali:&nbsp;<strong>Pan Rafa\u0142 Nowak \u2013 Wicewojewoda \u015awi\u0119tokrzyski,<\/strong>&nbsp;<strong>Pan Kazimierz M\u0105dzik \u2013 \u015awi\u0119tokrzyski Kurator O\u015bwiaty<\/strong>&nbsp;oraz&nbsp;<strong>Pani Katarzyna Nowacka &#8211; \u015awi\u0119tokrzyski Wicekurator O\u015bwiaty.<\/strong><\/p>\n\n\n\n<p>Serdecznie gratulujemy naszym Laureatom!!!<\/p>\n\n\n\n<p class=\"has-text-align-right\">nauczyciel informatyki: Dariusz St\u0119pie\u0144<\/p>\n\n\n\n<p><a href=\"https:\/\/kuratorium.kielce.pl\/70564\/uroczystosc-podsumowania-wojewodzkich-konkursow-przedmiotowych-2022-2023\/\">Kuratorium O\u015bwiaty w Kielcach<\/a><\/p>\n\n\n\n<figure class=\"wp-block-gallery has-nested-images columns-4 is-cropped wp-block-gallery-1 is-layout-flex wp-block-gallery-is-layout-flex\">\n<figure class=\"wp-block-image size-large\"><a href=\"http:\/\/sp1.kielce.eu\/wp-content\/uploads\/2023\/04\/b-scaled.jpg\"><img loading=\"lazy\" decoding=\"async\" width=\"1400\" height=\"788\" data-id=\"27944\" src=\"http:\/\/sp1.kielce.eu\/wp-content\/uploads\/2023\/04\/b-1400x788.jpg\" alt=\"\" class=\"wp-image-27944\" srcset=\"https:\/\/sp1.kielce.eu\/wp-content\/uploads\/2023\/04\/b-1400x788.jpg 1400w, https:\/\/sp1.kielce.eu\/wp-content\/uploads\/2023\/04\/b-300x169.jpg 300w, https:\/\/sp1.kielce.eu\/wp-content\/uploads\/2023\/04\/b-768x432.jpg 768w, https:\/\/sp1.kielce.eu\/wp-content\/uploads\/2023\/04\/b-1536x864.jpg 1536w, https:\/\/sp1.kielce.eu\/wp-content\/uploads\/2023\/04\/b-2048x1152.jpg 2048w, https:\/\/sp1.kielce.eu\/wp-content\/uploads\/2023\/04\/b-820x461.jpg 820w\" sizes=\"auto, (max-width: 1400px) 100vw, 1400px\" \/><\/a><\/figure>\n\n\n\n<figure class=\"wp-block-image size-large\"><a href=\"http:\/\/sp1.kielce.eu\/wp-content\/uploads\/2023\/04\/Franek-scaled.jpg\"><img loading=\"lazy\" decoding=\"async\" width=\"633\" height=\"900\" data-id=\"27947\" src=\"http:\/\/sp1.kielce.eu\/wp-content\/uploads\/2023\/04\/Franek-633x900.jpg\" alt=\"\" class=\"wp-image-27947\" srcset=\"https:\/\/sp1.kielce.eu\/wp-content\/uploads\/2023\/04\/Franek-633x900.jpg 633w, https:\/\/sp1.kielce.eu\/wp-content\/uploads\/2023\/04\/Franek-211x300.jpg 211w, https:\/\/sp1.kielce.eu\/wp-content\/uploads\/2023\/04\/Franek-768x1093.jpg 768w, https:\/\/sp1.kielce.eu\/wp-content\/uploads\/2023\/04\/Franek-1080x1536.jpg 1080w, https:\/\/sp1.kielce.eu\/wp-content\/uploads\/2023\/04\/Franek-1439x2048.jpg 1439w, https:\/\/sp1.kielce.eu\/wp-content\/uploads\/2023\/04\/Franek-820x1167.jpg 820w, https:\/\/sp1.kielce.eu\/wp-content\/uploads\/2023\/04\/Franek-scaled.jpg 1799w\" sizes=\"auto, (max-width: 633px) 100vw, 633px\" \/><\/a><\/figure>\n\n\n\n<figure class=\"wp-block-image size-large\"><a href=\"http:\/\/sp1.kielce.eu\/wp-content\/uploads\/2023\/04\/bartek.jpg\"><img loading=\"lazy\" decoding=\"async\" width=\"636\" height=\"900\" data-id=\"27940\" src=\"http:\/\/sp1.kielce.eu\/wp-content\/uploads\/2023\/04\/bartek-636x900.jpg\" alt=\"\" class=\"wp-image-27940\" srcset=\"https:\/\/sp1.kielce.eu\/wp-content\/uploads\/2023\/04\/bartek-636x900.jpg 636w, https:\/\/sp1.kielce.eu\/wp-content\/uploads\/2023\/04\/bartek-212x300.jpg 212w, https:\/\/sp1.kielce.eu\/wp-content\/uploads\/2023\/04\/bartek-768x1086.jpg 768w, https:\/\/sp1.kielce.eu\/wp-content\/uploads\/2023\/04\/bartek-820x1160.jpg 820w, https:\/\/sp1.kielce.eu\/wp-content\/uploads\/2023\/04\/bartek.jpg 826w\" sizes=\"auto, (max-width: 636px) 100vw, 636px\" \/><\/a><\/figure>\n\n\n\n<figure class=\"wp-block-image size-large\"><a href=\"http:\/\/sp1.kielce.eu\/wp-content\/uploads\/2023\/04\/e-scaled.jpg\"><img loading=\"lazy\" decoding=\"async\" width=\"1400\" height=\"788\" data-id=\"27942\" src=\"http:\/\/sp1.kielce.eu\/wp-content\/uploads\/2023\/04\/e-1400x788.jpg\" alt=\"\" class=\"wp-image-27942\" srcset=\"https:\/\/sp1.kielce.eu\/wp-content\/uploads\/2023\/04\/e-1400x788.jpg 1400w, https:\/\/sp1.kielce.eu\/wp-content\/uploads\/2023\/04\/e-300x169.jpg 300w, https:\/\/sp1.kielce.eu\/wp-content\/uploads\/2023\/04\/e-768x432.jpg 768w, https:\/\/sp1.kielce.eu\/wp-content\/uploads\/2023\/04\/e-1536x864.jpg 1536w, https:\/\/sp1.kielce.eu\/wp-content\/uploads\/2023\/04\/e-2048x1152.jpg 2048w, https:\/\/sp1.kielce.eu\/wp-content\/uploads\/2023\/04\/e-820x461.jpg 820w\" sizes=\"auto, (max-width: 1400px) 100vw, 1400px\" \/><\/a><\/figure>\n\n\n\n<figure class=\"wp-block-image size-large\"><a href=\"http:\/\/sp1.kielce.eu\/wp-content\/uploads\/2023\/04\/g.jpg\"><img loading=\"lazy\" decoding=\"async\" width=\"675\" height=\"900\" data-id=\"27948\" src=\"http:\/\/sp1.kielce.eu\/wp-content\/uploads\/2023\/04\/g-675x900.jpg\" alt=\"\" class=\"wp-image-27948\" srcset=\"https:\/\/sp1.kielce.eu\/wp-content\/uploads\/2023\/04\/g-675x900.jpg 675w, https:\/\/sp1.kielce.eu\/wp-content\/uploads\/2023\/04\/g-225x300.jpg 225w, https:\/\/sp1.kielce.eu\/wp-content\/uploads\/2023\/04\/g-768x1024.jpg 768w, https:\/\/sp1.kielce.eu\/wp-content\/uploads\/2023\/04\/g-1152x1536.jpg 1152w, https:\/\/sp1.kielce.eu\/wp-content\/uploads\/2023\/04\/g-820x1093.jpg 820w, https:\/\/sp1.kielce.eu\/wp-content\/uploads\/2023\/04\/g.jpg 1200w\" sizes=\"auto, (max-width: 675px) 100vw, 675px\" \/><\/a><\/figure>\n\n\n\n<figure class=\"wp-block-image size-large\"><a href=\"http:\/\/sp1.kielce.eu\/wp-content\/uploads\/2023\/04\/i2.jpg\"><img loading=\"lazy\" decoding=\"async\" width=\"1200\" height=\"900\" data-id=\"27950\" src=\"http:\/\/sp1.kielce.eu\/wp-content\/uploads\/2023\/04\/i2-1200x900.jpg\" alt=\"\" class=\"wp-image-27950\" srcset=\"https:\/\/sp1.kielce.eu\/wp-content\/uploads\/2023\/04\/i2-1200x900.jpg 1200w, https:\/\/sp1.kielce.eu\/wp-content\/uploads\/2023\/04\/i2-300x225.jpg 300w, https:\/\/sp1.kielce.eu\/wp-content\/uploads\/2023\/04\/i2-768x576.jpg 768w, https:\/\/sp1.kielce.eu\/wp-content\/uploads\/2023\/04\/i2-1536x1152.jpg 1536w, https:\/\/sp1.kielce.eu\/wp-content\/uploads\/2023\/04\/i2-820x615.jpg 820w, https:\/\/sp1.kielce.eu\/wp-content\/uploads\/2023\/04\/i2.jpg 1824w\" sizes=\"auto, (max-width: 1200px) 100vw, 1200px\" \/><\/a><\/figure>\n\n\n\n<figure class=\"wp-block-image size-large\"><a href=\"http:\/\/sp1.kielce.eu\/wp-content\/uploads\/2023\/04\/i3.jpg\"><img loading=\"lazy\" decoding=\"async\" width=\"1200\" height=\"900\" data-id=\"27951\" src=\"http:\/\/sp1.kielce.eu\/wp-content\/uploads\/2023\/04\/i3-1200x900.jpg\" alt=\"\" class=\"wp-image-27951\" srcset=\"https:\/\/sp1.kielce.eu\/wp-content\/uploads\/2023\/04\/i3-1200x900.jpg 1200w, https:\/\/sp1.kielce.eu\/wp-content\/uploads\/2023\/04\/i3-300x225.jpg 300w, https:\/\/sp1.kielce.eu\/wp-content\/uploads\/2023\/04\/i3-768x576.jpg 768w, https:\/\/sp1.kielce.eu\/wp-content\/uploads\/2023\/04\/i3-1536x1152.jpg 1536w, https:\/\/sp1.kielce.eu\/wp-content\/uploads\/2023\/04\/i3-820x615.jpg 820w, https:\/\/sp1.kielce.eu\/wp-content\/uploads\/2023\/04\/i3.jpg 1824w\" sizes=\"auto, (max-width: 1200px) 100vw, 1200px\" \/><\/a><\/figure>\n\n\n\n<figure class=\"wp-block-image size-large\"><a href=\"http:\/\/sp1.kielce.eu\/wp-content\/uploads\/2023\/04\/f-scaled.jpg\"><img loading=\"lazy\" decoding=\"async\" width=\"1400\" height=\"788\" data-id=\"27946\" src=\"http:\/\/sp1.kielce.eu\/wp-content\/uploads\/2023\/04\/f-1400x788.jpg\" alt=\"\" class=\"wp-image-27946\" srcset=\"https:\/\/sp1.kielce.eu\/wp-content\/uploads\/2023\/04\/f-1400x788.jpg 1400w, https:\/\/sp1.kielce.eu\/wp-content\/uploads\/2023\/04\/f-300x169.jpg 300w, https:\/\/sp1.kielce.eu\/wp-content\/uploads\/2023\/04\/f-768x432.jpg 768w, https:\/\/sp1.kielce.eu\/wp-content\/uploads\/2023\/04\/f-1536x864.jpg 1536w, https:\/\/sp1.kielce.eu\/wp-content\/uploads\/2023\/04\/f-2048x1152.jpg 2048w, https:\/\/sp1.kielce.eu\/wp-content\/uploads\/2023\/04\/f-820x461.jpg 820w\" sizes=\"auto, (max-width: 1400px) 100vw, 1400px\" \/><\/a><\/figure>\n\n\n\n<figure class=\"wp-block-image size-large\"><a href=\"http:\/\/sp1.kielce.eu\/wp-content\/uploads\/2023\/04\/i-scaled.jpg\"><img loading=\"lazy\" decoding=\"async\" width=\"1400\" height=\"630\" data-id=\"27949\" src=\"http:\/\/sp1.kielce.eu\/wp-content\/uploads\/2023\/04\/i-1400x630.jpg\" alt=\"\" class=\"wp-image-27949\" srcset=\"https:\/\/sp1.kielce.eu\/wp-content\/uploads\/2023\/04\/i-1400x630.jpg 1400w, https:\/\/sp1.kielce.eu\/wp-content\/uploads\/2023\/04\/i-300x135.jpg 300w, https:\/\/sp1.kielce.eu\/wp-content\/uploads\/2023\/04\/i-768x345.jpg 768w, https:\/\/sp1.kielce.eu\/wp-content\/uploads\/2023\/04\/i-1536x691.jpg 1536w, https:\/\/sp1.kielce.eu\/wp-content\/uploads\/2023\/04\/i-2048x921.jpg 2048w, https:\/\/sp1.kielce.eu\/wp-content\/uploads\/2023\/04\/i-820x369.jpg 820w\" sizes=\"auto, (max-width: 1400px) 100vw, 1400px\" \/><\/a><\/figure>\n\n\n\n<figure class=\"wp-block-image size-large\"><a href=\"http:\/\/sp1.kielce.eu\/wp-content\/uploads\/2023\/04\/all.jpg\"><img loading=\"lazy\" decoding=\"async\" width=\"1319\" height=\"739\" data-id=\"27941\" src=\"http:\/\/sp1.kielce.eu\/wp-content\/uploads\/2023\/04\/all.jpg\" alt=\"\" class=\"wp-image-27941\" srcset=\"https:\/\/sp1.kielce.eu\/wp-content\/uploads\/2023\/04\/all.jpg 1319w, https:\/\/sp1.kielce.eu\/wp-content\/uploads\/2023\/04\/all-300x168.jpg 300w, https:\/\/sp1.kielce.eu\/wp-content\/uploads\/2023\/04\/all-768x430.jpg 768w, https:\/\/sp1.kielce.eu\/wp-content\/uploads\/2023\/04\/all-820x459.jpg 820w\" sizes=\"auto, (max-width: 1319px) 100vw, 1319px\" \/><\/a><\/figure>\n<\/figure>\n","protected":false},"excerpt":{"rendered":"<p>18 kwietnia 2023 roku w Centrum Kongresowym Targ\u00f3w Kielce odby\u0142a si\u0119 uroczysta gala wr\u0119czenia dyplom\u00f3w [&hellip;]<\/p>\n","protected":false},"author":4,"featured_media":27939,"comment_status":"closed","ping_status":"closed","sticky":false,"template":"","format":"standard","meta":{"footnotes":""},"categories":[36,10,21],"tags":[],"class_list":["post-27938","post","type-post","status-publish","format-standard","has-post-thumbnail","hentry","category-wydarzenia","category-konkursy-przedmiotowe","category-konkursy"],"_links":{"self":[{"href":"https:\/\/sp1.kielce.eu\/index.php\/wp-json\/wp\/v2\/posts\/27938","targetHints":{"allow":["GET"]}}],"collection":[{"href":"https:\/\/sp1.kielce.eu\/index.php\/wp-json\/wp\/v2\/posts"}],"about":[{"href":"https:\/\/sp1.kielce.eu\/index.php\/wp-json\/wp\/v2\/types\/post"}],"author":[{"embeddable":true,"href":"https:\/\/sp1.kielce.eu\/index.php\/wp-json\/wp\/v2\/users\/4"}],"replies":[{"embeddable":true,"href":"https:\/\/sp1.kielce.eu\/index.php\/wp-json\/wp\/v2\/comments?post=27938"}],"version-history":[{"count":7,"href":"https:\/\/sp1.kielce.eu\/index.php\/wp-json\/wp\/v2\/posts\/27938\/revisions"}],"predecessor-version":[{"id":37867,"href":"https:\/\/sp1.kielce.eu\/index.php\/wp-json\/wp\/v2\/posts\/27938\/revisions\/37867"}],"wp:featuredmedia":[{"embeddable":true,"href":"https:\/\/sp1.kielce.eu\/index.php\/wp-json\/wp\/v2\/media\/27939"}],"wp:attachment":[{"href":"https:\/\/sp1.kielce.eu\/index.php\/wp-json\/wp\/v2\/media?parent=27938"}],"wp:term":[{"taxonomy":"category","embeddable":true,"href":"https:\/\/sp1.kielce.eu\/index.php\/wp-json\/wp\/v2\/categories?post=27938"},{"taxonomy":"post_tag","embeddable":true,"href":"https:\/\/sp1.kielce.eu\/index.php\/wp-json\/wp\/v2\/tags?post=27938"}],"curies":[{"name":"wp","href":"https:\/\/api.w.org\/{rel}","templated":true}]}}