{"id":27860,"date":"2023-04-27T21:20:08","date_gmt":"2023-04-27T19:20:08","guid":{"rendered":"http:\/\/sp1.kielce.eu\/?p=27860"},"modified":"2023-05-01T14:20:40","modified_gmt":"2023-05-01T12:20:40","slug":"final-konkursu-budowanie-przez-kodowanie-z-jedynka-2","status":"publish","type":"post","link":"https:\/\/sp1.kielce.eu\/index.php\/2023\/04\/27\/final-konkursu-budowanie-przez-kodowanie-z-jedynka-2\/","title":{"rendered":"Fina\u0142 konkursu \u201eKonstruowanie przez Kodowanie z Jedynk\u0105\u201d"},"content":{"rendered":"\n<p>26 kwietnia 2023 roku w Szkole Podstawowej nr 1 im. Stanis\u0142awa Staszica w Kielcach odby\u0142 si\u0119 fina\u0142 IV edycji Szkolno-Przedszkolnego Konkursu \u201eKonstruowanie przez kodowanie z Jedynk\u0105\u201d.<\/p>\n\n\n\n<p>Celem konkursu by\u0142o kszta\u0142towanie wyobra\u017ani przestrzennej, rozwijanie u dzieci umiej\u0119tno\u015bci logicznego my\u015blenia, wprowadzenie m\u0142odego cz\u0142owieka w cyfrowy \u015bwiat zwi\u0105zany z kodowaniem i programowaniem, a jednocze\u015bnie podniesienie \u015bwiadomo\u015bci ekologicznej dzieci.<\/p>\n\n\n\n<p><br>W pierwszym etapie konkursu zadaniem 6-letnich uczestnik\u00f3w by\u0142o zaprojektowanie i wykonanie dowoln\u0105 technik\u0105 ulubionej zdrowej przek\u0105ski z materia\u0142\u00f3w z recyklingu.<br>W fina\u0142owym etapie dzieci, kt\u00f3re zakwalifikowa\u0142y si\u0119 do fina\u0142u rozwi\u0105zywa\u0142y karty pracy zawieraj\u0105ce zadania z kodowania oraz wsp\u00f3lnie uczestniczyli w przygotowanych zabawach r\u00f3wnie\u017c zwi\u0105zanych z kodowaniem.<\/p>\n\n\n\n<p>Cz\u0142onkami Jury i jednocze\u015bnie sponsorami wszystkich nagr\u00f3d w naszym konkursie byli:<br>&#8211; pani Marzena Nosek \u2013 \u015awi\u0119tokrzyski Oddzia\u0142 Narodowego Funduszu Zdrowia;<br>&#8211; pani Agnieszka Duda \u2013 Dyrektor Dzieci\u0119cej Politechniki \u015awi\u0119tokrzyskiej w Kielcach;<br>&#8211; pan Piotr &#8211; Bogus\u0142aw J\u0119drzejczak &#8211; Dyrektor Teatru Lalki i Aktora &#8222;Kubu\u015b&#8221; im. Stefana Karskiego;<\/p>\n\n\n\n<p>&#8211; pani Olga Midak<strong> \u2013<\/strong> Kielecki Park Technologiczny;<\/p>\n\n\n\n<p>&#8211; pani Justyna Chudzik \u2013 Menad\u017cer oddzia\u0142u \u015awi\u0119tokrzyskiego Spice Gears Academy;<\/p>\n\n\n\n<p>&#8211; pani Maria Zawadzka \u2013 G\u0142\u00f3wny Specjalista w Wodoci\u0105gach Kieleckich Sp. z o. o.<\/p>\n\n\n\n<p>Decyzj\u0105 Jury:<\/p>\n\n\n\n<p>&#8211;<strong> I miejsce<\/strong> w konkursie zdoby\u0142a <strong>Ma\u0142gorzata Durlik z Przedszkola Samorz\u0105dowe nr 24;<\/strong><\/p>\n\n\n\n<p>&#8211; <strong>II miejsce <\/strong>w konkursie zdoby\u0142a <strong>Iga Krzepkowska z Przedszkola Samorz\u0105dowe nr 4;<\/strong><\/p>\n\n\n\n<p>&#8211; <strong>III miejsce<\/strong> w konkursie zdoby\u0142a<strong> Aleksandra Ulrich z Przedszkola Samorz\u0105dowe nr 1.<\/strong><\/p>\n\n\n\n<p>Wyr\u00f3\u017cnienie w konkursie zdobyli:<\/p>\n\n\n\n<p>&#8211; <strong>Dawid Serafin z Przedszkola Samorz\u0105dowego Nr 18;<\/strong><\/p>\n\n\n\n<p>&#8211; <strong>Lena Ko\u0142odziej z Przedszkola Samorz\u0105dowego Nr 24;<\/strong><\/p>\n\n\n\n<p>&#8211; <strong>Wiktor Janus z Przedszkola Samorz\u0105dowego Nr 35;<\/strong><\/p>\n\n\n\n<p>&#8211; <strong>Filip Synowski z Przedszkola Samorz\u0105dowego Nr 3.<\/strong><\/p>\n\n\n\n<p><strong>Gratulujemy!<\/strong><\/p>\n\n\n\n<p>IV edycja Szkolno-Przedszkolnego Konkursu \u201eKonstruowanie przez Kodowanie z Jedynk\u0105\u201d zosta\u0142a obj\u0119ta patronatem medialnym przez \u201eEcho Dnia\u201d oraz \u201eRadio Kielce\u201d.<\/p>\n\n\n\n<p>SERDECZNIE DZI\u0118KUJEMY WSZYSTKIM DZIECIOM, NAUCZYCIELOM, CZ\u0141ONKOM JURY ORAZ SPONSOROM ZA UDZIA\u0141 W NASZYM KONKURSIE.<\/p>\n\n\n\n<p>Zapraszamy do udzia\u0142u w V edycji konkursu w przysz\u0142ym roku.<\/p>\n\n\n\n<p>W uk\u0142adzie choreograficznym wyst\u0105pi\u0142y uczennice z&nbsp;SP&nbsp;1 \u201eArtystyczne Formy Ruchu\u201d, opiekunowie: pani Marta Wi\u0119ckowska i&nbsp;Ewa Nowak<\/p>\n\n\n\n<p class=\"has-text-align-right\">Marta Pawlak<br>Ewa Nowak<br>Albert Lewandowski<br>Katarzyna Ostrowska<br>Iwona Ko\u015bcielecka<\/p>\n\n\n\n<figure class=\"wp-block-gallery has-nested-images columns-default is-cropped wp-block-gallery-1 is-layout-flex wp-block-gallery-is-layout-flex\">\n<figure class=\"wp-block-image size-large\"><a href=\"http:\/\/sp1.kielce.eu\/wp-content\/uploads\/2023\/04\/zdjecie-konkurencje-Copy.png\"><img loading=\"lazy\" decoding=\"async\" width=\"1200\" height=\"543\" data-id=\"27864\" src=\"http:\/\/sp1.kielce.eu\/wp-content\/uploads\/2023\/04\/zdjecie-konkurencje-Copy.png\" alt=\"\" class=\"wp-image-27864\" srcset=\"https:\/\/sp1.kielce.eu\/wp-content\/uploads\/2023\/04\/zdjecie-konkurencje-Copy.png 1200w, https:\/\/sp1.kielce.eu\/wp-content\/uploads\/2023\/04\/zdjecie-konkurencje-Copy-300x136.png 300w, https:\/\/sp1.kielce.eu\/wp-content\/uploads\/2023\/04\/zdjecie-konkurencje-Copy-768x348.png 768w, https:\/\/sp1.kielce.eu\/wp-content\/uploads\/2023\/04\/zdjecie-konkurencje-Copy-820x371.png 820w\" sizes=\"auto, (max-width: 1200px) 100vw, 1200px\" \/><\/a><\/figure>\n\n\n\n<figure class=\"wp-block-image size-large\"><a href=\"http:\/\/sp1.kielce.eu\/wp-content\/uploads\/2023\/04\/zdjecie-nagrody-1-Copy.png\"><img loading=\"lazy\" decoding=\"async\" width=\"1200\" height=\"543\" data-id=\"27862\" src=\"http:\/\/sp1.kielce.eu\/wp-content\/uploads\/2023\/04\/zdjecie-nagrody-1-Copy.png\" alt=\"\" class=\"wp-image-27862\" srcset=\"https:\/\/sp1.kielce.eu\/wp-content\/uploads\/2023\/04\/zdjecie-nagrody-1-Copy.png 1200w, https:\/\/sp1.kielce.eu\/wp-content\/uploads\/2023\/04\/zdjecie-nagrody-1-Copy-300x136.png 300w, https:\/\/sp1.kielce.eu\/wp-content\/uploads\/2023\/04\/zdjecie-nagrody-1-Copy-768x348.png 768w, https:\/\/sp1.kielce.eu\/wp-content\/uploads\/2023\/04\/zdjecie-nagrody-1-Copy-820x371.png 820w\" sizes=\"auto, (max-width: 1200px) 100vw, 1200px\" \/><\/a><\/figure>\n\n\n\n<figure class=\"wp-block-image size-large\"><a href=\"http:\/\/sp1.kielce.eu\/wp-content\/uploads\/2023\/04\/zdjecie-nagrody-2-Copy.png\"><img loading=\"lazy\" decoding=\"async\" width=\"1200\" height=\"543\" data-id=\"27863\" src=\"http:\/\/sp1.kielce.eu\/wp-content\/uploads\/2023\/04\/zdjecie-nagrody-2-Copy.png\" alt=\"\" class=\"wp-image-27863\" srcset=\"https:\/\/sp1.kielce.eu\/wp-content\/uploads\/2023\/04\/zdjecie-nagrody-2-Copy.png 1200w, https:\/\/sp1.kielce.eu\/wp-content\/uploads\/2023\/04\/zdjecie-nagrody-2-Copy-300x136.png 300w, https:\/\/sp1.kielce.eu\/wp-content\/uploads\/2023\/04\/zdjecie-nagrody-2-Copy-768x348.png 768w, https:\/\/sp1.kielce.eu\/wp-content\/uploads\/2023\/04\/zdjecie-nagrody-2-Copy-820x371.png 820w\" sizes=\"auto, (max-width: 1200px) 100vw, 1200px\" \/><\/a><\/figure>\n\n\n\n<figure class=\"wp-block-image size-large\"><a href=\"http:\/\/sp1.kielce.eu\/wp-content\/uploads\/2023\/04\/zdjecie-nagrody-3-Copy.png\"><img loading=\"lazy\" decoding=\"async\" width=\"1200\" height=\"543\" data-id=\"27866\" src=\"http:\/\/sp1.kielce.eu\/wp-content\/uploads\/2023\/04\/zdjecie-nagrody-3-Copy.png\" alt=\"\" class=\"wp-image-27866\" srcset=\"https:\/\/sp1.kielce.eu\/wp-content\/uploads\/2023\/04\/zdjecie-nagrody-3-Copy.png 1200w, https:\/\/sp1.kielce.eu\/wp-content\/uploads\/2023\/04\/zdjecie-nagrody-3-Copy-300x136.png 300w, https:\/\/sp1.kielce.eu\/wp-content\/uploads\/2023\/04\/zdjecie-nagrody-3-Copy-768x348.png 768w, https:\/\/sp1.kielce.eu\/wp-content\/uploads\/2023\/04\/zdjecie-nagrody-3-Copy-820x371.png 820w\" sizes=\"auto, (max-width: 1200px) 100vw, 1200px\" \/><\/a><\/figure>\n\n\n\n<figure class=\"wp-block-image size-large\"><a href=\"http:\/\/sp1.kielce.eu\/wp-content\/uploads\/2023\/04\/zdjecie-p.dyr_.-Copy.png\"><img loading=\"lazy\" decoding=\"async\" width=\"1200\" height=\"543\" data-id=\"27865\" src=\"http:\/\/sp1.kielce.eu\/wp-content\/uploads\/2023\/04\/zdjecie-p.dyr_.-Copy.png\" alt=\"\" class=\"wp-image-27865\" srcset=\"https:\/\/sp1.kielce.eu\/wp-content\/uploads\/2023\/04\/zdjecie-p.dyr_.-Copy.png 1200w, https:\/\/sp1.kielce.eu\/wp-content\/uploads\/2023\/04\/zdjecie-p.dyr_.-Copy-300x136.png 300w, https:\/\/sp1.kielce.eu\/wp-content\/uploads\/2023\/04\/zdjecie-p.dyr_.-Copy-768x348.png 768w, https:\/\/sp1.kielce.eu\/wp-content\/uploads\/2023\/04\/zdjecie-p.dyr_.-Copy-820x371.png 820w\" sizes=\"auto, (max-width: 1200px) 100vw, 1200px\" \/><\/a><\/figure>\n\n\n\n<figure class=\"wp-block-image size-large\"><a href=\"http:\/\/sp1.kielce.eu\/wp-content\/uploads\/2023\/04\/zdjecie-taniec-Copy.png\"><img loading=\"lazy\" decoding=\"async\" width=\"1200\" height=\"543\" data-id=\"27861\" src=\"http:\/\/sp1.kielce.eu\/wp-content\/uploads\/2023\/04\/zdjecie-taniec-Copy.png\" alt=\"\" class=\"wp-image-27861\" srcset=\"https:\/\/sp1.kielce.eu\/wp-content\/uploads\/2023\/04\/zdjecie-taniec-Copy.png 1200w, https:\/\/sp1.kielce.eu\/wp-content\/uploads\/2023\/04\/zdjecie-taniec-Copy-300x136.png 300w, https:\/\/sp1.kielce.eu\/wp-content\/uploads\/2023\/04\/zdjecie-taniec-Copy-768x348.png 768w, https:\/\/sp1.kielce.eu\/wp-content\/uploads\/2023\/04\/zdjecie-taniec-Copy-820x371.png 820w\" sizes=\"auto, (max-width: 1200px) 100vw, 1200px\" \/><\/a><\/figure>\n<\/figure>\n","protected":false},"excerpt":{"rendered":"<p>26 kwietnia 2023 roku w Szkole Podstawowej nr 1 im. Stanis\u0142awa Staszica w Kielcach odby\u0142 [&hellip;]<\/p>\n","protected":false},"author":13,"featured_media":27867,"comment_status":"closed","ping_status":"","sticky":false,"template":"","format":"standard","meta":{"footnotes":""},"categories":[36,21],"tags":[],"class_list":["post-27860","post","type-post","status-publish","format-standard","has-post-thumbnail","hentry","category-wydarzenia","category-konkursy"],"_links":{"self":[{"href":"https:\/\/sp1.kielce.eu\/index.php\/wp-json\/wp\/v2\/posts\/27860","targetHints":{"allow":["GET"]}}],"collection":[{"href":"https:\/\/sp1.kielce.eu\/index.php\/wp-json\/wp\/v2\/posts"}],"about":[{"href":"https:\/\/sp1.kielce.eu\/index.php\/wp-json\/wp\/v2\/types\/post"}],"author":[{"embeddable":true,"href":"https:\/\/sp1.kielce.eu\/index.php\/wp-json\/wp\/v2\/users\/13"}],"replies":[{"embeddable":true,"href":"https:\/\/sp1.kielce.eu\/index.php\/wp-json\/wp\/v2\/comments?post=27860"}],"version-history":[{"count":5,"href":"https:\/\/sp1.kielce.eu\/index.php\/wp-json\/wp\/v2\/posts\/27860\/revisions"}],"predecessor-version":[{"id":28017,"href":"https:\/\/sp1.kielce.eu\/index.php\/wp-json\/wp\/v2\/posts\/27860\/revisions\/28017"}],"wp:featuredmedia":[{"embeddable":true,"href":"https:\/\/sp1.kielce.eu\/index.php\/wp-json\/wp\/v2\/media\/27867"}],"wp:attachment":[{"href":"https:\/\/sp1.kielce.eu\/index.php\/wp-json\/wp\/v2\/media?parent=27860"}],"wp:term":[{"taxonomy":"category","embeddable":true,"href":"https:\/\/sp1.kielce.eu\/index.php\/wp-json\/wp\/v2\/categories?post=27860"},{"taxonomy":"post_tag","embeddable":true,"href":"https:\/\/sp1.kielce.eu\/index.php\/wp-json\/wp\/v2\/tags?post=27860"}],"curies":[{"name":"wp","href":"https:\/\/api.w.org\/{rel}","templated":true}]}}