{"id":27727,"date":"2023-04-04T09:53:00","date_gmt":"2023-04-04T07:53:00","guid":{"rendered":"http:\/\/sp1.kielce.eu\/?p=27727"},"modified":"2023-04-25T12:54:24","modified_gmt":"2023-04-25T10:54:24","slug":"laboratorium-przyszlosci-w-swietlicy-sp1-4","status":"publish","type":"post","link":"https:\/\/sp1.kielce.eu\/index.php\/2023\/04\/04\/laboratorium-przyszlosci-w-swietlicy-sp1-4\/","title":{"rendered":"Laboratorium przysz\u0142o\u015bci w \u015bwietlicy SP1"},"content":{"rendered":"\n<p>W marcu 2023 roku na zaj\u0119ciach w&nbsp;\u015bwietlicy szkolnej uczniowie budowali, konstruowali i&nbsp;uk\u0142adali r\u00f3\u017cne klocki, zakupione w&nbsp;ramach programu Laboratoria Przysz\u0142o\u015bci.<\/p>\n\n\n\n<p>Klocki s\u0105 zawsze na czasie! Niezale\u017cnie od wieku, p\u0142ci i&nbsp;umiej\u0119tno\u015bci uwielbiaj\u0105 si\u0119 nimi bawi\u0107 wszyscy, zar\u00f3wno dzieci, jak i&nbsp;doro\u015bli. Pozwalaj\u0105 na tworzenie niesko\u0144czenie wielu kombinacji i&nbsp;wci\u0105gaj\u0105 na d\u0142ugie godziny. Dlatego w&nbsp;\u015bwietlicy szkolnej dzieci uwielbiaj\u0105 konstruowa\u0107 z&nbsp;nich r\u00f3\u017cne rzeczy, dzi\u0119ki czemu mi\u0142o sp\u0119dzaj\u0105 czas.&nbsp;<\/p>\n\n\n\n<p>Laboratoria Przysz\u0142o\u015bci to inicjatywa edukacyjna realizowana przez Ministerstwo Edukacji i&nbsp;Nauki we wsp\u00f3\u0142pracy z&nbsp;Centrum GovTech w&nbsp;Kancelarii Prezesa Rady Ministr\u00f3w.<\/p>\n\n\n\n<p class=\"has-text-align-right\">Agnieszka Rycombel\u00a0<\/p>\n\n\n\n<figure class=\"wp-block-gallery has-nested-images columns-default is-cropped wp-block-gallery-1 is-layout-flex wp-block-gallery-is-layout-flex\">\n<figure class=\"wp-block-image size-large\"><a href=\"http:\/\/sp1.kielce.eu\/wp-content\/uploads\/2023\/04\/20230423_071218-Copy.jpg\"><img loading=\"lazy\" decoding=\"async\" width=\"900\" height=\"900\" data-id=\"27729\" src=\"http:\/\/sp1.kielce.eu\/wp-content\/uploads\/2023\/04\/20230423_071218-Copy.jpg\" alt=\"\" class=\"wp-image-27729\" srcset=\"https:\/\/sp1.kielce.eu\/wp-content\/uploads\/2023\/04\/20230423_071218-Copy.jpg 900w, https:\/\/sp1.kielce.eu\/wp-content\/uploads\/2023\/04\/20230423_071218-Copy-300x300.jpg 300w, https:\/\/sp1.kielce.eu\/wp-content\/uploads\/2023\/04\/20230423_071218-Copy-150x150.jpg 150w, https:\/\/sp1.kielce.eu\/wp-content\/uploads\/2023\/04\/20230423_071218-Copy-768x768.jpg 768w, https:\/\/sp1.kielce.eu\/wp-content\/uploads\/2023\/04\/20230423_071218-Copy-820x820.jpg 820w\" sizes=\"auto, (max-width: 900px) 100vw, 900px\" \/><\/a><\/figure>\n\n\n\n<figure class=\"wp-block-image size-large\"><a href=\"http:\/\/sp1.kielce.eu\/wp-content\/uploads\/2023\/04\/20230423_071253-Copy.jpg\"><img loading=\"lazy\" decoding=\"async\" width=\"900\" height=\"900\" data-id=\"27728\" src=\"http:\/\/sp1.kielce.eu\/wp-content\/uploads\/2023\/04\/20230423_071253-Copy.jpg\" alt=\"\" class=\"wp-image-27728\" srcset=\"https:\/\/sp1.kielce.eu\/wp-content\/uploads\/2023\/04\/20230423_071253-Copy.jpg 900w, https:\/\/sp1.kielce.eu\/wp-content\/uploads\/2023\/04\/20230423_071253-Copy-300x300.jpg 300w, https:\/\/sp1.kielce.eu\/wp-content\/uploads\/2023\/04\/20230423_071253-Copy-150x150.jpg 150w, https:\/\/sp1.kielce.eu\/wp-content\/uploads\/2023\/04\/20230423_071253-Copy-768x768.jpg 768w, https:\/\/sp1.kielce.eu\/wp-content\/uploads\/2023\/04\/20230423_071253-Copy-820x820.jpg 820w\" sizes=\"auto, (max-width: 900px) 100vw, 900px\" \/><\/a><\/figure>\n<\/figure>\n","protected":false},"excerpt":{"rendered":"<p>W marcu 2023 roku na zaj\u0119ciach w&nbsp;\u015bwietlicy szkolnej uczniowie budowali, konstruowali i&nbsp;uk\u0142adali r\u00f3\u017cne klocki, zakupione [&hellip;]<\/p>\n","protected":false},"author":14,"featured_media":27730,"comment_status":"closed","ping_status":"","sticky":false,"template":"","format":"standard","meta":{"footnotes":""},"categories":[25],"tags":[],"class_list":["post-27727","post","type-post","status-publish","format-standard","has-post-thumbnail","hentry","category-swietlica"],"_links":{"self":[{"href":"https:\/\/sp1.kielce.eu\/index.php\/wp-json\/wp\/v2\/posts\/27727","targetHints":{"allow":["GET"]}}],"collection":[{"href":"https:\/\/sp1.kielce.eu\/index.php\/wp-json\/wp\/v2\/posts"}],"about":[{"href":"https:\/\/sp1.kielce.eu\/index.php\/wp-json\/wp\/v2\/types\/post"}],"author":[{"embeddable":true,"href":"https:\/\/sp1.kielce.eu\/index.php\/wp-json\/wp\/v2\/users\/14"}],"replies":[{"embeddable":true,"href":"https:\/\/sp1.kielce.eu\/index.php\/wp-json\/wp\/v2\/comments?post=27727"}],"version-history":[{"count":2,"href":"https:\/\/sp1.kielce.eu\/index.php\/wp-json\/wp\/v2\/posts\/27727\/revisions"}],"predecessor-version":[{"id":27732,"href":"https:\/\/sp1.kielce.eu\/index.php\/wp-json\/wp\/v2\/posts\/27727\/revisions\/27732"}],"wp:featuredmedia":[{"embeddable":true,"href":"https:\/\/sp1.kielce.eu\/index.php\/wp-json\/wp\/v2\/media\/27730"}],"wp:attachment":[{"href":"https:\/\/sp1.kielce.eu\/index.php\/wp-json\/wp\/v2\/media?parent=27727"}],"wp:term":[{"taxonomy":"category","embeddable":true,"href":"https:\/\/sp1.kielce.eu\/index.php\/wp-json\/wp\/v2\/categories?post=27727"},{"taxonomy":"post_tag","embeddable":true,"href":"https:\/\/sp1.kielce.eu\/index.php\/wp-json\/wp\/v2\/tags?post=27727"}],"curies":[{"name":"wp","href":"https:\/\/api.w.org\/{rel}","templated":true}]}}