{"id":27663,"date":"2023-04-24T20:28:04","date_gmt":"2023-04-24T18:28:04","guid":{"rendered":"http:\/\/sp1.kielce.eu\/?p=27663"},"modified":"2023-04-26T12:33:30","modified_gmt":"2023-04-26T10:33:30","slug":"chusta-sw-weroniki-konkurs-plastyczny","status":"publish","type":"post","link":"https:\/\/sp1.kielce.eu\/index.php\/2023\/04\/24\/chusta-sw-weroniki-konkurs-plastyczny\/","title":{"rendered":"Chusta \u015bw. Weroniki\u201d \u2013 konkurs plastyczny"},"content":{"rendered":"\n<p>Najm\u0142odsi uczniowie z naszej szko\u0142y wzi\u0119li udzia\u0142 w konkursie plastycznym &#8211; \u201eChusta \u015bw. Weroniki\u201d organizowanym przez Parafi\u0119 \u015bw. J\u00f3zefa Robotnika w Kielcach.<\/p>\n\n\n\n<p>Konkurs mia\u0142 na celu w innowacyjny, kreatywny i tw\u00f3rczy spos\u00f3b przybli\u017cy\u0107 dzieciom tre\u015bci religijne zwi\u0105zane ze zbawczym cierpieniem Jezusa. Stanowi\u0142 okazj\u0119 do kszta\u0142towania \u015bwiadomo\u015bci i ekspresji kulturalnej uczni\u00f3w oraz przekazywania podstawowych warto\u015bci \u2013 prawdy, dobra, pi\u0119kna, mi\u0142o\u015bci.<\/p>\n\n\n\n<p><a><\/a> W parafii przygotowano pokonkursow\u0105 wystaw\u0119 prac, kt\u00f3ra cieszy\u0142a si\u0119 ogromnym zainteresowaniem dzieci i doros\u0142ych.<\/p>\n\n\n\n<p>Drugie miejsce w konkursie zdoby\u0142a praca Ani Caraco z klasy 3b.<\/p>\n\n\n\n<p>Gratulujemy zwyci\u0119stwa i \u017cyczymy dalszych sukces\u00f3w!<\/p>\n\n\n\n<p><em>s. Faustyna Monika Czajkowska<\/em><\/p>\n\n\n\n<figure class=\"wp-block-gallery has-nested-images columns-default is-cropped wp-block-gallery-1 is-layout-flex wp-block-gallery-is-layout-flex\">\n<figure class=\"wp-block-image size-large\"><img loading=\"lazy\" decoding=\"async\" width=\"640\" height=\"360\" data-id=\"27666\" src=\"http:\/\/sp1.kielce.eu\/wp-content\/uploads\/2023\/04\/chusta3-Copy.jpg\" alt=\"\" class=\"wp-image-27666\" srcset=\"https:\/\/sp1.kielce.eu\/wp-content\/uploads\/2023\/04\/chusta3-Copy.jpg 640w, https:\/\/sp1.kielce.eu\/wp-content\/uploads\/2023\/04\/chusta3-Copy-300x169.jpg 300w\" sizes=\"auto, (max-width: 640px) 100vw, 640px\" \/><\/figure>\n\n\n\n<figure class=\"wp-block-image size-large\"><img loading=\"lazy\" decoding=\"async\" width=\"640\" height=\"360\" data-id=\"27665\" src=\"http:\/\/sp1.kielce.eu\/wp-content\/uploads\/2023\/04\/chusta1-Copy.jpg\" alt=\"\" class=\"wp-image-27665\" srcset=\"https:\/\/sp1.kielce.eu\/wp-content\/uploads\/2023\/04\/chusta1-Copy.jpg 640w, https:\/\/sp1.kielce.eu\/wp-content\/uploads\/2023\/04\/chusta1-Copy-300x169.jpg 300w\" sizes=\"auto, (max-width: 640px) 100vw, 640px\" \/><\/figure>\n\n\n\n<figure class=\"wp-block-image size-large\"><img loading=\"lazy\" decoding=\"async\" width=\"640\" height=\"360\" data-id=\"27664\" src=\"http:\/\/sp1.kielce.eu\/wp-content\/uploads\/2023\/04\/chusta2-Copy.jpg\" alt=\"\" class=\"wp-image-27664\" srcset=\"https:\/\/sp1.kielce.eu\/wp-content\/uploads\/2023\/04\/chusta2-Copy.jpg 640w, https:\/\/sp1.kielce.eu\/wp-content\/uploads\/2023\/04\/chusta2-Copy-300x169.jpg 300w\" sizes=\"auto, (max-width: 640px) 100vw, 640px\" \/><\/figure>\n<\/figure>\n","protected":false},"excerpt":{"rendered":"<p>Najm\u0142odsi uczniowie z naszej szko\u0142y wzi\u0119li udzia\u0142 w konkursie plastycznym &#8211; \u201eChusta \u015bw. Weroniki\u201d organizowanym [&hellip;]<\/p>\n","protected":false},"author":14,"featured_media":27667,"comment_status":"closed","ping_status":"closed","sticky":false,"template":"","format":"standard","meta":{"footnotes":""},"categories":[36],"tags":[],"class_list":["post-27663","post","type-post","status-publish","format-standard","has-post-thumbnail","hentry","category-wydarzenia"],"_links":{"self":[{"href":"https:\/\/sp1.kielce.eu\/index.php\/wp-json\/wp\/v2\/posts\/27663","targetHints":{"allow":["GET"]}}],"collection":[{"href":"https:\/\/sp1.kielce.eu\/index.php\/wp-json\/wp\/v2\/posts"}],"about":[{"href":"https:\/\/sp1.kielce.eu\/index.php\/wp-json\/wp\/v2\/types\/post"}],"author":[{"embeddable":true,"href":"https:\/\/sp1.kielce.eu\/index.php\/wp-json\/wp\/v2\/users\/14"}],"replies":[{"embeddable":true,"href":"https:\/\/sp1.kielce.eu\/index.php\/wp-json\/wp\/v2\/comments?post=27663"}],"version-history":[{"count":2,"href":"https:\/\/sp1.kielce.eu\/index.php\/wp-json\/wp\/v2\/posts\/27663\/revisions"}],"predecessor-version":[{"id":27803,"href":"https:\/\/sp1.kielce.eu\/index.php\/wp-json\/wp\/v2\/posts\/27663\/revisions\/27803"}],"wp:featuredmedia":[{"embeddable":true,"href":"https:\/\/sp1.kielce.eu\/index.php\/wp-json\/wp\/v2\/media\/27667"}],"wp:attachment":[{"href":"https:\/\/sp1.kielce.eu\/index.php\/wp-json\/wp\/v2\/media?parent=27663"}],"wp:term":[{"taxonomy":"category","embeddable":true,"href":"https:\/\/sp1.kielce.eu\/index.php\/wp-json\/wp\/v2\/categories?post=27663"},{"taxonomy":"post_tag","embeddable":true,"href":"https:\/\/sp1.kielce.eu\/index.php\/wp-json\/wp\/v2\/tags?post=27663"}],"curies":[{"name":"wp","href":"https:\/\/api.w.org\/{rel}","templated":true}]}}