{"id":27575,"date":"2023-04-21T13:04:58","date_gmt":"2023-04-21T11:04:58","guid":{"rendered":"http:\/\/sp1.kielce.eu\/?p=27575"},"modified":"2023-04-21T13:04:58","modified_gmt":"2023-04-21T11:04:58","slug":"final-iii-edycji-wojewodzkiego-konkursu-okomode-ekologiczna-moda-niemieckiego-obszaru-jezykowego-dla-uczniow-klas-iv-viii-szkol-podstawowych","status":"publish","type":"post","link":"https:\/\/sp1.kielce.eu\/index.php\/2023\/04\/21\/final-iii-edycji-wojewodzkiego-konkursu-okomode-ekologiczna-moda-niemieckiego-obszaru-jezykowego-dla-uczniow-klas-iv-viii-szkol-podstawowych\/","title":{"rendered":"Fina\u0142 III edycji Wojew\u00f3dzkiego Konkursu \u201e\u00d6komode &#8211; ekologiczna moda niemieckiego obszaru j\u0119zykowego\u201d dla uczni\u00f3w klas IV-VIII szk\u00f3\u0142 podstawowych"},"content":{"rendered":"\n<p>21 kwietnia 2023 roku w&nbsp;Szkole Podstawowej nr&nbsp;1 im.&nbsp;Stanis\u0142awa Staszica w&nbsp;Kielcach odby\u0142 si\u0119 fina\u0142 III&nbsp;edycji wojew\u00f3dzkiego konkursu \u201e\u00d6komode \u2013 ekologiczna moda niemieckiego obszaru j\u0119zykowego\u201d. Konkurs odby\u0142 si\u0119 pod honorowym patronatem Prezydenta Miasta Kielce, \u015awi\u0119tokrzyskiego Kuratora O\u015bwiaty, Wojewody \u015bwi\u0119tokrzyskiego oraz Marsza\u0142ka Wojew\u00f3dztwa \u015bwi\u0119tokrzyskiego.<\/p>\n\n\n\n<p>Zadaniem konkursu by\u0142o promowanie zainteresowa\u0144 i&nbsp;postaw ekologicznych, popularyzacja wiedzy dotycz\u0105cej segregacji i&nbsp;recyklingu oraz uwra\u017cliwienie na konieczno\u015b\u0107 dbania o&nbsp;\u015brodowisko naturalne. Celem nadrz\u0119dnym by\u0142o rozwijanie ciekawo\u015bci poznawczej zwi\u0105zanej z&nbsp;krajami niemieckoj\u0119zycznymi oraz zach\u0119cenie uczni\u00f3w do nauki j\u0119zyka niemieckiego. A&nbsp;wszystko to z&nbsp;wykorzystaniem narz\u0119dzi technologii informacyjno \u2013 komputerowej. Uczestnicy trzeciego etapu konkursu wykonali na bazie ekologicznych materia\u0142\u00f3w i&nbsp;tekstyli\u00f3w ubi\u00f3r nawi\u0105zuj\u0105cy do mody wsp\u00f3\u0142czesnej, w&nbsp;kt\u00f3rym zaprezentowali si\u0119 \u201ena czerwonym dywanie\u201d.<\/p>\n\n\n\n<p>W konkursie wzi\u0119\u0142o udzia\u0142 a\u017c 145 uczestnik\u00f3w z&nbsp;terenu wojew\u00f3dztwa \u015bwi\u0119tokrzyskiego. Do fina\u0142u zakwalifikowano 20 uczestnik\u00f3w. Jest nam niezmiernie mi\u0142o, \u017ce nasz konkurs cieszy\u0142 si\u0119 takim zainteresowaniem.<\/p>\n\n\n\n<p>Konkurs \u201e\u00d6komode &#8211; ekologiczna moda niemieckiego obszaru j\u0119zykowego\u201d<strong> <\/strong>zosta\u0142 wpisany do wykazu zawod\u00f3w wiedzy, artystycznych i&nbsp;sportowych organizowanych przez \u015awi\u0119tokrzyskiego Kuratora O\u015bwiaty i&nbsp;mo\u017ce by\u0107 uwzgl\u0119dniony przez dyrektor\u00f3w szk\u00f3\u0142 jako szczeg\u00f3lne osi\u0105gni\u0119cie oraz wpisany na \u015bwiadectwie uko\u0144czenia szko\u0142y podstawowej.<\/p>\n\n\n\n<p>Zwyci\u0119zc\u00f3w wy\u0142oni\u0142o niezale\u017cne jury w&nbsp;sk\u0142adzie:<\/p>\n\n\n\n<p>\u2013 Pani <strong>dr Donata W\u00f3jcik <\/strong>&#8211; Wyk\u0142adowca Uniwersytetu Jana Kochanowskiego,<br>\u2013 Pan Ralph Arzt \u2013 Wyk\u0142adowca Uniwersytetu Jana Kochanowskiego,<br>\u2013 Pani <strong>Ewa Stachura <\/strong>\u2013 nauczycielka j\u0119zyka niemieckiego, wsp\u00f3\u0142tw\u00f3rczyni pierwszych edycji konkursu \u201e\u00d6komode\u201d,<br>\u2013 Pani\u00a0<strong>Ewa \u0141ukawska <\/strong>&#8211; projektantka mody.<\/p>\n\n\n\n<p><strong>Laureatami konkursu zostali:<\/strong><\/p>\n\n\n\n<p><strong>1 miejsce \u2013 Olga Jas z&nbsp;Zespo\u0142u Plac\u00f3wek O\u015bwiatowych w&nbsp;Strawczynie<\/strong><\/p>\n\n\n\n<p><strong>2 miejsce \u2013 Amelia Wijas ze Szko\u0142y Podstawowej nr&nbsp;12 w&nbsp;Kielcach<\/strong><\/p>\n\n\n\n<p><strong>3 miejsce \u2013 Natalia Pa\u017adzierz ze Szko\u0142y Podstawowej w&nbsp;Brynicy<\/strong><\/p>\n\n\n\n<p><strong>Wyr\u00f3\u017cnienia otrzymali:<\/strong><\/p>\n\n\n\n<p><strong>Maria Walo ze Szko\u0142y Podstawowej nr&nbsp;39 w&nbsp;Kielcach<\/strong><\/p>\n\n\n\n<p><strong>Norbert Ronduda ze Szko\u0142y Podstawowej nr&nbsp;13 w&nbsp;Starachowicach<\/strong><\/p>\n\n\n\n<p>Partnerami konkursu byli: Wojewoda \u015bwi\u0119tokrzyski, Marsza\u0142ek Wojew\u00f3dztwa \u015bwi\u0119tokrzyskiego, Przedsi\u0119biorstwo Gospodarki Odpadami w&nbsp;Promniku, Wojew\u00f3dzki Fundusz Ochrony \u015arodowiska i&nbsp;Gospodarki Wodnej, Wodoci\u0105gi Kielce, Uniwersytet im.&nbsp;Jana Kochanowskiego w&nbsp;Kielcach, Goethe Institut w&nbsp;Warszawie, Urz\u0105d Miasta Kielce, Rada Rodzic\u00f3w Szko\u0142y Podstawowej nr&nbsp;1 w&nbsp;Kielcach, Ars Old Car, Kino Helios.<\/p>\n\n\n\n<p>Patronat medialny obj\u0119li TVP Kielce, Radio Kielce i&nbsp;Echo Dnia.<\/p>\n\n\n\n<p>Podczas fina\u0142u konkursu zosta\u0142 wykorzystany sprz\u0119t zakupiony w&nbsp;ramach programu \u201eLaboratoria przysz\u0142o\u015bci\u201d.<\/p>\n\n\n\n<p>Przy organizacji fina\u0142u konkursu pomagali wolontariusze w&nbsp;ramach uzyskanego przez szko\u0142\u0119 Certyfikatu Europejskiego Korpusu Solidarno\u015bci- Valentyna Trotska z&nbsp;Ukrainy i&nbsp;Ara Mikayelyan z&nbsp;Armeni.<\/p>\n\n\n\n<p>Dzi\u0119kujemy r\u00f3wnie\u017c bardzo serdecznie naszej m\u0142odzie\u017cy szkolnej za w\u0142\u0105czenie si\u0119 w&nbsp;przygotowanie dekoracji do konkursu, Du\u017cemu Samorz\u0105dowi Uczniowskiemu pod opiek\u0105 Pani Renaty Kozie\u0142, Panu Patrykowi Kozie\u0142owi za pomoc w&nbsp;obs\u0142udze wydarzenia, Pani Ewie Nowak za przygotowanie choreografii, Panie Ma\u0142gorzacie Wojciechowskiej za wsparcie przy organizacji konkursu.<\/p>\n\n\n\n<p>Wszystkim uczestnikom konkursu gratulujemy fantastycznych pomys\u0142\u00f3w i&nbsp;wspaniale wykonanych kreacji, a&nbsp;przede wszystkim znajomo\u015bci j\u0119zyka niemieckiego.<\/p>\n\n\n\n<p class=\"has-text-align-right\">Organizatorzy:<br>Kinga Kozie\u0142<br>Anna Stradomska<br>Katarzyna Sikora \u2013 Gorzela\u0144czyk<\/p>\n\n\n\n<figure class=\"wp-block-gallery has-nested-images columns-default is-cropped wp-block-gallery-1 is-layout-flex wp-block-gallery-is-layout-flex\">\n<figure class=\"wp-block-image size-large\"><a href=\"http:\/\/sp1.kielce.eu\/wp-content\/uploads\/2023\/04\/340128148_1020962478869937_1778696889889325429_n-Copy.jpg\"><img loading=\"lazy\" decoding=\"async\" width=\"1200\" height=\"553\" data-id=\"27576\" src=\"http:\/\/sp1.kielce.eu\/wp-content\/uploads\/2023\/04\/340128148_1020962478869937_1778696889889325429_n-Copy.jpg\" alt=\"\" class=\"wp-image-27576\" srcset=\"https:\/\/sp1.kielce.eu\/wp-content\/uploads\/2023\/04\/340128148_1020962478869937_1778696889889325429_n-Copy.jpg 1200w, https:\/\/sp1.kielce.eu\/wp-content\/uploads\/2023\/04\/340128148_1020962478869937_1778696889889325429_n-Copy-300x138.jpg 300w, https:\/\/sp1.kielce.eu\/wp-content\/uploads\/2023\/04\/340128148_1020962478869937_1778696889889325429_n-Copy-768x354.jpg 768w, https:\/\/sp1.kielce.eu\/wp-content\/uploads\/2023\/04\/340128148_1020962478869937_1778696889889325429_n-Copy-820x378.jpg 820w\" sizes=\"auto, (max-width: 1200px) 100vw, 1200px\" \/><\/a><\/figure>\n\n\n\n<figure class=\"wp-block-image size-large\"><a href=\"http:\/\/sp1.kielce.eu\/wp-content\/uploads\/2023\/04\/340078442_639901741412843_5173948383943466378_n-Copy.jpg\"><img loading=\"lazy\" decoding=\"async\" width=\"1200\" height=\"708\" data-id=\"27579\" src=\"http:\/\/sp1.kielce.eu\/wp-content\/uploads\/2023\/04\/340078442_639901741412843_5173948383943466378_n-Copy.jpg\" alt=\"\" class=\"wp-image-27579\" srcset=\"https:\/\/sp1.kielce.eu\/wp-content\/uploads\/2023\/04\/340078442_639901741412843_5173948383943466378_n-Copy.jpg 1200w, https:\/\/sp1.kielce.eu\/wp-content\/uploads\/2023\/04\/340078442_639901741412843_5173948383943466378_n-Copy-300x177.jpg 300w, https:\/\/sp1.kielce.eu\/wp-content\/uploads\/2023\/04\/340078442_639901741412843_5173948383943466378_n-Copy-768x453.jpg 768w, https:\/\/sp1.kielce.eu\/wp-content\/uploads\/2023\/04\/340078442_639901741412843_5173948383943466378_n-Copy-820x484.jpg 820w\" sizes=\"auto, (max-width: 1200px) 100vw, 1200px\" \/><\/a><\/figure>\n\n\n\n<figure class=\"wp-block-image size-large\"><a href=\"http:\/\/sp1.kielce.eu\/wp-content\/uploads\/2023\/04\/Kon-1-Copy.jpg\"><img loading=\"lazy\" decoding=\"async\" width=\"1200\" height=\"898\" data-id=\"27577\" src=\"http:\/\/sp1.kielce.eu\/wp-content\/uploads\/2023\/04\/Kon-1-Copy.jpg\" alt=\"\" class=\"wp-image-27577\" srcset=\"https:\/\/sp1.kielce.eu\/wp-content\/uploads\/2023\/04\/Kon-1-Copy.jpg 1200w, https:\/\/sp1.kielce.eu\/wp-content\/uploads\/2023\/04\/Kon-1-Copy-300x225.jpg 300w, https:\/\/sp1.kielce.eu\/wp-content\/uploads\/2023\/04\/Kon-1-Copy-768x575.jpg 768w, https:\/\/sp1.kielce.eu\/wp-content\/uploads\/2023\/04\/Kon-1-Copy-820x614.jpg 820w\" sizes=\"auto, (max-width: 1200px) 100vw, 1200px\" \/><\/a><\/figure>\n\n\n\n<figure class=\"wp-block-image size-large\"><a href=\"http:\/\/sp1.kielce.eu\/wp-content\/uploads\/2023\/04\/Kon-3-Copy.jpg\"><img loading=\"lazy\" decoding=\"async\" width=\"1200\" height=\"898\" data-id=\"27580\" src=\"http:\/\/sp1.kielce.eu\/wp-content\/uploads\/2023\/04\/Kon-3-Copy.jpg\" alt=\"\" class=\"wp-image-27580\" srcset=\"https:\/\/sp1.kielce.eu\/wp-content\/uploads\/2023\/04\/Kon-3-Copy.jpg 1200w, https:\/\/sp1.kielce.eu\/wp-content\/uploads\/2023\/04\/Kon-3-Copy-300x225.jpg 300w, https:\/\/sp1.kielce.eu\/wp-content\/uploads\/2023\/04\/Kon-3-Copy-768x575.jpg 768w, https:\/\/sp1.kielce.eu\/wp-content\/uploads\/2023\/04\/Kon-3-Copy-820x614.jpg 820w\" sizes=\"auto, (max-width: 1200px) 100vw, 1200px\" \/><\/a><\/figure>\n\n\n\n<figure class=\"wp-block-image size-large\"><a href=\"http:\/\/sp1.kielce.eu\/wp-content\/uploads\/2023\/04\/Kon-6-Copy.jpg\"><img loading=\"lazy\" decoding=\"async\" width=\"1200\" height=\"698\" data-id=\"27578\" src=\"http:\/\/sp1.kielce.eu\/wp-content\/uploads\/2023\/04\/Kon-6-Copy.jpg\" alt=\"\" class=\"wp-image-27578\" srcset=\"https:\/\/sp1.kielce.eu\/wp-content\/uploads\/2023\/04\/Kon-6-Copy.jpg 1200w, https:\/\/sp1.kielce.eu\/wp-content\/uploads\/2023\/04\/Kon-6-Copy-300x175.jpg 300w, https:\/\/sp1.kielce.eu\/wp-content\/uploads\/2023\/04\/Kon-6-Copy-768x447.jpg 768w, https:\/\/sp1.kielce.eu\/wp-content\/uploads\/2023\/04\/Kon-6-Copy-820x477.jpg 820w\" sizes=\"auto, (max-width: 1200px) 100vw, 1200px\" \/><\/a><\/figure>\n<\/figure>\n","protected":false},"excerpt":{"rendered":"<p>21 kwietnia 2023 roku w&nbsp;Szkole Podstawowej nr&nbsp;1 im.&nbsp;Stanis\u0142awa Staszica w&nbsp;Kielcach odby\u0142 si\u0119 fina\u0142 III&nbsp;edycji wojew\u00f3dzkiego [&hellip;]<\/p>\n","protected":false},"author":13,"featured_media":27581,"comment_status":"closed","ping_status":"","sticky":false,"template":"","format":"standard","meta":{"footnotes":""},"categories":[36,10,18,21],"tags":[],"class_list":["post-27575","post","type-post","status-publish","format-standard","has-post-thumbnail","hentry","category-wydarzenia","category-konkursy-przedmiotowe","category-samorzad-uczniowoski","category-konkursy"],"_links":{"self":[{"href":"https:\/\/sp1.kielce.eu\/index.php\/wp-json\/wp\/v2\/posts\/27575","targetHints":{"allow":["GET"]}}],"collection":[{"href":"https:\/\/sp1.kielce.eu\/index.php\/wp-json\/wp\/v2\/posts"}],"about":[{"href":"https:\/\/sp1.kielce.eu\/index.php\/wp-json\/wp\/v2\/types\/post"}],"author":[{"embeddable":true,"href":"https:\/\/sp1.kielce.eu\/index.php\/wp-json\/wp\/v2\/users\/13"}],"replies":[{"embeddable":true,"href":"https:\/\/sp1.kielce.eu\/index.php\/wp-json\/wp\/v2\/comments?post=27575"}],"version-history":[{"count":1,"href":"https:\/\/sp1.kielce.eu\/index.php\/wp-json\/wp\/v2\/posts\/27575\/revisions"}],"predecessor-version":[{"id":27582,"href":"https:\/\/sp1.kielce.eu\/index.php\/wp-json\/wp\/v2\/posts\/27575\/revisions\/27582"}],"wp:featuredmedia":[{"embeddable":true,"href":"https:\/\/sp1.kielce.eu\/index.php\/wp-json\/wp\/v2\/media\/27581"}],"wp:attachment":[{"href":"https:\/\/sp1.kielce.eu\/index.php\/wp-json\/wp\/v2\/media?parent=27575"}],"wp:term":[{"taxonomy":"category","embeddable":true,"href":"https:\/\/sp1.kielce.eu\/index.php\/wp-json\/wp\/v2\/categories?post=27575"},{"taxonomy":"post_tag","embeddable":true,"href":"https:\/\/sp1.kielce.eu\/index.php\/wp-json\/wp\/v2\/tags?post=27575"}],"curies":[{"name":"wp","href":"https:\/\/api.w.org\/{rel}","templated":true}]}}