{"id":27536,"date":"2023-04-20T08:18:04","date_gmt":"2023-04-20T06:18:04","guid":{"rendered":"http:\/\/sp1.kielce.eu\/?p=27536"},"modified":"2023-04-20T08:18:04","modified_gmt":"2023-04-20T06:18:04","slug":"tydzien-kultury-antycznej","status":"publish","type":"post","link":"https:\/\/sp1.kielce.eu\/index.php\/2023\/04\/20\/tydzien-kultury-antycznej\/","title":{"rendered":"<strong>Tydzie\u0144 Kultury Antycznej<\/strong>"},"content":{"rendered":"\n<p>\u201e<em><strong>Wszyscy jeste\u015bmy dzie\u0107mi staro\u017cytnych Grek\u00f3w i Rzymian\u201d<\/strong><\/em><\/p>\n\n\n\n<ol class=\"wp-block-list\">\n<li><\/li>\n<\/ol>\n\n\n\n<p>W programie Tygodnia Kultury Antycznej:<\/p>\n\n\n\n<p>-prezentacje postaci mitologicznych,<\/p>\n\n\n\n<p>-pochodzenie imion,<\/p>\n\n\n\n<p>-modlitwy po \u0142acinie,<\/p>\n\n\n\n<p>-konkurs pisania g\u0119sim pi\u00f3rem- kaligrafia,<\/p>\n\n\n\n<p>-test wiedzy o mitologii,<\/p>\n\n\n\n<p>-profile spo\u0142eczno\u015bciowe bog\u00f3w i bohater\u00f3w greckich,<\/p>\n\n\n\n<p>-foldery mitologiczne,<\/p>\n\n\n\n<p>-wyk\u0142ady z filozofii.<\/p>\n\n\n\n<p>W przysz\u0142ym tygodniu opublikujemy fotorelacj\u0119 z naszych dzia\u0142a\u0144.<\/p>\n\n\n\n<p>Dorota Broni\u015b \u2013 przewodnicz\u0105ca<\/p>\n\n\n\n<p>Zespo\u0142u Humanistyczno &#8211; Artystycznego<\/p>\n\n\n\n<figure class=\"wp-block-gallery has-nested-images columns-default is-cropped wp-block-gallery-1 is-layout-flex wp-block-gallery-is-layout-flex\">\n<figure class=\"wp-block-image size-large\"><a href=\"http:\/\/sp1.kielce.eu\/wp-content\/uploads\/2023\/04\/20230419_084327-scaled.jpg\"><img loading=\"lazy\" decoding=\"async\" width=\"675\" height=\"900\" data-id=\"27538\" src=\"http:\/\/sp1.kielce.eu\/wp-content\/uploads\/2023\/04\/20230419_084327-675x900.jpg\" alt=\"\" class=\"wp-image-27538\" srcset=\"https:\/\/sp1.kielce.eu\/wp-content\/uploads\/2023\/04\/20230419_084327-675x900.jpg 675w, https:\/\/sp1.kielce.eu\/wp-content\/uploads\/2023\/04\/20230419_084327-225x300.jpg 225w, https:\/\/sp1.kielce.eu\/wp-content\/uploads\/2023\/04\/20230419_084327-768x1024.jpg 768w, https:\/\/sp1.kielce.eu\/wp-content\/uploads\/2023\/04\/20230419_084327-1152x1536.jpg 1152w, https:\/\/sp1.kielce.eu\/wp-content\/uploads\/2023\/04\/20230419_084327-1536x2048.jpg 1536w, https:\/\/sp1.kielce.eu\/wp-content\/uploads\/2023\/04\/20230419_084327-820x1093.jpg 820w, https:\/\/sp1.kielce.eu\/wp-content\/uploads\/2023\/04\/20230419_084327-scaled.jpg 1920w\" sizes=\"auto, (max-width: 675px) 100vw, 675px\" \/><\/a><\/figure>\n\n\n\n<figure class=\"wp-block-image size-large\"><a href=\"http:\/\/sp1.kielce.eu\/wp-content\/uploads\/2023\/04\/20230419_084341-scaled.jpg\"><img loading=\"lazy\" decoding=\"async\" width=\"1200\" height=\"900\" data-id=\"27537\" src=\"http:\/\/sp1.kielce.eu\/wp-content\/uploads\/2023\/04\/20230419_084341-1200x900.jpg\" alt=\"\" class=\"wp-image-27537\" srcset=\"https:\/\/sp1.kielce.eu\/wp-content\/uploads\/2023\/04\/20230419_084341-1200x900.jpg 1200w, https:\/\/sp1.kielce.eu\/wp-content\/uploads\/2023\/04\/20230419_084341-300x225.jpg 300w, https:\/\/sp1.kielce.eu\/wp-content\/uploads\/2023\/04\/20230419_084341-768x576.jpg 768w, https:\/\/sp1.kielce.eu\/wp-content\/uploads\/2023\/04\/20230419_084341-1536x1152.jpg 1536w, https:\/\/sp1.kielce.eu\/wp-content\/uploads\/2023\/04\/20230419_084341-2048x1536.jpg 2048w, https:\/\/sp1.kielce.eu\/wp-content\/uploads\/2023\/04\/20230419_084341-820x615.jpg 820w\" sizes=\"auto, (max-width: 1200px) 100vw, 1200px\" \/><\/a><\/figure>\n<\/figure>\n","protected":false},"excerpt":{"rendered":"<p>\u201eWszyscy jeste\u015bmy dzie\u0107mi staro\u017cytnych Grek\u00f3w i Rzymian\u201d W programie Tygodnia Kultury Antycznej: -prezentacje postaci mitologicznych, [&hellip;]<\/p>\n","protected":false},"author":5,"featured_media":27538,"comment_status":"closed","ping_status":"","sticky":false,"template":"","format":"standard","meta":{"footnotes":""},"categories":[36],"tags":[],"class_list":["post-27536","post","type-post","status-publish","format-standard","has-post-thumbnail","hentry","category-wydarzenia"],"_links":{"self":[{"href":"https:\/\/sp1.kielce.eu\/index.php\/wp-json\/wp\/v2\/posts\/27536","targetHints":{"allow":["GET"]}}],"collection":[{"href":"https:\/\/sp1.kielce.eu\/index.php\/wp-json\/wp\/v2\/posts"}],"about":[{"href":"https:\/\/sp1.kielce.eu\/index.php\/wp-json\/wp\/v2\/types\/post"}],"author":[{"embeddable":true,"href":"https:\/\/sp1.kielce.eu\/index.php\/wp-json\/wp\/v2\/users\/5"}],"replies":[{"embeddable":true,"href":"https:\/\/sp1.kielce.eu\/index.php\/wp-json\/wp\/v2\/comments?post=27536"}],"version-history":[{"count":1,"href":"https:\/\/sp1.kielce.eu\/index.php\/wp-json\/wp\/v2\/posts\/27536\/revisions"}],"predecessor-version":[{"id":27539,"href":"https:\/\/sp1.kielce.eu\/index.php\/wp-json\/wp\/v2\/posts\/27536\/revisions\/27539"}],"wp:featuredmedia":[{"embeddable":true,"href":"https:\/\/sp1.kielce.eu\/index.php\/wp-json\/wp\/v2\/media\/27538"}],"wp:attachment":[{"href":"https:\/\/sp1.kielce.eu\/index.php\/wp-json\/wp\/v2\/media?parent=27536"}],"wp:term":[{"taxonomy":"category","embeddable":true,"href":"https:\/\/sp1.kielce.eu\/index.php\/wp-json\/wp\/v2\/categories?post=27536"},{"taxonomy":"post_tag","embeddable":true,"href":"https:\/\/sp1.kielce.eu\/index.php\/wp-json\/wp\/v2\/tags?post=27536"}],"curies":[{"name":"wp","href":"https:\/\/api.w.org\/{rel}","templated":true}]}}