{"id":27526,"date":"2023-03-21T22:23:00","date_gmt":"2023-03-21T21:23:00","guid":{"rendered":"http:\/\/sp1.kielce.eu\/?p=27526"},"modified":"2023-04-19T19:24:38","modified_gmt":"2023-04-19T17:24:38","slug":"uczniowie-klas-osmych","status":"publish","type":"post","link":"https:\/\/sp1.kielce.eu\/index.php\/2023\/03\/21\/uczniowie-klas-osmych\/","title":{"rendered":"Uczniowie klas \u00d3smych"},"content":{"rendered":"\n<p>Niebawem b\u0119dziecie wybiera\u0107 szko\u0142\u0119 \u015bredni\u0105. W tym trudnym okresie mo\u017cecie odczuwa\u0107 wiele w\u0105tpliwo\u015bci co do tego, jak\u0105 szko\u0142\u0119 wybra\u0107, czy bardziej odpowiednia jest dla was oferta lice\u00f3w, czy mo\u017ce warto zdecydowa\u0107 si\u0119 na nauk\u0119 zawodu w szkole bran\u017cowej lub technikum.<\/p>\n\n\n\n<p>Aby przybli\u017cy\u0107 Wam mo\u017cliwo\u015bci zdobycia kwalifikacji w okre\u015blonych zawodach, Urz\u0105d Miasta Kielce przygotowa\u0142 dla Was 3 kr\u00f3tkie firmy pomagaj\u0105ce lepiej pozna\u0107 lokalny rynek pracy. W filmach tych zobaczycie wypowiedzi pracownik\u00f3w i pracodawc\u00f3w kieleckich firm, ich miejsca pracy i zawody, na kt\u00f3re wed\u0142ug pracodawc\u00f3w jest du\u017ce zapotrzebowanie.<\/p>\n\n\n\n<p>Zach\u0119cam Was do zapoznania si\u0119 z tymi filmami. S\u0105 one dost\u0119pne na kanale You Tube oraz poprzez stron\u0119 Urz\u0119du Miasta Kielce w zak\u0142adce \u201eDla mieszka\u0144ca\u201d a nast\u0119pnie \u201eEdukacja\u201d: <a href=\"https:\/\/www.kielce.eu\/pl\/dla-mieszkanca\/zalatw-sprawe\/edukacja.html\">https:\/\/www.kielce.eu\/pl\/dla-mieszkanca\/zalatw-sprawe\/edukacja.html<\/a><\/p>\n\n\n\n<p>Je\u015bli chcecie pozna\u0107 wi\u0119cej kieleckich firm, warto zajrze\u0107 na stron\u0119 <a href=\"https:\/\/www.kielce.eu\/pl\/dla-biznesu\/inwestuj-w-kielcach\/baza-firm.html\">https:\/\/www.kielce.eu\/pl\/dla-biznesu\/inwestuj-w-kielcach\/baza-firm.html<\/a>. By\u0107 mo\u017ce b\u0119dzie to dla Was okazja do lepszego poznania swoich przysz\u0142ych pracodawc\u00f3w.<\/p>\n","protected":false},"excerpt":{"rendered":"<p>Niebawem b\u0119dziecie wybiera\u0107 szko\u0142\u0119 \u015bredni\u0105. W tym trudnym okresie mo\u017cecie odczuwa\u0107 wiele w\u0105tpliwo\u015bci co do [&hellip;]<\/p>\n","protected":false},"author":4,"featured_media":21435,"comment_status":"closed","ping_status":"","sticky":false,"template":"","format":"standard","meta":{"footnotes":""},"categories":[143],"tags":[],"class_list":["post-27526","post","type-post","status-publish","format-standard","has-post-thumbnail","hentry","category-dorzaw"],"_links":{"self":[{"href":"https:\/\/sp1.kielce.eu\/index.php\/wp-json\/wp\/v2\/posts\/27526","targetHints":{"allow":["GET"]}}],"collection":[{"href":"https:\/\/sp1.kielce.eu\/index.php\/wp-json\/wp\/v2\/posts"}],"about":[{"href":"https:\/\/sp1.kielce.eu\/index.php\/wp-json\/wp\/v2\/types\/post"}],"author":[{"embeddable":true,"href":"https:\/\/sp1.kielce.eu\/index.php\/wp-json\/wp\/v2\/users\/4"}],"replies":[{"embeddable":true,"href":"https:\/\/sp1.kielce.eu\/index.php\/wp-json\/wp\/v2\/comments?post=27526"}],"version-history":[{"count":1,"href":"https:\/\/sp1.kielce.eu\/index.php\/wp-json\/wp\/v2\/posts\/27526\/revisions"}],"predecessor-version":[{"id":27527,"href":"https:\/\/sp1.kielce.eu\/index.php\/wp-json\/wp\/v2\/posts\/27526\/revisions\/27527"}],"wp:featuredmedia":[{"embeddable":true,"href":"https:\/\/sp1.kielce.eu\/index.php\/wp-json\/wp\/v2\/media\/21435"}],"wp:attachment":[{"href":"https:\/\/sp1.kielce.eu\/index.php\/wp-json\/wp\/v2\/media?parent=27526"}],"wp:term":[{"taxonomy":"category","embeddable":true,"href":"https:\/\/sp1.kielce.eu\/index.php\/wp-json\/wp\/v2\/categories?post=27526"},{"taxonomy":"post_tag","embeddable":true,"href":"https:\/\/sp1.kielce.eu\/index.php\/wp-json\/wp\/v2\/tags?post=27526"}],"curies":[{"name":"wp","href":"https:\/\/api.w.org\/{rel}","templated":true}]}}