{"id":27508,"date":"2023-04-15T21:26:21","date_gmt":"2023-04-15T19:26:21","guid":{"rendered":"http:\/\/sp1.kielce.eu\/?p=27508"},"modified":"2023-04-26T12:36:22","modified_gmt":"2023-04-26T10:36:22","slug":"mlody-ekolog-to-ja","status":"publish","type":"post","link":"https:\/\/sp1.kielce.eu\/index.php\/2023\/04\/15\/mlody-ekolog-to-ja\/","title":{"rendered":"\u201eM\u0142ody ekolog to ja!\u201d \u2013 zaj\u0119cia w klasach IIIb i IIIc prowadzone przez pracownika Stra\u017cy Miejskiej"},"content":{"rendered":"\n<p>13 kwietnia 2023 r. uczniowie klas IIIb i IIIc \u00a0uczestniczyli w zaj\u0119ciach \u201eM\u0142ody ekolog to ja!\u201d. Prowadzone one by\u0142y przez specjalistk\u0119 patrolu szkolnego Stra\u017cy Miejskiej w ramach realizacji programu profilaktycznego \u201eNa Stra\u017cy Bezpiecze\u0144stwa\u201d.<\/p>\n\n\n\n<p>Celem spotkania by\u0142o rozwijanie postaw proekologicznych uczni\u00f3w, kszta\u0142towanie odpowiedzialno\u015bci za otaczaj\u0105ce nas \u015brodowisko. Uczniowie pog\u0142\u0119bili swoj\u0105 wiedz\u0119 na temat oszcz\u0119dzania energii i wody, segregacji \u015bmieci i innych odpad\u00f3w oraz sposob\u00f3w dbania \u00a0o czyste powietrze.<\/p>\n\n\n\n<p>Specjalistka patrolu szkolnego Stra\u017cy Miejskiej przypomnia\u0142a tak\u017ce najwa\u017cniejsze numery alarmowe, kt\u00f3re powinien zna\u0107 ka\u017cdy ucze\u0144.<\/p>\n\n\n\n<p>To by\u0142y interesuj\u0105ce i pouczaj\u0105ce zaj\u0119cia.<\/p>\n\n\n\n<p class=\"has-text-align-right\">Wychowawcy klas i specjali\u015bci:<\/p>\n\n\n\n<p class=\"has-text-align-right\">Ewa Nowak<\/p>\n\n\n\n<p class=\"has-text-align-right\">&nbsp;&nbsp;&nbsp;&nbsp;&nbsp;&nbsp;&nbsp;&nbsp;&nbsp;&nbsp;&nbsp;&nbsp;&nbsp;&nbsp;&nbsp;&nbsp;&nbsp;&nbsp;&nbsp;&nbsp;&nbsp;&nbsp;&nbsp;&nbsp;&nbsp;&nbsp;&nbsp;&nbsp;&nbsp;&nbsp;&nbsp;&nbsp;&nbsp;&nbsp;&nbsp;&nbsp;&nbsp;&nbsp;&nbsp;&nbsp;&nbsp;&nbsp;&nbsp;&nbsp;&nbsp;&nbsp;&nbsp;&nbsp;&nbsp;&nbsp;&nbsp;&nbsp;&nbsp;&nbsp;&nbsp;&nbsp;&nbsp;&nbsp;&nbsp;&nbsp;&nbsp;&nbsp;&nbsp;&nbsp;&nbsp;&nbsp;&nbsp;&nbsp;&nbsp;&nbsp;&nbsp;&nbsp;&nbsp;&nbsp;&nbsp;&nbsp;&nbsp;&nbsp;&nbsp;&nbsp;&nbsp;&nbsp; Klaudia Gola<\/p>\n\n\n\n<p class=\"has-text-align-right\">\u00a0\u00a0\u00a0\u00a0\u00a0\u00a0\u00a0\u00a0\u00a0\u00a0\u00a0\u00a0\u00a0\u00a0\u00a0\u00a0\u00a0\u00a0\u00a0\u00a0\u00a0\u00a0\u00a0\u00a0\u00a0\u00a0\u00a0\u00a0\u00a0\u00a0\u00a0\u00a0\u00a0\u00a0\u00a0\u00a0\u00a0\u00a0\u00a0\u00a0\u00a0\u00a0\u00a0\u00a0\u00a0\u00a0\u00a0\u00a0\u00a0\u00a0\u00a0\u00a0\u00a0\u00a0\u00a0\u00a0\u00a0\u00a0\u00a0\u00a0\u00a0\u00a0\u00a0\u00a0\u00a0\u00a0\u00a0\u00a0\u00a0\u00a0\u00a0\u00a0\u00a0\u00a0\u00a0\u00a0\u00a0\u00a0\u00a0\u00a0Agata Szcze\u015bniak<\/p>\n\n\n\n<p class=\"has-text-align-right\">&nbsp;&nbsp;&nbsp;&nbsp;&nbsp;&nbsp;&nbsp;&nbsp;&nbsp;&nbsp;&nbsp;&nbsp;&nbsp;&nbsp;&nbsp;&nbsp;&nbsp;&nbsp;&nbsp;&nbsp;&nbsp;&nbsp;&nbsp;&nbsp;&nbsp;&nbsp;&nbsp;&nbsp;&nbsp;&nbsp;&nbsp;&nbsp;&nbsp;&nbsp;&nbsp;&nbsp;&nbsp;&nbsp;&nbsp;&nbsp;&nbsp;&nbsp;&nbsp;&nbsp;&nbsp;&nbsp;&nbsp;&nbsp;&nbsp;&nbsp;&nbsp;&nbsp;&nbsp;&nbsp;&nbsp;&nbsp;&nbsp;&nbsp;&nbsp;&nbsp;&nbsp;&nbsp;&nbsp;&nbsp;&nbsp;&nbsp;&nbsp;&nbsp;&nbsp;&nbsp;&nbsp;&nbsp;&nbsp;&nbsp;&nbsp;&nbsp;&nbsp;&nbsp;&nbsp;&nbsp;&nbsp;&nbsp; Beata Smag\u00f3r<\/p>\n\n\n\n<p class=\"has-text-align-right\">\u00a0\u00a0\u00a0\u00a0\u00a0\u00a0\u00a0\u00a0\u00a0\u00a0\u00a0\u00a0\u00a0\u00a0\u00a0\u00a0\u00a0\u00a0\u00a0\u00a0\u00a0\u00a0\u00a0\u00a0\u00a0\u00a0\u00a0\u00a0\u00a0\u00a0\u00a0\u00a0\u00a0\u00a0\u00a0\u00a0\u00a0\u00a0\u00a0\u00a0\u00a0\u00a0\u00a0\u00a0\u00a0\u00a0\u00a0\u00a0\u00a0\u00a0\u00a0\u00a0\u00a0\u00a0\u00a0\u00a0\u00a0\u00a0\u00a0\u00a0\u00a0\u00a0\u00a0\u00a0\u00a0\u00a0\u00a0\u00a0\u00a0\u00a0\u00a0\u00a0\u00a0\u00a0\u00a0\u00a0\u00a0 Ma\u0142gorzata Wojciechowska<\/p>\n\n\n\n<figure class=\"wp-block-gallery has-nested-images columns-5 is-cropped wp-block-gallery-1 is-layout-flex wp-block-gallery-is-layout-flex\">\n<figure class=\"wp-block-image size-large\"><a href=\"http:\/\/sp1.kielce.eu\/wp-content\/uploads\/2023\/04\/1681394163005-Copy.jpg\"><img loading=\"lazy\" decoding=\"async\" width=\"678\" height=\"900\" data-id=\"27512\" src=\"http:\/\/sp1.kielce.eu\/wp-content\/uploads\/2023\/04\/1681394163005-Copy.jpg\" alt=\"\" class=\"wp-image-27512\" srcset=\"https:\/\/sp1.kielce.eu\/wp-content\/uploads\/2023\/04\/1681394163005-Copy.jpg 678w, https:\/\/sp1.kielce.eu\/wp-content\/uploads\/2023\/04\/1681394163005-Copy-226x300.jpg 226w\" sizes=\"auto, (max-width: 678px) 100vw, 678px\" \/><\/a><\/figure>\n\n\n\n<figure class=\"wp-block-image size-large\"><a href=\"http:\/\/sp1.kielce.eu\/wp-content\/uploads\/2023\/04\/1681394163013-Copy.jpg\"><img loading=\"lazy\" decoding=\"async\" width=\"678\" height=\"900\" data-id=\"27510\" src=\"http:\/\/sp1.kielce.eu\/wp-content\/uploads\/2023\/04\/1681394163013-Copy.jpg\" alt=\"\" class=\"wp-image-27510\" srcset=\"https:\/\/sp1.kielce.eu\/wp-content\/uploads\/2023\/04\/1681394163013-Copy.jpg 678w, https:\/\/sp1.kielce.eu\/wp-content\/uploads\/2023\/04\/1681394163013-Copy-226x300.jpg 226w\" sizes=\"auto, (max-width: 678px) 100vw, 678px\" \/><\/a><\/figure>\n\n\n\n<figure class=\"wp-block-image size-large\"><a href=\"http:\/\/sp1.kielce.eu\/wp-content\/uploads\/2023\/04\/image000000-14-Copy.jpg\"><img loading=\"lazy\" decoding=\"async\" width=\"675\" height=\"900\" data-id=\"27520\" src=\"http:\/\/sp1.kielce.eu\/wp-content\/uploads\/2023\/04\/image000000-14-Copy.jpg\" alt=\"\" class=\"wp-image-27520\" srcset=\"https:\/\/sp1.kielce.eu\/wp-content\/uploads\/2023\/04\/image000000-14-Copy.jpg 675w, https:\/\/sp1.kielce.eu\/wp-content\/uploads\/2023\/04\/image000000-14-Copy-225x300.jpg 225w\" sizes=\"auto, (max-width: 675px) 100vw, 675px\" \/><\/a><\/figure>\n\n\n\n<figure class=\"wp-block-image size-large\"><a href=\"http:\/\/sp1.kielce.eu\/wp-content\/uploads\/2023\/04\/image000001-1-Copy.jpg\"><img loading=\"lazy\" decoding=\"async\" width=\"1200\" height=\"900\" data-id=\"27521\" src=\"http:\/\/sp1.kielce.eu\/wp-content\/uploads\/2023\/04\/image000001-1-Copy.jpg\" alt=\"\" class=\"wp-image-27521\" srcset=\"https:\/\/sp1.kielce.eu\/wp-content\/uploads\/2023\/04\/image000001-1-Copy.jpg 1200w, https:\/\/sp1.kielce.eu\/wp-content\/uploads\/2023\/04\/image000001-1-Copy-300x225.jpg 300w, https:\/\/sp1.kielce.eu\/wp-content\/uploads\/2023\/04\/image000001-1-Copy-768x576.jpg 768w, https:\/\/sp1.kielce.eu\/wp-content\/uploads\/2023\/04\/image000001-1-Copy-820x615.jpg 820w\" sizes=\"auto, (max-width: 1200px) 100vw, 1200px\" \/><\/a><\/figure>\n\n\n\n<figure class=\"wp-block-image size-large\"><a href=\"http:\/\/sp1.kielce.eu\/wp-content\/uploads\/2023\/04\/1681394163020-Copy.jpg\"><img loading=\"lazy\" decoding=\"async\" width=\"678\" height=\"900\" data-id=\"27511\" src=\"http:\/\/sp1.kielce.eu\/wp-content\/uploads\/2023\/04\/1681394163020-Copy.jpg\" alt=\"\" class=\"wp-image-27511\" srcset=\"https:\/\/sp1.kielce.eu\/wp-content\/uploads\/2023\/04\/1681394163020-Copy.jpg 678w, https:\/\/sp1.kielce.eu\/wp-content\/uploads\/2023\/04\/1681394163020-Copy-226x300.jpg 226w\" sizes=\"auto, (max-width: 678px) 100vw, 678px\" \/><\/a><\/figure>\n<\/figure>\n","protected":false},"excerpt":{"rendered":"<p>13 kwietnia 2023 r. uczniowie klas IIIb i IIIc \u00a0uczestniczyli w zaj\u0119ciach \u201eM\u0142ody ekolog to [&hellip;]<\/p>\n","protected":false},"author":13,"featured_media":27513,"comment_status":"closed","ping_status":"closed","sticky":false,"template":"","format":"standard","meta":{"footnotes":""},"categories":[36],"tags":[],"class_list":["post-27508","post","type-post","status-publish","format-standard","has-post-thumbnail","hentry","category-wydarzenia"],"_links":{"self":[{"href":"https:\/\/sp1.kielce.eu\/index.php\/wp-json\/wp\/v2\/posts\/27508","targetHints":{"allow":["GET"]}}],"collection":[{"href":"https:\/\/sp1.kielce.eu\/index.php\/wp-json\/wp\/v2\/posts"}],"about":[{"href":"https:\/\/sp1.kielce.eu\/index.php\/wp-json\/wp\/v2\/types\/post"}],"author":[{"embeddable":true,"href":"https:\/\/sp1.kielce.eu\/index.php\/wp-json\/wp\/v2\/users\/13"}],"replies":[{"embeddable":true,"href":"https:\/\/sp1.kielce.eu\/index.php\/wp-json\/wp\/v2\/comments?post=27508"}],"version-history":[{"count":5,"href":"https:\/\/sp1.kielce.eu\/index.php\/wp-json\/wp\/v2\/posts\/27508\/revisions"}],"predecessor-version":[{"id":27815,"href":"https:\/\/sp1.kielce.eu\/index.php\/wp-json\/wp\/v2\/posts\/27508\/revisions\/27815"}],"wp:featuredmedia":[{"embeddable":true,"href":"https:\/\/sp1.kielce.eu\/index.php\/wp-json\/wp\/v2\/media\/27513"}],"wp:attachment":[{"href":"https:\/\/sp1.kielce.eu\/index.php\/wp-json\/wp\/v2\/media?parent=27508"}],"wp:term":[{"taxonomy":"category","embeddable":true,"href":"https:\/\/sp1.kielce.eu\/index.php\/wp-json\/wp\/v2\/categories?post=27508"},{"taxonomy":"post_tag","embeddable":true,"href":"https:\/\/sp1.kielce.eu\/index.php\/wp-json\/wp\/v2\/tags?post=27508"}],"curies":[{"name":"wp","href":"https:\/\/api.w.org\/{rel}","templated":true}]}}