{"id":27501,"date":"2023-04-15T21:06:48","date_gmt":"2023-04-15T19:06:48","guid":{"rendered":"http:\/\/sp1.kielce.eu\/?p=27501"},"modified":"2023-04-15T21:06:48","modified_gmt":"2023-04-15T19:06:48","slug":"konkurs-nasza-droga-do-czystego-srodowiska-2","status":"publish","type":"post","link":"https:\/\/sp1.kielce.eu\/index.php\/2023\/04\/15\/konkurs-nasza-droga-do-czystego-srodowiska-2\/","title":{"rendered":"KONKURS ,,NASZA DROGA DO CZYSTEGO \u015aRODOWISKA&#8221;"},"content":{"rendered":"\n<p><\/p>\n\n\n\n<p>Kolejne (czwarte)zadanie polega\u0142o na uczestnictwie uczni\u00f3w w ekologicznej wycieczce zwi\u0105zanej z tematyk\u0105 wody.&nbsp;<\/p>\n\n\n\n<p>Uczniowie\u00a0wraz z wychowawcami ( z p. I. Ko\u015bcieleck\u0105, p. E. Nowak) wybrali si\u0119 pieszo na wycieczk\u0119 ekologiczn\u0105\u00a0nad Zalew Kielecki. Odby\u0142a si\u0119 ona ramach konkursu edukacyjno-informacyjnego dotycz\u0105cego zr\u00f3wnowa\u017conego rozwoju, ochrony \u015brodowiska i gospodarki wodnej pod has\u0142em ,,NASZA DROGA DO CZYSTEGO \u015aRODOWISKA&#8221;. Na miejscu nauczyciele przeprowadzili zaj\u0119cia, kt\u00f3re mia\u0142y na celu ,,uwra\u017cliwienie dzieci na aspekt poszanowania \\oszcz\u0119dzania wody, roli i znaczenia wody dla \u017cycia, cz\u0142owieka i przyrody &#8221;.<\/p>\n\n\n\n<p>Mimo ch\u0142odnej aury, dzieci wr\u00f3ci\u0142y z wycieczki bardzo zadowolone.<\/p>\n\n\n\n<p class=\"has-text-align-right\">Koordynator:<br>Iwona Ko\u015bcielecka\u00a0<br>Ewa Nowak<\/p>\n\n\n\n<figure class=\"wp-block-gallery has-nested-images columns-default is-cropped wp-block-gallery-1 is-layout-flex wp-block-gallery-is-layout-flex\">\n<figure class=\"wp-block-image size-large\"><a href=\"http:\/\/sp1.kielce.eu\/wp-content\/uploads\/2023\/04\/Zdjecie-WhatsApp-2023-04-12-o-22.01.58-Copy.jpg\"><img loading=\"lazy\" decoding=\"async\" width=\"1200\" height=\"540\" data-id=\"27504\" src=\"http:\/\/sp1.kielce.eu\/wp-content\/uploads\/2023\/04\/Zdjecie-WhatsApp-2023-04-12-o-22.01.58-Copy.jpg\" alt=\"\" class=\"wp-image-27504\" srcset=\"https:\/\/sp1.kielce.eu\/wp-content\/uploads\/2023\/04\/Zdjecie-WhatsApp-2023-04-12-o-22.01.58-Copy.jpg 1200w, https:\/\/sp1.kielce.eu\/wp-content\/uploads\/2023\/04\/Zdjecie-WhatsApp-2023-04-12-o-22.01.58-Copy-300x135.jpg 300w, https:\/\/sp1.kielce.eu\/wp-content\/uploads\/2023\/04\/Zdjecie-WhatsApp-2023-04-12-o-22.01.58-Copy-768x346.jpg 768w, https:\/\/sp1.kielce.eu\/wp-content\/uploads\/2023\/04\/Zdjecie-WhatsApp-2023-04-12-o-22.01.58-Copy-820x369.jpg 820w\" sizes=\"auto, (max-width: 1200px) 100vw, 1200px\" \/><\/a><\/figure>\n\n\n\n<figure class=\"wp-block-image size-large\"><a href=\"http:\/\/sp1.kielce.eu\/wp-content\/uploads\/2023\/04\/Zdjecie-WhatsApp-2023-04-12-o-22.02.46-Copy.jpg\"><img loading=\"lazy\" decoding=\"async\" width=\"1200\" height=\"540\" data-id=\"27502\" src=\"http:\/\/sp1.kielce.eu\/wp-content\/uploads\/2023\/04\/Zdjecie-WhatsApp-2023-04-12-o-22.02.46-Copy.jpg\" alt=\"\" class=\"wp-image-27502\" srcset=\"https:\/\/sp1.kielce.eu\/wp-content\/uploads\/2023\/04\/Zdjecie-WhatsApp-2023-04-12-o-22.02.46-Copy.jpg 1200w, https:\/\/sp1.kielce.eu\/wp-content\/uploads\/2023\/04\/Zdjecie-WhatsApp-2023-04-12-o-22.02.46-Copy-300x135.jpg 300w, https:\/\/sp1.kielce.eu\/wp-content\/uploads\/2023\/04\/Zdjecie-WhatsApp-2023-04-12-o-22.02.46-Copy-768x346.jpg 768w, https:\/\/sp1.kielce.eu\/wp-content\/uploads\/2023\/04\/Zdjecie-WhatsApp-2023-04-12-o-22.02.46-Copy-820x369.jpg 820w\" sizes=\"auto, (max-width: 1200px) 100vw, 1200px\" \/><\/a><\/figure>\n\n\n\n<figure class=\"wp-block-image size-large\"><a href=\"http:\/\/sp1.kielce.eu\/wp-content\/uploads\/2023\/04\/Zdjecie-WhatsApp-2023-04-12-o-22.03.38-Copy.jpg\"><img loading=\"lazy\" decoding=\"async\" width=\"1200\" height=\"540\" data-id=\"27503\" src=\"http:\/\/sp1.kielce.eu\/wp-content\/uploads\/2023\/04\/Zdjecie-WhatsApp-2023-04-12-o-22.03.38-Copy.jpg\" alt=\"\" class=\"wp-image-27503\" srcset=\"https:\/\/sp1.kielce.eu\/wp-content\/uploads\/2023\/04\/Zdjecie-WhatsApp-2023-04-12-o-22.03.38-Copy.jpg 1200w, https:\/\/sp1.kielce.eu\/wp-content\/uploads\/2023\/04\/Zdjecie-WhatsApp-2023-04-12-o-22.03.38-Copy-300x135.jpg 300w, https:\/\/sp1.kielce.eu\/wp-content\/uploads\/2023\/04\/Zdjecie-WhatsApp-2023-04-12-o-22.03.38-Copy-768x346.jpg 768w, https:\/\/sp1.kielce.eu\/wp-content\/uploads\/2023\/04\/Zdjecie-WhatsApp-2023-04-12-o-22.03.38-Copy-820x369.jpg 820w\" sizes=\"auto, (max-width: 1200px) 100vw, 1200px\" \/><\/a><\/figure>\n<\/figure>\n","protected":false},"excerpt":{"rendered":"<p>Kolejne (czwarte)zadanie polega\u0142o na uczestnictwie uczni\u00f3w w ekologicznej wycieczce zwi\u0105zanej z tematyk\u0105 wody.&nbsp; Uczniowie\u00a0wraz z [&hellip;]<\/p>\n","protected":false},"author":13,"featured_media":27505,"comment_status":"closed","ping_status":"","sticky":false,"template":"","format":"standard","meta":{"footnotes":""},"categories":[36,21],"tags":[],"class_list":["post-27501","post","type-post","status-publish","format-standard","has-post-thumbnail","hentry","category-wydarzenia","category-konkursy"],"_links":{"self":[{"href":"https:\/\/sp1.kielce.eu\/index.php\/wp-json\/wp\/v2\/posts\/27501","targetHints":{"allow":["GET"]}}],"collection":[{"href":"https:\/\/sp1.kielce.eu\/index.php\/wp-json\/wp\/v2\/posts"}],"about":[{"href":"https:\/\/sp1.kielce.eu\/index.php\/wp-json\/wp\/v2\/types\/post"}],"author":[{"embeddable":true,"href":"https:\/\/sp1.kielce.eu\/index.php\/wp-json\/wp\/v2\/users\/13"}],"replies":[{"embeddable":true,"href":"https:\/\/sp1.kielce.eu\/index.php\/wp-json\/wp\/v2\/comments?post=27501"}],"version-history":[{"count":2,"href":"https:\/\/sp1.kielce.eu\/index.php\/wp-json\/wp\/v2\/posts\/27501\/revisions"}],"predecessor-version":[{"id":27507,"href":"https:\/\/sp1.kielce.eu\/index.php\/wp-json\/wp\/v2\/posts\/27501\/revisions\/27507"}],"wp:featuredmedia":[{"embeddable":true,"href":"https:\/\/sp1.kielce.eu\/index.php\/wp-json\/wp\/v2\/media\/27505"}],"wp:attachment":[{"href":"https:\/\/sp1.kielce.eu\/index.php\/wp-json\/wp\/v2\/media?parent=27501"}],"wp:term":[{"taxonomy":"category","embeddable":true,"href":"https:\/\/sp1.kielce.eu\/index.php\/wp-json\/wp\/v2\/categories?post=27501"},{"taxonomy":"post_tag","embeddable":true,"href":"https:\/\/sp1.kielce.eu\/index.php\/wp-json\/wp\/v2\/tags?post=27501"}],"curies":[{"name":"wp","href":"https:\/\/api.w.org\/{rel}","templated":true}]}}