{"id":27466,"date":"2023-04-14T08:24:16","date_gmt":"2023-04-14T06:24:16","guid":{"rendered":"http:\/\/sp1.kielce.eu\/?p=27466"},"modified":"2023-04-14T08:24:16","modified_gmt":"2023-04-14T06:24:16","slug":"nasza-droga-do-czystego-srodowiska-5","status":"publish","type":"post","link":"https:\/\/sp1.kielce.eu\/index.php\/2023\/04\/14\/nasza-droga-do-czystego-srodowiska-5\/","title":{"rendered":"&#8222;NASZA DROGA DO CZYSTEGO \u015aRODOWISKA&#8221;"},"content":{"rendered":"\n<p>Dzi\u015b klasa 7a pod opiek\u0105&nbsp; pani Patrycji Zar\u0119ba- Michalskiej odwiedzi\u0142a \u015awi\u0119tokrzyskie i Nadnidzia\u0144skie Parki Krajobrazowe w Kielcach.&nbsp;&nbsp;Celem dzisiejszej wycieczki by\u0142o:<\/p>\n\n\n\n<ul class=\"wp-block-list\">\n<li>upowszechnianie wiedzy o konieczno\u015bci zachowania i racjonalnego wykorzystania zasob\u00f3w przyrodniczych,<\/li>\n\n\n\n<li>zapoznanie si\u0119 z rol\u0105 i funkcj\u0105 obszar\u00f3w szczeg\u00f3lnie chronionych,<\/li>\n\n\n\n<li>zapoznanie si\u0119 z walorami przyrodniczymi, kulturowymi, historycznymi i krajobrazowymi najbli\u017cszej okolicy i regionu,<\/li>\n\n\n\n<li>kszta\u0142towanie w\u0142a\u015bciwych postaw cz\u0142owieka wobec przyrody.<\/li>\n<\/ul>\n\n\n\n<p>Kolejne zadanie&nbsp; w konkursie edukacyjno &#8211; informacyjnym zorganizowanym przez Urz\u0105d Miasta Kielce &#8222;NASZA DROGA DO CZYSTEGO \u015aRODOWISKA&#8221; (kategoria wiekowa 7-8)zosta\u0142o wykonane.<\/p>\n\n\n\n<p>opiekun konkursu<\/p>\n\n\n\n<p>Patrycja Zar\u0119ba- Michalska &#8211; nauczyciel fizyki<\/p>\n\n\n\n<figure class=\"wp-block-gallery has-nested-images columns-default is-cropped wp-block-gallery-1 is-layout-flex wp-block-gallery-is-layout-flex\">\n<figure class=\"wp-block-image size-large\"><a href=\"http:\/\/sp1.kielce.eu\/wp-content\/uploads\/2023\/04\/image-Medium.png\"><img loading=\"lazy\" decoding=\"async\" width=\"768\" height=\"768\" data-id=\"27470\" src=\"http:\/\/sp1.kielce.eu\/wp-content\/uploads\/2023\/04\/image-Medium.png\" alt=\"\" class=\"wp-image-27470\" srcset=\"https:\/\/sp1.kielce.eu\/wp-content\/uploads\/2023\/04\/image-Medium.png 768w, https:\/\/sp1.kielce.eu\/wp-content\/uploads\/2023\/04\/image-Medium-300x300.png 300w, https:\/\/sp1.kielce.eu\/wp-content\/uploads\/2023\/04\/image-Medium-150x150.png 150w\" sizes=\"auto, (max-width: 768px) 100vw, 768px\" \/><\/a><\/figure>\n\n\n\n<figure class=\"wp-block-image size-large\"><a href=\"http:\/\/sp1.kielce.eu\/wp-content\/uploads\/2023\/04\/IMG_3860-Medium-rotated.jpg\"><img loading=\"lazy\" decoding=\"async\" width=\"675\" height=\"900\" data-id=\"27469\" src=\"http:\/\/sp1.kielce.eu\/wp-content\/uploads\/2023\/04\/IMG_3860-Medium-675x900.jpg\" alt=\"\" class=\"wp-image-27469\" srcset=\"https:\/\/sp1.kielce.eu\/wp-content\/uploads\/2023\/04\/IMG_3860-Medium-675x900.jpg 675w, https:\/\/sp1.kielce.eu\/wp-content\/uploads\/2023\/04\/IMG_3860-Medium-225x300.jpg 225w, https:\/\/sp1.kielce.eu\/wp-content\/uploads\/2023\/04\/IMG_3860-Medium-rotated.jpg 768w\" sizes=\"auto, (max-width: 675px) 100vw, 675px\" \/><\/a><\/figure>\n\n\n\n<figure class=\"wp-block-image size-large\"><a href=\"http:\/\/sp1.kielce.eu\/wp-content\/uploads\/2023\/04\/IMG_3870-Medium-rotated.jpg\"><img loading=\"lazy\" decoding=\"async\" width=\"675\" height=\"900\" data-id=\"27468\" src=\"http:\/\/sp1.kielce.eu\/wp-content\/uploads\/2023\/04\/IMG_3870-Medium-675x900.jpg\" alt=\"\" class=\"wp-image-27468\" srcset=\"https:\/\/sp1.kielce.eu\/wp-content\/uploads\/2023\/04\/IMG_3870-Medium-675x900.jpg 675w, https:\/\/sp1.kielce.eu\/wp-content\/uploads\/2023\/04\/IMG_3870-Medium-225x300.jpg 225w, https:\/\/sp1.kielce.eu\/wp-content\/uploads\/2023\/04\/IMG_3870-Medium-rotated.jpg 768w\" sizes=\"auto, (max-width: 675px) 100vw, 675px\" \/><\/a><\/figure>\n\n\n\n<figure class=\"wp-block-image size-large\"><a href=\"http:\/\/sp1.kielce.eu\/wp-content\/uploads\/2023\/04\/IMG_3874-Medium-rotated.jpg\"><img loading=\"lazy\" decoding=\"async\" width=\"675\" height=\"900\" data-id=\"27467\" src=\"http:\/\/sp1.kielce.eu\/wp-content\/uploads\/2023\/04\/IMG_3874-Medium-675x900.jpg\" alt=\"\" class=\"wp-image-27467\" srcset=\"https:\/\/sp1.kielce.eu\/wp-content\/uploads\/2023\/04\/IMG_3874-Medium-675x900.jpg 675w, https:\/\/sp1.kielce.eu\/wp-content\/uploads\/2023\/04\/IMG_3874-Medium-225x300.jpg 225w, https:\/\/sp1.kielce.eu\/wp-content\/uploads\/2023\/04\/IMG_3874-Medium-rotated.jpg 768w\" sizes=\"auto, (max-width: 675px) 100vw, 675px\" \/><\/a><\/figure>\n<\/figure>\n","protected":false},"excerpt":{"rendered":"<p>Dzi\u015b klasa 7a pod opiek\u0105&nbsp; pani Patrycji Zar\u0119ba- Michalskiej odwiedzi\u0142a \u015awi\u0119tokrzyskie i Nadnidzia\u0144skie Parki Krajobrazowe [&hellip;]<\/p>\n","protected":false},"author":5,"featured_media":27470,"comment_status":"closed","ping_status":"","sticky":false,"template":"","format":"standard","meta":{"footnotes":""},"categories":[36],"tags":[],"class_list":["post-27466","post","type-post","status-publish","format-standard","has-post-thumbnail","hentry","category-wydarzenia"],"_links":{"self":[{"href":"https:\/\/sp1.kielce.eu\/index.php\/wp-json\/wp\/v2\/posts\/27466","targetHints":{"allow":["GET"]}}],"collection":[{"href":"https:\/\/sp1.kielce.eu\/index.php\/wp-json\/wp\/v2\/posts"}],"about":[{"href":"https:\/\/sp1.kielce.eu\/index.php\/wp-json\/wp\/v2\/types\/post"}],"author":[{"embeddable":true,"href":"https:\/\/sp1.kielce.eu\/index.php\/wp-json\/wp\/v2\/users\/5"}],"replies":[{"embeddable":true,"href":"https:\/\/sp1.kielce.eu\/index.php\/wp-json\/wp\/v2\/comments?post=27466"}],"version-history":[{"count":1,"href":"https:\/\/sp1.kielce.eu\/index.php\/wp-json\/wp\/v2\/posts\/27466\/revisions"}],"predecessor-version":[{"id":27471,"href":"https:\/\/sp1.kielce.eu\/index.php\/wp-json\/wp\/v2\/posts\/27466\/revisions\/27471"}],"wp:featuredmedia":[{"embeddable":true,"href":"https:\/\/sp1.kielce.eu\/index.php\/wp-json\/wp\/v2\/media\/27470"}],"wp:attachment":[{"href":"https:\/\/sp1.kielce.eu\/index.php\/wp-json\/wp\/v2\/media?parent=27466"}],"wp:term":[{"taxonomy":"category","embeddable":true,"href":"https:\/\/sp1.kielce.eu\/index.php\/wp-json\/wp\/v2\/categories?post=27466"},{"taxonomy":"post_tag","embeddable":true,"href":"https:\/\/sp1.kielce.eu\/index.php\/wp-json\/wp\/v2\/tags?post=27466"}],"curies":[{"name":"wp","href":"https:\/\/api.w.org\/{rel}","templated":true}]}}