{"id":27456,"date":"2023-04-14T08:16:26","date_gmt":"2023-04-14T06:16:26","guid":{"rendered":"http:\/\/sp1.kielce.eu\/?p=27456"},"modified":"2023-04-14T08:16:26","modified_gmt":"2023-04-14T06:16:26","slug":"pho3nix-active-school-2","status":"publish","type":"post","link":"https:\/\/sp1.kielce.eu\/index.php\/2023\/04\/14\/pho3nix-active-school-2\/","title":{"rendered":"Pho3nix Active School!"},"content":{"rendered":"\n<p>Zbli\u017camy si\u0119 do fina\u0142owego ko\u0144ca. Jeste\u015bmy podekscytowani!!!<\/p>\n\n\n\n<p>Pami\u0119tajmy, \u017ce inicjatyw\u0105 tego konkursu jest promowa\u0107 aktywno\u015b\u0107 fizyczn\u0105 i promowa\u0107 zdrowy styl \u017cycia.<\/p>\n\n\n\n<p>Najistotniejsze kryteria:<\/p>\n\n\n\n<ul class=\"wp-block-list\">\n<li>Kreatywno\u015b\u0107 (zaprezentowanie takich cech motorycznych jak: si\u0142a, wytrzyma\u0142o\u015b\u0107, skoczno\u015b\u0107 i zwinno\u015b\u0107)<\/li>\n\n\n\n<li>Zaanga\u017cowanie jak najwi\u0119kszej liczby dzieci<\/li>\n\n\n\n<li>R\u00f3\u017cnorodno\u015b\u0107 inicjatyw \u2013 POKAZANIE, \u017bE W SPORCIE JEST MIEJSCE DLA KA\u017bDEGO \ud83d\ude42<\/li>\n<\/ul>\n\n\n\n<p>Nauczyciele realizuj\u0105cy:<\/p>\n\n\n\n<p>Agnieszka Adamczyk<\/p>\n\n\n\n<p>Marta Wi\u0119ckowska<\/p>\n\n\n\n<figure class=\"wp-block-gallery has-nested-images columns-default is-cropped wp-block-gallery-1 is-layout-flex wp-block-gallery-is-layout-flex\">\n<figure class=\"wp-block-image size-large\"><img loading=\"lazy\" decoding=\"async\" width=\"900\" height=\"900\" data-id=\"27457\" src=\"http:\/\/sp1.kielce.eu\/wp-content\/uploads\/2023\/04\/PAS-dla-szkoly-scaled-1-900x900.jpg\" alt=\"\" class=\"wp-image-27457\" srcset=\"https:\/\/sp1.kielce.eu\/wp-content\/uploads\/2023\/04\/PAS-dla-szkoly-scaled-1-900x900.jpg 900w, https:\/\/sp1.kielce.eu\/wp-content\/uploads\/2023\/04\/PAS-dla-szkoly-scaled-1-300x300.jpg 300w, https:\/\/sp1.kielce.eu\/wp-content\/uploads\/2023\/04\/PAS-dla-szkoly-scaled-1-150x150.jpg 150w, https:\/\/sp1.kielce.eu\/wp-content\/uploads\/2023\/04\/PAS-dla-szkoly-scaled-1-768x768.jpg 768w, https:\/\/sp1.kielce.eu\/wp-content\/uploads\/2023\/04\/PAS-dla-szkoly-scaled-1-1536x1536.jpg 1536w, https:\/\/sp1.kielce.eu\/wp-content\/uploads\/2023\/04\/PAS-dla-szkoly-scaled-1-2048x2048.jpg 2048w, https:\/\/sp1.kielce.eu\/wp-content\/uploads\/2023\/04\/PAS-dla-szkoly-scaled-1-820x820.jpg 820w\" sizes=\"auto, (max-width: 900px) 100vw, 900px\" \/><\/figure>\n<\/figure>\n","protected":false},"excerpt":{"rendered":"<p>Zbli\u017camy si\u0119 do fina\u0142owego ko\u0144ca. Jeste\u015bmy podekscytowani!!! Pami\u0119tajmy, \u017ce inicjatyw\u0105 tego konkursu jest promowa\u0107 aktywno\u015b\u0107 [&hellip;]<\/p>\n","protected":false},"author":5,"featured_media":27457,"comment_status":"closed","ping_status":"","sticky":false,"template":"","format":"standard","meta":{"footnotes":""},"categories":[36,11],"tags":[],"class_list":["post-27456","post","type-post","status-publish","format-standard","has-post-thumbnail","hentry","category-wydarzenia","category-zawody-sportowe"],"_links":{"self":[{"href":"https:\/\/sp1.kielce.eu\/index.php\/wp-json\/wp\/v2\/posts\/27456","targetHints":{"allow":["GET"]}}],"collection":[{"href":"https:\/\/sp1.kielce.eu\/index.php\/wp-json\/wp\/v2\/posts"}],"about":[{"href":"https:\/\/sp1.kielce.eu\/index.php\/wp-json\/wp\/v2\/types\/post"}],"author":[{"embeddable":true,"href":"https:\/\/sp1.kielce.eu\/index.php\/wp-json\/wp\/v2\/users\/5"}],"replies":[{"embeddable":true,"href":"https:\/\/sp1.kielce.eu\/index.php\/wp-json\/wp\/v2\/comments?post=27456"}],"version-history":[{"count":1,"href":"https:\/\/sp1.kielce.eu\/index.php\/wp-json\/wp\/v2\/posts\/27456\/revisions"}],"predecessor-version":[{"id":27458,"href":"https:\/\/sp1.kielce.eu\/index.php\/wp-json\/wp\/v2\/posts\/27456\/revisions\/27458"}],"wp:featuredmedia":[{"embeddable":true,"href":"https:\/\/sp1.kielce.eu\/index.php\/wp-json\/wp\/v2\/media\/27457"}],"wp:attachment":[{"href":"https:\/\/sp1.kielce.eu\/index.php\/wp-json\/wp\/v2\/media?parent=27456"}],"wp:term":[{"taxonomy":"category","embeddable":true,"href":"https:\/\/sp1.kielce.eu\/index.php\/wp-json\/wp\/v2\/categories?post=27456"},{"taxonomy":"post_tag","embeddable":true,"href":"https:\/\/sp1.kielce.eu\/index.php\/wp-json\/wp\/v2\/tags?post=27456"}],"curies":[{"name":"wp","href":"https:\/\/api.w.org\/{rel}","templated":true}]}}