{"id":27448,"date":"2023-04-13T21:08:31","date_gmt":"2023-04-13T19:08:31","guid":{"rendered":"http:\/\/sp1.kielce.eu\/?p=27448"},"modified":"2023-04-13T21:08:31","modified_gmt":"2023-04-13T19:08:31","slug":"4-minuty-do-zycia-lekcja-o-bezpieczenstwie","status":"publish","type":"post","link":"https:\/\/sp1.kielce.eu\/index.php\/2023\/04\/13\/4-minuty-do-zycia-lekcja-o-bezpieczenstwie\/","title":{"rendered":"4 minuty do \u017cycia &#8211; lekcja o bezpiecze\u0144stwie"},"content":{"rendered":"\n<p>W pierwszych dniach kwietnia uczniowie klasy I&nbsp;b wzi\u0119li udzia\u0142 w&nbsp;zaj\u0119ciach pod nazw\u0105 \u201e4&nbsp;minuty do \u017cycia&nbsp;. Prowadz\u0105cy m\u0142. asp. Tomasz Klimczewski z&nbsp;Wydzia\u0142u Ruchu Drogowego Komendy Miejskiej Policji w&nbsp;Kielcach, przeprowadzi\u0142 warsztaty o&nbsp;udzielaniu pierwszej pomocy.<\/p>\n\n\n\n<p>Pierwszoklasi\u015bci dowiedzieli si\u0119, \u017ce podczas utraty czynno\u015bci \u017cyciowych o&nbsp;prze\u017cyciu decyduj\u0105 pierwsze 4&nbsp;minuty. Pomoc specjalistyczna nie zawsze zd\u0105\u017cy przyjecha\u0107 w&nbsp;tym czasie, dlatego tak wa\u017cna jest edukacja dzieci od najm\u0142odszych lat.<\/p>\n\n\n\n<p>Po obejrzeniu kr\u00f3tkiego filmu edukacyjnego oraz instrukta\u017cu w&nbsp;przypadku gdy widzimy osob\u0119 nieprzytomn\u0105, dzieci indywidualnie pr\u00f3bowa\u0142y nauczy\u0107 si\u0119 udziela\u0107 pierwszej pomocy.<\/p>\n\n\n\n<p class=\"has-text-align-right\">Wychowawca klasy I&nbsp;b- Kinga Kozie\u0142<\/p>\n\n\n\n<figure class=\"wp-block-gallery has-nested-images columns-4 is-cropped wp-block-gallery-1 is-layout-flex wp-block-gallery-is-layout-flex\">\n<figure class=\"wp-block-image size-large\"><a href=\"http:\/\/sp1.kielce.eu\/wp-content\/uploads\/2023\/04\/20230403_090119-Copy.jpg\"><img loading=\"lazy\" decoding=\"async\" width=\"1200\" height=\"831\" data-id=\"27450\" src=\"http:\/\/sp1.kielce.eu\/wp-content\/uploads\/2023\/04\/20230403_090119-Copy.jpg\" alt=\"\" class=\"wp-image-27450\" srcset=\"https:\/\/sp1.kielce.eu\/wp-content\/uploads\/2023\/04\/20230403_090119-Copy.jpg 1200w, https:\/\/sp1.kielce.eu\/wp-content\/uploads\/2023\/04\/20230403_090119-Copy-300x208.jpg 300w, https:\/\/sp1.kielce.eu\/wp-content\/uploads\/2023\/04\/20230403_090119-Copy-768x532.jpg 768w, https:\/\/sp1.kielce.eu\/wp-content\/uploads\/2023\/04\/20230403_090119-Copy-820x568.jpg 820w\" sizes=\"auto, (max-width: 1200px) 100vw, 1200px\" \/><\/a><\/figure>\n\n\n\n<figure class=\"wp-block-image size-large\"><a href=\"http:\/\/sp1.kielce.eu\/wp-content\/uploads\/2023\/04\/20230403_0929350-Copy.jpg\"><img loading=\"lazy\" decoding=\"async\" width=\"1200\" height=\"900\" data-id=\"27449\" src=\"http:\/\/sp1.kielce.eu\/wp-content\/uploads\/2023\/04\/20230403_0929350-Copy.jpg\" alt=\"\" class=\"wp-image-27449\" srcset=\"https:\/\/sp1.kielce.eu\/wp-content\/uploads\/2023\/04\/20230403_0929350-Copy.jpg 1200w, https:\/\/sp1.kielce.eu\/wp-content\/uploads\/2023\/04\/20230403_0929350-Copy-300x225.jpg 300w, https:\/\/sp1.kielce.eu\/wp-content\/uploads\/2023\/04\/20230403_0929350-Copy-768x576.jpg 768w, https:\/\/sp1.kielce.eu\/wp-content\/uploads\/2023\/04\/20230403_0929350-Copy-820x615.jpg 820w\" sizes=\"auto, (max-width: 1200px) 100vw, 1200px\" \/><\/a><\/figure>\n\n\n\n<figure class=\"wp-block-image size-large\"><a href=\"http:\/\/sp1.kielce.eu\/wp-content\/uploads\/2023\/04\/20230403_094243-Copy.jpg\"><img loading=\"lazy\" decoding=\"async\" width=\"1200\" height=\"900\" data-id=\"27452\" src=\"http:\/\/sp1.kielce.eu\/wp-content\/uploads\/2023\/04\/20230403_094243-Copy.jpg\" alt=\"\" class=\"wp-image-27452\" srcset=\"https:\/\/sp1.kielce.eu\/wp-content\/uploads\/2023\/04\/20230403_094243-Copy.jpg 1200w, https:\/\/sp1.kielce.eu\/wp-content\/uploads\/2023\/04\/20230403_094243-Copy-300x225.jpg 300w, https:\/\/sp1.kielce.eu\/wp-content\/uploads\/2023\/04\/20230403_094243-Copy-768x576.jpg 768w, https:\/\/sp1.kielce.eu\/wp-content\/uploads\/2023\/04\/20230403_094243-Copy-820x615.jpg 820w\" sizes=\"auto, (max-width: 1200px) 100vw, 1200px\" \/><\/a><\/figure>\n<\/figure>\n","protected":false},"excerpt":{"rendered":"<p>W pierwszych dniach kwietnia uczniowie klasy I&nbsp;b wzi\u0119li udzia\u0142 w&nbsp;zaj\u0119ciach pod nazw\u0105 \u201e4&nbsp;minuty do \u017cycia&nbsp;. [&hellip;]<\/p>\n","protected":false},"author":13,"featured_media":27453,"comment_status":"closed","ping_status":"","sticky":false,"template":"","format":"standard","meta":{"footnotes":""},"categories":[36],"tags":[],"class_list":["post-27448","post","type-post","status-publish","format-standard","has-post-thumbnail","hentry","category-wydarzenia"],"_links":{"self":[{"href":"https:\/\/sp1.kielce.eu\/index.php\/wp-json\/wp\/v2\/posts\/27448","targetHints":{"allow":["GET"]}}],"collection":[{"href":"https:\/\/sp1.kielce.eu\/index.php\/wp-json\/wp\/v2\/posts"}],"about":[{"href":"https:\/\/sp1.kielce.eu\/index.php\/wp-json\/wp\/v2\/types\/post"}],"author":[{"embeddable":true,"href":"https:\/\/sp1.kielce.eu\/index.php\/wp-json\/wp\/v2\/users\/13"}],"replies":[{"embeddable":true,"href":"https:\/\/sp1.kielce.eu\/index.php\/wp-json\/wp\/v2\/comments?post=27448"}],"version-history":[{"count":2,"href":"https:\/\/sp1.kielce.eu\/index.php\/wp-json\/wp\/v2\/posts\/27448\/revisions"}],"predecessor-version":[{"id":27455,"href":"https:\/\/sp1.kielce.eu\/index.php\/wp-json\/wp\/v2\/posts\/27448\/revisions\/27455"}],"wp:featuredmedia":[{"embeddable":true,"href":"https:\/\/sp1.kielce.eu\/index.php\/wp-json\/wp\/v2\/media\/27453"}],"wp:attachment":[{"href":"https:\/\/sp1.kielce.eu\/index.php\/wp-json\/wp\/v2\/media?parent=27448"}],"wp:term":[{"taxonomy":"category","embeddable":true,"href":"https:\/\/sp1.kielce.eu\/index.php\/wp-json\/wp\/v2\/categories?post=27448"},{"taxonomy":"post_tag","embeddable":true,"href":"https:\/\/sp1.kielce.eu\/index.php\/wp-json\/wp\/v2\/tags?post=27448"}],"curies":[{"name":"wp","href":"https:\/\/api.w.org\/{rel}","templated":true}]}}