{"id":27398,"date":"2023-04-06T11:50:11","date_gmt":"2023-04-06T09:50:11","guid":{"rendered":"http:\/\/sp1.kielce.eu\/?p=27398"},"modified":"2023-04-06T11:50:11","modified_gmt":"2023-04-06T09:50:11","slug":"wycieczka-kl-5a-i-5b-do-warszawy","status":"publish","type":"post","link":"https:\/\/sp1.kielce.eu\/index.php\/2023\/04\/06\/wycieczka-kl-5a-i-5b-do-warszawy\/","title":{"rendered":"Wycieczka kl 5a i 5b do Warszawy"},"content":{"rendered":"\n<p>5 kwietnia 2023r klasy 5a i 5b wybra\u0142y sie na wycieczk\u0119 do Warszawy. W programie mieli\u015bmy wjazd na 30te pi\u0119tro Pa\u0142acu Kultury i Nauki a potem zwiedzanie wystawy Body Worlds. <\/p>\n\n\n\n<p>Ekspozycja przedstawia cia\u0142o nie tylko jako podstaw\u0119 naszej fizycznej egzystencji, ale tak\u017ce jako zwierciad\u0142o naszego w\u0142asnego stylu \u017cycia. Cokolwiek robimy lub czego nie robimy, to co jemy, jak i czy \u0107wiczymy \u2013 wszystko ma na nas fizyczny wp\u0142yw, zar\u00f3wno pozytywny, jak i negatywny\u201d. Ekspozycja przywodzi na my\u015bl te skojarzenia i przedstawia wyj\u0105tkowo\u015b\u0107 ludzkiego \u017cycia. Wiedza zdobyta na wystawie wyostrza poczucie w\u0142asnej bezbronno\u015bci oraz warto\u015bci w\u0142asnego zdrowia jednocze\u015bnie ucz\u0105c jak lepiej dba\u0107 o siebie szczeg\u00f3lnie teraz w tym trudnym dla nas wszystkich okresie.<\/p>\n\n\n\n<p>Bezprecedensowy sukces\u00a0<strong>BODY WORLDS<\/strong>\u00a0opiera si\u0119 na prze\u0142omowym procesie plastynacji\u00a0<strong>prof. Gunthera von Hagensa<\/strong>\u00a0\u2013 metodzie konserwacji tkanki anatomicznej wynalezionej przez lekarza i anatoma w 1977 r. na Uniwersytecie w Heidelbergu. Dopracowanie tej technologii zaj\u0119\u0142o mu wiele lat. Pierwotnie plastynacja mia\u0142a s\u0142u\u017cy\u0107 wy\u0142\u0105cznie \u015brodowisku naukowemu oraz zaawansowanej edukacji. Jednak kiedy\u00a0<strong>prof. von Hagens<\/strong>\u00a0po raz pierwszy zaprezentowa\u0142 swoje plastynaty publiczno\u015bci w Narodowym Muzeum Nauki w Tokio, w 1995 r., nie m\u00f3g\u0142 przewidzie\u0107 medialnego szumu oraz rewolucji kt\u00f3r\u0105 wywo\u0142a\u0142 jego wynalazek: \u201eNie doceni\u0142em jak du\u017cy b\u0119dzie to sukces\u201d \u2013 powiedzia\u0142\u00a0<strong>prof. von Hagens<\/strong>. Od tego czasu\u00a0<strong>prof. von Hagens<\/strong>\u00a0po\u015bwi\u0119ca sw\u00f3j czas edukuj\u0105c spo\u0142ecze\u0144stwo w tematyce ludzkiego cia\u0142a.<\/p>\n\n\n\n<p>Nast\u0119pnie udali\u015bmy si\u0119 do muzeum Cosmos gdzie mogli\u015bmy obejrze\u0107 wystaw\u0119.<\/p>\n\n\n\n<p>Wystawa nazywa si\u0119 Cosmos nie tylko dlatego, \u017ce przypomina troch\u0119 kosmiczne do\u015bwiadczenie podczas przechodzenia przez osza\u0142amiaj\u0105ce iluzje, ale dlatego, \u017ce musimy g\u0142\u0119biej spojrze\u0107 w siebie. Po\u015bwi\u0119\u0107 troch\u0119 czasu, spaceruj\u0105c po eksponatach, co czujesz? Przeanalizuj swoje uczucia. Mamy nadziej\u0119, \u017ce dowiesz si\u0119 czego\u015b nowego o sobie i swoim wewn\u0119trznym Kosmosie.<\/p>\n\n\n\n<p>Wystawa sk\u0142ada si\u0119 z interaktywnych eksponat\u00f3w, kt\u00f3re \u0142\u0105cz\u0105 w sobie iluzj\u0119, sztuk\u0119 nowoczesn\u0105 oraz instagramow\u0105 estetyk\u0119. Osoba w ka\u017cdym wieku znajdzie u Nas co\u015b dla siebie.<\/p>\n\n\n\n<p>\u015awietnie si\u0119 bawili\u015bmy, zapraszamy do kr\u00f3tkiej videorelacji<\/p>\n\n\n\n<p>Paulina Kondracka <\/p>\n\n\n\n<p>Piotr Surma<\/p>\n\n\n\n<p>Mariola Str\u00f3zik<\/p>\n\n\n\n<figure class=\"wp-block-embed is-type-video is-provider-youtube wp-block-embed-youtube wp-embed-aspect-16-9 wp-has-aspect-ratio\"><div class=\"wp-block-embed__wrapper\">\n<iframe loading=\"lazy\" title=\"Wycieczka kl 5a i 5b do Warszawy\" width=\"1160\" height=\"653\" src=\"https:\/\/www.youtube.com\/embed\/7IWr9brm7Gc?feature=oembed\" frameborder=\"0\" allow=\"accelerometer; autoplay; clipboard-write; encrypted-media; gyroscope; picture-in-picture; web-share\" allowfullscreen><\/iframe>\n<\/div><\/figure>\n","protected":false},"excerpt":{"rendered":"<p>5 kwietnia 2023r klasy 5a i 5b wybra\u0142y sie na wycieczk\u0119 do Warszawy. W programie [&hellip;]<\/p>\n","protected":false},"author":5,"featured_media":27399,"comment_status":"closed","ping_status":"","sticky":false,"template":"","format":"standard","meta":{"footnotes":""},"categories":[36],"tags":[],"class_list":["post-27398","post","type-post","status-publish","format-standard","has-post-thumbnail","hentry","category-wydarzenia"],"_links":{"self":[{"href":"https:\/\/sp1.kielce.eu\/index.php\/wp-json\/wp\/v2\/posts\/27398","targetHints":{"allow":["GET"]}}],"collection":[{"href":"https:\/\/sp1.kielce.eu\/index.php\/wp-json\/wp\/v2\/posts"}],"about":[{"href":"https:\/\/sp1.kielce.eu\/index.php\/wp-json\/wp\/v2\/types\/post"}],"author":[{"embeddable":true,"href":"https:\/\/sp1.kielce.eu\/index.php\/wp-json\/wp\/v2\/users\/5"}],"replies":[{"embeddable":true,"href":"https:\/\/sp1.kielce.eu\/index.php\/wp-json\/wp\/v2\/comments?post=27398"}],"version-history":[{"count":1,"href":"https:\/\/sp1.kielce.eu\/index.php\/wp-json\/wp\/v2\/posts\/27398\/revisions"}],"predecessor-version":[{"id":27400,"href":"https:\/\/sp1.kielce.eu\/index.php\/wp-json\/wp\/v2\/posts\/27398\/revisions\/27400"}],"wp:featuredmedia":[{"embeddable":true,"href":"https:\/\/sp1.kielce.eu\/index.php\/wp-json\/wp\/v2\/media\/27399"}],"wp:attachment":[{"href":"https:\/\/sp1.kielce.eu\/index.php\/wp-json\/wp\/v2\/media?parent=27398"}],"wp:term":[{"taxonomy":"category","embeddable":true,"href":"https:\/\/sp1.kielce.eu\/index.php\/wp-json\/wp\/v2\/categories?post=27398"},{"taxonomy":"post_tag","embeddable":true,"href":"https:\/\/sp1.kielce.eu\/index.php\/wp-json\/wp\/v2\/tags?post=27398"}],"curies":[{"name":"wp","href":"https:\/\/api.w.org\/{rel}","templated":true}]}}