{"id":27306,"date":"2023-04-04T08:37:56","date_gmt":"2023-04-04T06:37:56","guid":{"rendered":"http:\/\/sp1.kielce.eu\/?p=27306"},"modified":"2023-04-26T12:36:55","modified_gmt":"2023-04-26T10:36:55","slug":"xii-miedzyszkolny-turniej-pocztow-sztandarowych","status":"publish","type":"post","link":"https:\/\/sp1.kielce.eu\/index.php\/2023\/04\/04\/xii-miedzyszkolny-turniej-pocztow-sztandarowych\/","title":{"rendered":"XII Mi\u0119dzyszkolny Turniej Poczt\u00f3w Sztandarowych"},"content":{"rendered":"\n<p>Nasza m\u0142odzie\u017c z&nbsp;Pocztu Sztandarowego : Karolina Plech, Aleksandra Ga\u0142ecka i Maciej Kazusek wzi\u0119li udzia\u0142 w&nbsp;XII Mi\u0119dzyszkolnym Turnieju Poczt\u00f3w Sztandarowych, kt\u00f3ry przebiega w&nbsp;dw\u00f3ch etapach.<br>Pierwszy etap \u2013 konkurs wiedzy o&nbsp;polskich symbolach narodowych i&nbsp;symbolach szkolnych odby\u0142 si\u011931&nbsp;marca 2023&nbsp;r. w&nbsp;siedzibie Wojew\u00f3dzkiego Domu Kultury w&nbsp;Kielcach.<br>Organizatorem tego konkursu jest Szko\u0142a Podstawowa nr&nbsp;7 im.&nbsp;Partyzant\u00f3w Ziemi Kieleckiej w&nbsp;Kielcach we wsp\u00f3\u0142pracy z&nbsp;Kieleckim Ochotniczym Szwadronem Kawalerii oraz Wojew\u00f3dzkim Domem Kultury w&nbsp;Kielcach. Dziewi\u0105tej edycji Mi\u0119dzyszkolnego Turnieju Poczt\u00f3w Sztandarowych patronuj\u0105: Ministerstwo Obrony Narodowej, Ministerstwo Edukacji Narodowej, Wojewoda \u015awi\u0119tokrzyski, \u015awi\u0119tokrzyski Kurator O\u015bwiaty, Marsza\u0142ek Wojew\u00f3dztwa \u015awi\u0119tokrzyskiego, Starosta Kielecki oraz Prezydent Miasta Kielce.<br>Nadrz\u0119dnym celem Turnieju jest wzmocnienie patriotycznego procesu wychowywania m\u0142odzie\u017cy szkolnej w&nbsp;poszanowaniu i&nbsp;mi\u0142o\u015bci do polskich symboli narodowych, historii i&nbsp;tradycji, a&nbsp;tak\u017ce wpisanie najm\u0142odszego \u015bwi\u0119ta pa\u0144stwowego Dnia Flagi Rzeczypospolitej Polskiej w&nbsp;obowi\u0105zkowy kanon szkolnych uroczysto\u015bci.<\/p>\n\n\n\n<p>Nasza uczennica&nbsp;<strong>Karolina Plech<\/strong>&nbsp;zaj\u0119\u0142a w tym konkursie<strong>&nbsp;1 miejsce !!!<\/strong><\/p>\n\n\n\n<p>Serdecznie gratulujemy!!!<\/p>\n\n\n\n<p>Opiekunowie:<\/p>\n\n\n\n<p>Marta Wi\u0119ckowska<br>Katarzyna Szostak<\/p>\n\n\n\n<figure class=\"wp-block-gallery has-nested-images columns-default is-cropped wp-block-gallery-1 is-layout-flex wp-block-gallery-is-layout-flex\">\n<figure class=\"wp-block-image size-large\"><a href=\"http:\/\/sp1.kielce.eu\/wp-content\/uploads\/2023\/04\/IMG_20230404_065240-Medium.jpg\"><img loading=\"lazy\" decoding=\"async\" width=\"747\" height=\"900\" data-id=\"27308\" src=\"http:\/\/sp1.kielce.eu\/wp-content\/uploads\/2023\/04\/IMG_20230404_065240-Medium-747x900.jpg\" alt=\"\" class=\"wp-image-27308\" srcset=\"https:\/\/sp1.kielce.eu\/wp-content\/uploads\/2023\/04\/IMG_20230404_065240-Medium-747x900.jpg 747w, https:\/\/sp1.kielce.eu\/wp-content\/uploads\/2023\/04\/IMG_20230404_065240-Medium-249x300.jpg 249w, https:\/\/sp1.kielce.eu\/wp-content\/uploads\/2023\/04\/IMG_20230404_065240-Medium.jpg 768w\" sizes=\"auto, (max-width: 747px) 100vw, 747px\" \/><\/a><figcaption class=\"wp-element-caption\">oznorMB<\/figcaption><\/figure>\n\n\n\n<figure class=\"wp-block-image size-large\"><a href=\"http:\/\/sp1.kielce.eu\/wp-content\/uploads\/2023\/04\/IMG_20230404_065259-Medium.jpg\"><img loading=\"lazy\" decoding=\"async\" width=\"768\" height=\"847\" data-id=\"27307\" src=\"http:\/\/sp1.kielce.eu\/wp-content\/uploads\/2023\/04\/IMG_20230404_065259-Medium.jpg\" alt=\"\" class=\"wp-image-27307\" srcset=\"https:\/\/sp1.kielce.eu\/wp-content\/uploads\/2023\/04\/IMG_20230404_065259-Medium.jpg 768w, https:\/\/sp1.kielce.eu\/wp-content\/uploads\/2023\/04\/IMG_20230404_065259-Medium-272x300.jpg 272w\" sizes=\"auto, (max-width: 768px) 100vw, 768px\" \/><\/a><figcaption class=\"wp-element-caption\">dav<\/figcaption><\/figure>\n\n\n\n<figure class=\"wp-block-image size-large\"><a href=\"http:\/\/sp1.kielce.eu\/wp-content\/uploads\/2023\/04\/IMG_20230404_065313-Medium.jpg\"><img loading=\"lazy\" decoding=\"async\" width=\"606\" height=\"900\" data-id=\"27309\" src=\"http:\/\/sp1.kielce.eu\/wp-content\/uploads\/2023\/04\/IMG_20230404_065313-Medium-606x900.jpg\" alt=\"\" class=\"wp-image-27309\" srcset=\"https:\/\/sp1.kielce.eu\/wp-content\/uploads\/2023\/04\/IMG_20230404_065313-Medium-606x900.jpg 606w, https:\/\/sp1.kielce.eu\/wp-content\/uploads\/2023\/04\/IMG_20230404_065313-Medium-202x300.jpg 202w, https:\/\/sp1.kielce.eu\/wp-content\/uploads\/2023\/04\/IMG_20230404_065313-Medium.jpg 768w\" sizes=\"auto, (max-width: 606px) 100vw, 606px\" \/><\/a><figcaption class=\"wp-element-caption\">dav<\/figcaption><\/figure>\n<\/figure>\n\n\n\n<figure class=\"wp-block-gallery has-nested-images columns-default is-cropped wp-block-gallery-2 is-layout-flex wp-block-gallery-is-layout-flex\">\n<figure class=\"wp-block-image size-large\"><a href=\"http:\/\/sp1.kielce.eu\/wp-content\/uploads\/2023\/04\/IMG_20230404_065337-Medium.jpg\"><img loading=\"lazy\" decoding=\"async\" width=\"714\" height=\"900\" data-id=\"27310\" src=\"http:\/\/sp1.kielce.eu\/wp-content\/uploads\/2023\/04\/IMG_20230404_065337-Medium-714x900.jpg\" alt=\"\" class=\"wp-image-27310\" srcset=\"https:\/\/sp1.kielce.eu\/wp-content\/uploads\/2023\/04\/IMG_20230404_065337-Medium-714x900.jpg 714w, https:\/\/sp1.kielce.eu\/wp-content\/uploads\/2023\/04\/IMG_20230404_065337-Medium-238x300.jpg 238w, https:\/\/sp1.kielce.eu\/wp-content\/uploads\/2023\/04\/IMG_20230404_065337-Medium.jpg 768w\" sizes=\"auto, (max-width: 714px) 100vw, 714px\" \/><\/a><figcaption class=\"wp-element-caption\">mde<\/figcaption><\/figure>\n\n\n\n<figure class=\"wp-block-image size-large\"><a href=\"http:\/\/sp1.kielce.eu\/wp-content\/uploads\/2023\/04\/IMG_20230404_065417-Medium.jpg\"><img loading=\"lazy\" decoding=\"async\" width=\"536\" height=\"900\" data-id=\"27311\" src=\"http:\/\/sp1.kielce.eu\/wp-content\/uploads\/2023\/04\/IMG_20230404_065417-Medium-536x900.jpg\" alt=\"\" class=\"wp-image-27311\" srcset=\"https:\/\/sp1.kielce.eu\/wp-content\/uploads\/2023\/04\/IMG_20230404_065417-Medium-536x900.jpg 536w, https:\/\/sp1.kielce.eu\/wp-content\/uploads\/2023\/04\/IMG_20230404_065417-Medium-179x300.jpg 179w, https:\/\/sp1.kielce.eu\/wp-content\/uploads\/2023\/04\/IMG_20230404_065417-Medium.jpg 768w\" sizes=\"auto, (max-width: 536px) 100vw, 536px\" \/><\/a><figcaption class=\"wp-element-caption\">mde<\/figcaption><\/figure>\n<\/figure>\n","protected":false},"excerpt":{"rendered":"<p>Nasza m\u0142odzie\u017c z&nbsp;Pocztu Sztandarowego : Karolina Plech, Aleksandra Ga\u0142ecka i Maciej Kazusek wzi\u0119li udzia\u0142 w&nbsp;XII [&hellip;]<\/p>\n","protected":false},"author":5,"featured_media":27310,"comment_status":"closed","ping_status":"closed","sticky":false,"template":"","format":"standard","meta":{"footnotes":""},"categories":[36,192],"tags":[],"class_list":["post-27306","post","type-post","status-publish","format-standard","has-post-thumbnail","hentry","category-wydarzenia","category-poczet"],"_links":{"self":[{"href":"https:\/\/sp1.kielce.eu\/index.php\/wp-json\/wp\/v2\/posts\/27306","targetHints":{"allow":["GET"]}}],"collection":[{"href":"https:\/\/sp1.kielce.eu\/index.php\/wp-json\/wp\/v2\/posts"}],"about":[{"href":"https:\/\/sp1.kielce.eu\/index.php\/wp-json\/wp\/v2\/types\/post"}],"author":[{"embeddable":true,"href":"https:\/\/sp1.kielce.eu\/index.php\/wp-json\/wp\/v2\/users\/5"}],"replies":[{"embeddable":true,"href":"https:\/\/sp1.kielce.eu\/index.php\/wp-json\/wp\/v2\/comments?post=27306"}],"version-history":[{"count":2,"href":"https:\/\/sp1.kielce.eu\/index.php\/wp-json\/wp\/v2\/posts\/27306\/revisions"}],"predecessor-version":[{"id":27818,"href":"https:\/\/sp1.kielce.eu\/index.php\/wp-json\/wp\/v2\/posts\/27306\/revisions\/27818"}],"wp:featuredmedia":[{"embeddable":true,"href":"https:\/\/sp1.kielce.eu\/index.php\/wp-json\/wp\/v2\/media\/27310"}],"wp:attachment":[{"href":"https:\/\/sp1.kielce.eu\/index.php\/wp-json\/wp\/v2\/media?parent=27306"}],"wp:term":[{"taxonomy":"category","embeddable":true,"href":"https:\/\/sp1.kielce.eu\/index.php\/wp-json\/wp\/v2\/categories?post=27306"},{"taxonomy":"post_tag","embeddable":true,"href":"https:\/\/sp1.kielce.eu\/index.php\/wp-json\/wp\/v2\/tags?post=27306"}],"curies":[{"name":"wp","href":"https:\/\/api.w.org\/{rel}","templated":true}]}}