{"id":27289,"date":"2023-04-04T08:30:10","date_gmt":"2023-04-04T06:30:10","guid":{"rendered":"http:\/\/sp1.kielce.eu\/?p=27289"},"modified":"2023-04-26T12:37:17","modified_gmt":"2023-04-26T10:37:17","slug":"warsztaty-4a-z-architektury-w-muzeum-zabawy-i-zabawek-oraz-chodz-na-slowko-w-teatrzyku-kubus","status":"publish","type":"post","link":"https:\/\/sp1.kielce.eu\/index.php\/2023\/04\/04\/warsztaty-4a-z-architektury-w-muzeum-zabawy-i-zabawek-oraz-chodz-na-slowko-w-teatrzyku-kubus\/","title":{"rendered":"Warsztaty 4a z architektury w Muzeum Zabawy i Zabawek oraz ,,Chod\u017a na s\u0142\u00f3wko\u201d w Teatrzyku ,,Kubu\u015b\u201d"},"content":{"rendered":"\n<p>Klasa 4a wraz z wychowawc\u0105 odwiedzi\u0142a Muzeum Zabawy i Zabawek w Kielcach. Dzieci obejrza\u0142y wystaw\u0119 z du\u017cym zainteresowaniem. Najwi\u0119ksz\u0105 przyjemno\u015b\u0107 sprawi\u0142a im mo\u017cliwo\u015b\u0107 pobawienia si\u0119 niekt\u00f3rymi eksponatami. Uczniowie wzi\u0119li te\u017c udzia\u0142 w warsztatach pt. ,,Przyjazne miasto\u201d. Uda\u0142o im si\u0119 wsp\u00f3lnie na makiecie stworzy\u0107 kompleksy zabudowy miejskiej wraz z elementami infrastruktury grzewczej<strong>.&nbsp;<\/strong>&nbsp;Wa\u017cnym aspektem zaj\u0119\u0107 by\u0142o poszerzenie wiadomo\u015bci na temat emisji zanieczyszcze\u0144 oraz ochrony \u015brodowiska. Mia\u0142y mo\u017cliwo\u015b\u0107 rozwijania kompetencji, takich jak: kreatywno\u015b\u0107 i innowacyjno\u015b\u0107, kszta\u0142towa\u0142y postaw\u0119 otwart\u0105 wobec \u015bwiata i innych ludzi, aktywno\u015bci w \u017cyciu spo\u0142ecznym oraz odpowiedzialno\u015b\u0107 za zbiorowo\u015b\u0107. Dzieci rewelacyjnie ze sob\u0105 wsp\u00f3\u0142pracowa\u0142y.<\/p>\n\n\n\n<p>Nast\u0119pnie klasa wybra\u0142a si\u0119 do Teatrzyku ,,Kubu\u015b\u201d na spektakl ,,Chod\u017a na s\u0142\u00f3wko\u201d . W ten spos\u00f3b uczcili\u015bmy Mi\u0119dzynarodowy Dzie\u0144 Teatru. Dzieci mog\u0142y sobie u\u015bwiadomi\u0107, jak wa\u017cne jest pos\u0142ugiwanie si\u0119 poprawnym j\u0119zykiem polskim, kt\u00f3rego nie kalecz\u0105 brzydkie s\u0142owa i kolokwializmy.<\/p>\n\n\n\n<p>Wychowawca- Dorota Broni\u015b<\/p>\n\n\n\n<figure class=\"wp-block-gallery has-nested-images columns-default is-cropped wp-block-gallery-1 is-layout-flex wp-block-gallery-is-layout-flex\">\n<figure class=\"wp-block-image size-large\"><a href=\"http:\/\/sp1.kielce.eu\/wp-content\/uploads\/2023\/04\/20230330_093023-Medium.jpg\"><img loading=\"lazy\" decoding=\"async\" width=\"1024\" height=\"768\" data-id=\"27293\" src=\"http:\/\/sp1.kielce.eu\/wp-content\/uploads\/2023\/04\/20230330_093023-Medium.jpg\" alt=\"\" class=\"wp-image-27293\" srcset=\"https:\/\/sp1.kielce.eu\/wp-content\/uploads\/2023\/04\/20230330_093023-Medium.jpg 1024w, https:\/\/sp1.kielce.eu\/wp-content\/uploads\/2023\/04\/20230330_093023-Medium-300x225.jpg 300w, https:\/\/sp1.kielce.eu\/wp-content\/uploads\/2023\/04\/20230330_093023-Medium-768x576.jpg 768w, https:\/\/sp1.kielce.eu\/wp-content\/uploads\/2023\/04\/20230330_093023-Medium-820x615.jpg 820w\" sizes=\"auto, (max-width: 1024px) 100vw, 1024px\" \/><\/a><\/figure>\n\n\n\n<figure class=\"wp-block-image size-large\"><a href=\"http:\/\/sp1.kielce.eu\/wp-content\/uploads\/2023\/04\/20230330_093038-Medium.jpg\"><img loading=\"lazy\" decoding=\"async\" width=\"675\" height=\"900\" data-id=\"27291\" src=\"http:\/\/sp1.kielce.eu\/wp-content\/uploads\/2023\/04\/20230330_093038-Medium-675x900.jpg\" alt=\"\" class=\"wp-image-27291\" srcset=\"https:\/\/sp1.kielce.eu\/wp-content\/uploads\/2023\/04\/20230330_093038-Medium-675x900.jpg 675w, https:\/\/sp1.kielce.eu\/wp-content\/uploads\/2023\/04\/20230330_093038-Medium-225x300.jpg 225w, https:\/\/sp1.kielce.eu\/wp-content\/uploads\/2023\/04\/20230330_093038-Medium.jpg 768w\" sizes=\"auto, (max-width: 675px) 100vw, 675px\" \/><\/a><\/figure>\n\n\n\n<figure class=\"wp-block-image size-large\"><a href=\"http:\/\/sp1.kielce.eu\/wp-content\/uploads\/2023\/04\/20230330_093058-Medium.jpg\"><img loading=\"lazy\" decoding=\"async\" width=\"1024\" height=\"768\" data-id=\"27290\" src=\"http:\/\/sp1.kielce.eu\/wp-content\/uploads\/2023\/04\/20230330_093058-Medium.jpg\" alt=\"\" class=\"wp-image-27290\" srcset=\"https:\/\/sp1.kielce.eu\/wp-content\/uploads\/2023\/04\/20230330_093058-Medium.jpg 1024w, https:\/\/sp1.kielce.eu\/wp-content\/uploads\/2023\/04\/20230330_093058-Medium-300x225.jpg 300w, https:\/\/sp1.kielce.eu\/wp-content\/uploads\/2023\/04\/20230330_093058-Medium-768x576.jpg 768w, https:\/\/sp1.kielce.eu\/wp-content\/uploads\/2023\/04\/20230330_093058-Medium-820x615.jpg 820w\" sizes=\"auto, (max-width: 1024px) 100vw, 1024px\" \/><\/a><\/figure>\n\n\n\n<figure class=\"wp-block-image size-large\"><a href=\"http:\/\/sp1.kielce.eu\/wp-content\/uploads\/2023\/04\/tytueowe-Medium.jpg\"><img loading=\"lazy\" decoding=\"async\" width=\"1024\" height=\"768\" data-id=\"27292\" src=\"http:\/\/sp1.kielce.eu\/wp-content\/uploads\/2023\/04\/tytueowe-Medium.jpg\" alt=\"\" class=\"wp-image-27292\" srcset=\"https:\/\/sp1.kielce.eu\/wp-content\/uploads\/2023\/04\/tytueowe-Medium.jpg 1024w, https:\/\/sp1.kielce.eu\/wp-content\/uploads\/2023\/04\/tytueowe-Medium-300x225.jpg 300w, https:\/\/sp1.kielce.eu\/wp-content\/uploads\/2023\/04\/tytueowe-Medium-768x576.jpg 768w, https:\/\/sp1.kielce.eu\/wp-content\/uploads\/2023\/04\/tytueowe-Medium-820x615.jpg 820w\" sizes=\"auto, (max-width: 1024px) 100vw, 1024px\" \/><\/a><\/figure>\n<\/figure>\n","protected":false},"excerpt":{"rendered":"<p>Klasa 4a wraz z wychowawc\u0105 odwiedzi\u0142a Muzeum Zabawy i Zabawek w Kielcach. Dzieci obejrza\u0142y wystaw\u0119 [&hellip;]<\/p>\n","protected":false},"author":5,"featured_media":27292,"comment_status":"closed","ping_status":"closed","sticky":false,"template":"","format":"standard","meta":{"footnotes":""},"categories":[36],"tags":[],"class_list":["post-27289","post","type-post","status-publish","format-standard","has-post-thumbnail","hentry","category-wydarzenia"],"_links":{"self":[{"href":"https:\/\/sp1.kielce.eu\/index.php\/wp-json\/wp\/v2\/posts\/27289","targetHints":{"allow":["GET"]}}],"collection":[{"href":"https:\/\/sp1.kielce.eu\/index.php\/wp-json\/wp\/v2\/posts"}],"about":[{"href":"https:\/\/sp1.kielce.eu\/index.php\/wp-json\/wp\/v2\/types\/post"}],"author":[{"embeddable":true,"href":"https:\/\/sp1.kielce.eu\/index.php\/wp-json\/wp\/v2\/users\/5"}],"replies":[{"embeddable":true,"href":"https:\/\/sp1.kielce.eu\/index.php\/wp-json\/wp\/v2\/comments?post=27289"}],"version-history":[{"count":2,"href":"https:\/\/sp1.kielce.eu\/index.php\/wp-json\/wp\/v2\/posts\/27289\/revisions"}],"predecessor-version":[{"id":27820,"href":"https:\/\/sp1.kielce.eu\/index.php\/wp-json\/wp\/v2\/posts\/27289\/revisions\/27820"}],"wp:featuredmedia":[{"embeddable":true,"href":"https:\/\/sp1.kielce.eu\/index.php\/wp-json\/wp\/v2\/media\/27292"}],"wp:attachment":[{"href":"https:\/\/sp1.kielce.eu\/index.php\/wp-json\/wp\/v2\/media?parent=27289"}],"wp:term":[{"taxonomy":"category","embeddable":true,"href":"https:\/\/sp1.kielce.eu\/index.php\/wp-json\/wp\/v2\/categories?post=27289"},{"taxonomy":"post_tag","embeddable":true,"href":"https:\/\/sp1.kielce.eu\/index.php\/wp-json\/wp\/v2\/tags?post=27289"}],"curies":[{"name":"wp","href":"https:\/\/api.w.org\/{rel}","templated":true}]}}