{"id":27280,"date":"2023-04-04T08:23:53","date_gmt":"2023-04-04T06:23:53","guid":{"rendered":"http:\/\/sp1.kielce.eu\/?p=27280"},"modified":"2023-04-04T08:23:53","modified_gmt":"2023-04-04T06:23:53","slug":"stan-czytelnictwa-w-sp-1","status":"publish","type":"post","link":"https:\/\/sp1.kielce.eu\/index.php\/2023\/04\/04\/stan-czytelnictwa-w-sp-1\/","title":{"rendered":"Stan czytelnictwa w SP 1"},"content":{"rendered":"\n<p>&#8222;W ramach Tygodnia Kultury J\u0119zyka Ojczystego biblioteka szkolna we wsp\u00f3\u0142pracy z nauczycielami przeprowadzi\u0142a w\u015br\u00f3d uczni\u00f3w klas 4-8 ankiet\u0119, kt\u00f3rej celem by\u0142o zdiagnozowanie poziomu czytelnictwa w plac\u00f3wce oraz zbadanie preferencji czytelniczych ankietowanych. Zapraszamy do zapoznania si\u0119 z wynikami ankiety oraz wnioskami do dalszej pracy nad aktywizacj\u0105 czytelnicz\u0105 naszych uczni\u00f3w.&#8221;<\/p>\n\n\n\n<p>Renata Kozie\u0142<\/p>\n\n\n\n<p>Albert Lewandowski<\/p>\n\n\n\n<div data-wp-interactive=\"core\/file\" class=\"wp-block-file\"><object data-wp-bind--hidden=\"!state.hasPdfPreview\" hidden class=\"wp-block-file__embed\" data=\"http:\/\/sp1.kielce.eu\/wp-content\/uploads\/2023\/04\/Stan-czytelnictwa-SP1-2023.pdf\" type=\"application\/pdf\" style=\"width:100%;height:600px\" aria-label=\"Osadzone z Stan-czytelnictwa-SP1-2023.\"><\/object><a id=\"wp-block-file--media-59408ca9-fccd-4f43-ac68-29920208f217\" href=\"http:\/\/sp1.kielce.eu\/wp-content\/uploads\/2023\/04\/Stan-czytelnictwa-SP1-2023.pdf\">Stan-czytelnictwa-SP1-2023<\/a><a href=\"http:\/\/sp1.kielce.eu\/wp-content\/uploads\/2023\/04\/Stan-czytelnictwa-SP1-2023.pdf\" class=\"wp-block-file__button wp-element-button\" download aria-describedby=\"wp-block-file--media-59408ca9-fccd-4f43-ac68-29920208f217\">Pobierz<\/a><\/div>\n","protected":false},"excerpt":{"rendered":"<p>&#8222;W ramach Tygodnia Kultury J\u0119zyka Ojczystego biblioteka szkolna we wsp\u00f3\u0142pracy z nauczycielami przeprowadzi\u0142a w\u015br\u00f3d uczni\u00f3w [&hellip;]<\/p>\n","protected":false},"author":5,"featured_media":27282,"comment_status":"closed","ping_status":"","sticky":false,"template":"","format":"standard","meta":{"footnotes":""},"categories":[36,72],"tags":[],"class_list":["post-27280","post","type-post","status-publish","format-standard","has-post-thumbnail","hentry","category-wydarzenia","category-biblioteka"],"_links":{"self":[{"href":"https:\/\/sp1.kielce.eu\/index.php\/wp-json\/wp\/v2\/posts\/27280","targetHints":{"allow":["GET"]}}],"collection":[{"href":"https:\/\/sp1.kielce.eu\/index.php\/wp-json\/wp\/v2\/posts"}],"about":[{"href":"https:\/\/sp1.kielce.eu\/index.php\/wp-json\/wp\/v2\/types\/post"}],"author":[{"embeddable":true,"href":"https:\/\/sp1.kielce.eu\/index.php\/wp-json\/wp\/v2\/users\/5"}],"replies":[{"embeddable":true,"href":"https:\/\/sp1.kielce.eu\/index.php\/wp-json\/wp\/v2\/comments?post=27280"}],"version-history":[{"count":1,"href":"https:\/\/sp1.kielce.eu\/index.php\/wp-json\/wp\/v2\/posts\/27280\/revisions"}],"predecessor-version":[{"id":27283,"href":"https:\/\/sp1.kielce.eu\/index.php\/wp-json\/wp\/v2\/posts\/27280\/revisions\/27283"}],"wp:featuredmedia":[{"embeddable":true,"href":"https:\/\/sp1.kielce.eu\/index.php\/wp-json\/wp\/v2\/media\/27282"}],"wp:attachment":[{"href":"https:\/\/sp1.kielce.eu\/index.php\/wp-json\/wp\/v2\/media?parent=27280"}],"wp:term":[{"taxonomy":"category","embeddable":true,"href":"https:\/\/sp1.kielce.eu\/index.php\/wp-json\/wp\/v2\/categories?post=27280"},{"taxonomy":"post_tag","embeddable":true,"href":"https:\/\/sp1.kielce.eu\/index.php\/wp-json\/wp\/v2\/tags?post=27280"}],"curies":[{"name":"wp","href":"https:\/\/api.w.org\/{rel}","templated":true}]}}