{"id":27266,"date":"2023-04-04T08:16:22","date_gmt":"2023-04-04T06:16:22","guid":{"rendered":"http:\/\/sp1.kielce.eu\/?p=27266"},"modified":"2023-04-04T08:16:22","modified_gmt":"2023-04-04T06:16:22","slug":"ostern-w-klasie-1a","status":"publish","type":"post","link":"https:\/\/sp1.kielce.eu\/index.php\/2023\/04\/04\/ostern-w-klasie-1a\/","title":{"rendered":"Ostern w klasie 1A"},"content":{"rendered":"\n<p>Ostern czyli Wielkanoc zawita\u0142a do uczni\u00f3w klasy 1 A ju\u017c w miniony pi\u0105tek, bowiem na zaj\u0119ciach rozwijaj\u0105cych zainteresowania i uzdolnienia z j\u0119zyka niemieckiego (Ko\u0142o z j\u0119zyka niemieckiego prowadzone przy wsp\u00f3\u0142pracy z Goethe-Institut, projekt \u201eDeutsch Plus\u201d) uczniowie wykonali kolorowe, \u015bwi\u0105teczne prace z motywami wielkanocnymi. Dzieci nauczy\u0142y si\u0119 piosenki \u201eMorgen kommt der Osterhase\u201d oraz obejrza\u0142y prezentacj\u0119 \u201e\u015awi\u0119ta Wielkanocne w Niemczech\u201d.<\/p>\n\n\n\n<p>Frohe Ostern! \u2013 Weso\u0142ych \u015awi\u0105t Wielkanocnych!<\/p>\n\n\n\n<p>Katarzyna Sikora \u2013 Gorzela\u0144czyk<\/p>\n\n\n\n<figure class=\"wp-block-gallery has-nested-images columns-default is-cropped wp-block-gallery-1 is-layout-flex wp-block-gallery-is-layout-flex\">\n<figure class=\"wp-block-image size-large\"><a href=\"http:\/\/sp1.kielce.eu\/wp-content\/uploads\/2023\/04\/1680436702668-Medium.jpg\"><img loading=\"lazy\" decoding=\"async\" width=\"1229\" height=\"768\" data-id=\"27268\" src=\"http:\/\/sp1.kielce.eu\/wp-content\/uploads\/2023\/04\/1680436702668-Medium.jpg\" alt=\"\" class=\"wp-image-27268\" srcset=\"https:\/\/sp1.kielce.eu\/wp-content\/uploads\/2023\/04\/1680436702668-Medium.jpg 1229w, https:\/\/sp1.kielce.eu\/wp-content\/uploads\/2023\/04\/1680436702668-Medium-300x187.jpg 300w, https:\/\/sp1.kielce.eu\/wp-content\/uploads\/2023\/04\/1680436702668-Medium-768x480.jpg 768w, https:\/\/sp1.kielce.eu\/wp-content\/uploads\/2023\/04\/1680436702668-Medium-820x512.jpg 820w\" sizes=\"auto, (max-width: 1229px) 100vw, 1229px\" \/><\/a><\/figure>\n\n\n\n<figure class=\"wp-block-image size-large\"><a href=\"http:\/\/sp1.kielce.eu\/wp-content\/uploads\/2023\/04\/1680436965860-Medium.jpg\"><img loading=\"lazy\" decoding=\"async\" width=\"643\" height=\"900\" data-id=\"27267\" src=\"http:\/\/sp1.kielce.eu\/wp-content\/uploads\/2023\/04\/1680436965860-Medium-643x900.jpg\" alt=\"\" class=\"wp-image-27267\" srcset=\"https:\/\/sp1.kielce.eu\/wp-content\/uploads\/2023\/04\/1680436965860-Medium-643x900.jpg 643w, https:\/\/sp1.kielce.eu\/wp-content\/uploads\/2023\/04\/1680436965860-Medium-214x300.jpg 214w, https:\/\/sp1.kielce.eu\/wp-content\/uploads\/2023\/04\/1680436965860-Medium.jpg 768w\" sizes=\"auto, (max-width: 643px) 100vw, 643px\" \/><\/a><\/figure>\n<\/figure>\n","protected":false},"excerpt":{"rendered":"<p>Ostern czyli Wielkanoc zawita\u0142a do uczni\u00f3w klasy 1 A ju\u017c w miniony pi\u0105tek, bowiem na [&hellip;]<\/p>\n","protected":false},"author":5,"featured_media":27268,"comment_status":"closed","ping_status":"","sticky":false,"template":"","format":"standard","meta":{"footnotes":""},"categories":[36],"tags":[],"class_list":["post-27266","post","type-post","status-publish","format-standard","has-post-thumbnail","hentry","category-wydarzenia"],"_links":{"self":[{"href":"https:\/\/sp1.kielce.eu\/index.php\/wp-json\/wp\/v2\/posts\/27266","targetHints":{"allow":["GET"]}}],"collection":[{"href":"https:\/\/sp1.kielce.eu\/index.php\/wp-json\/wp\/v2\/posts"}],"about":[{"href":"https:\/\/sp1.kielce.eu\/index.php\/wp-json\/wp\/v2\/types\/post"}],"author":[{"embeddable":true,"href":"https:\/\/sp1.kielce.eu\/index.php\/wp-json\/wp\/v2\/users\/5"}],"replies":[{"embeddable":true,"href":"https:\/\/sp1.kielce.eu\/index.php\/wp-json\/wp\/v2\/comments?post=27266"}],"version-history":[{"count":1,"href":"https:\/\/sp1.kielce.eu\/index.php\/wp-json\/wp\/v2\/posts\/27266\/revisions"}],"predecessor-version":[{"id":27269,"href":"https:\/\/sp1.kielce.eu\/index.php\/wp-json\/wp\/v2\/posts\/27266\/revisions\/27269"}],"wp:featuredmedia":[{"embeddable":true,"href":"https:\/\/sp1.kielce.eu\/index.php\/wp-json\/wp\/v2\/media\/27268"}],"wp:attachment":[{"href":"https:\/\/sp1.kielce.eu\/index.php\/wp-json\/wp\/v2\/media?parent=27266"}],"wp:term":[{"taxonomy":"category","embeddable":true,"href":"https:\/\/sp1.kielce.eu\/index.php\/wp-json\/wp\/v2\/categories?post=27266"},{"taxonomy":"post_tag","embeddable":true,"href":"https:\/\/sp1.kielce.eu\/index.php\/wp-json\/wp\/v2\/tags?post=27266"}],"curies":[{"name":"wp","href":"https:\/\/api.w.org\/{rel}","templated":true}]}}