{"id":27259,"date":"2023-04-03T19:18:55","date_gmt":"2023-04-03T17:18:55","guid":{"rendered":"http:\/\/sp1.kielce.eu\/?p=27259"},"modified":"2023-04-03T19:18:55","modified_gmt":"2023-04-03T17:18:55","slug":"wyroznienie-dla-naszej-uczennicy-w-miedzyszkolnym-konkursie-recytatorskim-poezja-jana-brzechwy","status":"publish","type":"post","link":"https:\/\/sp1.kielce.eu\/index.php\/2023\/04\/03\/wyroznienie-dla-naszej-uczennicy-w-miedzyszkolnym-konkursie-recytatorskim-poezja-jana-brzechwy\/","title":{"rendered":"Wyr\u00f3\u017cnienie dla naszej uczennicy w mi\u0119dzyszkolnym konkursie recytatorskim \u201ePoezja Jana Brzechwy\u201d"},"content":{"rendered":"\n<p>Ania Tomaszewska &nbsp;z klasy 1 c zdoby\u0142a wyr\u00f3\u017cnienie w mi\u0119dzyszkolnym konkursie recytatorskim \u201ePoezja Jana Brzechwy\u201d organizowanym przez Szko\u0142\u0119 Podstawow\u0105 nr 28 w Kielcach. Uczennica przepi\u0119knie recytowa\u0142a utw\u00f3r \u201eK\u0142amczucha\u201d, a dodatkowo zaskoczy\u0142a wszystkich swoim niestandardowym kostiumem. Wielkie brawa za starania.<\/p>\n\n\n\n<p class=\"has-text-align-right\">Serdecznie gratulujemy wyr\u00f3\u017cnienia<br>Wychowawca Klasy 1 c<br>Agnieszka Siwek<\/p>\n\n\n\n<figure class=\"wp-block-gallery has-nested-images columns-4 is-cropped wp-block-gallery-1 is-layout-flex wp-block-gallery-is-layout-flex\">\n<figure class=\"wp-block-image size-large\"><a href=\"http:\/\/sp1.kielce.eu\/wp-content\/uploads\/2023\/04\/336633978_1381260665957646_1430387579697295304_n-Copy.jpg\"><img loading=\"lazy\" decoding=\"async\" width=\"1200\" height=\"797\" data-id=\"27263\" src=\"http:\/\/sp1.kielce.eu\/wp-content\/uploads\/2023\/04\/336633978_1381260665957646_1430387579697295304_n-Copy.jpg\" alt=\"\" class=\"wp-image-27263\" srcset=\"https:\/\/sp1.kielce.eu\/wp-content\/uploads\/2023\/04\/336633978_1381260665957646_1430387579697295304_n-Copy.jpg 1200w, https:\/\/sp1.kielce.eu\/wp-content\/uploads\/2023\/04\/336633978_1381260665957646_1430387579697295304_n-Copy-300x199.jpg 300w, https:\/\/sp1.kielce.eu\/wp-content\/uploads\/2023\/04\/336633978_1381260665957646_1430387579697295304_n-Copy-768x510.jpg 768w, https:\/\/sp1.kielce.eu\/wp-content\/uploads\/2023\/04\/336633978_1381260665957646_1430387579697295304_n-Copy-600x400.jpg 600w, https:\/\/sp1.kielce.eu\/wp-content\/uploads\/2023\/04\/336633978_1381260665957646_1430387579697295304_n-Copy-820x545.jpg 820w\" sizes=\"auto, (max-width: 1200px) 100vw, 1200px\" \/><\/a><\/figure>\n\n\n\n<figure class=\"wp-block-image size-large\"><a href=\"http:\/\/sp1.kielce.eu\/wp-content\/uploads\/2023\/04\/336645087_230868312836627_5796068297045306675_n-1-Copy.jpg\"><img loading=\"lazy\" decoding=\"async\" width=\"549\" height=\"900\" data-id=\"27261\" src=\"http:\/\/sp1.kielce.eu\/wp-content\/uploads\/2023\/04\/336645087_230868312836627_5796068297045306675_n-1-Copy.jpg\" alt=\"\" class=\"wp-image-27261\" srcset=\"https:\/\/sp1.kielce.eu\/wp-content\/uploads\/2023\/04\/336645087_230868312836627_5796068297045306675_n-1-Copy.jpg 549w, https:\/\/sp1.kielce.eu\/wp-content\/uploads\/2023\/04\/336645087_230868312836627_5796068297045306675_n-1-Copy-183x300.jpg 183w\" sizes=\"auto, (max-width: 549px) 100vw, 549px\" \/><\/a><\/figure>\n\n\n\n<figure class=\"wp-block-image size-large\"><a href=\"http:\/\/sp1.kielce.eu\/wp-content\/uploads\/2023\/04\/336653572_918175135974336_4000325276365787053_n-Copy.jpg\"><img loading=\"lazy\" decoding=\"async\" width=\"614\" height=\"900\" data-id=\"27260\" src=\"http:\/\/sp1.kielce.eu\/wp-content\/uploads\/2023\/04\/336653572_918175135974336_4000325276365787053_n-Copy.jpg\" alt=\"\" class=\"wp-image-27260\" srcset=\"https:\/\/sp1.kielce.eu\/wp-content\/uploads\/2023\/04\/336653572_918175135974336_4000325276365787053_n-Copy.jpg 614w, https:\/\/sp1.kielce.eu\/wp-content\/uploads\/2023\/04\/336653572_918175135974336_4000325276365787053_n-Copy-205x300.jpg 205w\" sizes=\"auto, (max-width: 614px) 100vw, 614px\" \/><\/a><\/figure>\n\n\n\n<figure class=\"wp-block-image size-large\"><a href=\"http:\/\/sp1.kielce.eu\/wp-content\/uploads\/2023\/04\/336815262_787461523008280_7087215884383064212_n-Copy.jpg\"><img loading=\"lazy\" decoding=\"async\" width=\"598\" height=\"900\" data-id=\"27262\" src=\"http:\/\/sp1.kielce.eu\/wp-content\/uploads\/2023\/04\/336815262_787461523008280_7087215884383064212_n-Copy.jpg\" alt=\"\" class=\"wp-image-27262\" srcset=\"https:\/\/sp1.kielce.eu\/wp-content\/uploads\/2023\/04\/336815262_787461523008280_7087215884383064212_n-Copy.jpg 598w, https:\/\/sp1.kielce.eu\/wp-content\/uploads\/2023\/04\/336815262_787461523008280_7087215884383064212_n-Copy-199x300.jpg 199w\" sizes=\"auto, (max-width: 598px) 100vw, 598px\" \/><\/a><\/figure>\n<\/figure>\n","protected":false},"excerpt":{"rendered":"<p>Ania Tomaszewska &nbsp;z klasy 1 c zdoby\u0142a wyr\u00f3\u017cnienie w mi\u0119dzyszkolnym konkursie recytatorskim \u201ePoezja Jana Brzechwy\u201d [&hellip;]<\/p>\n","protected":false},"author":13,"featured_media":27264,"comment_status":"closed","ping_status":"","sticky":false,"template":"","format":"standard","meta":{"footnotes":""},"categories":[36,21],"tags":[],"class_list":["post-27259","post","type-post","status-publish","format-standard","has-post-thumbnail","hentry","category-wydarzenia","category-konkursy"],"_links":{"self":[{"href":"https:\/\/sp1.kielce.eu\/index.php\/wp-json\/wp\/v2\/posts\/27259","targetHints":{"allow":["GET"]}}],"collection":[{"href":"https:\/\/sp1.kielce.eu\/index.php\/wp-json\/wp\/v2\/posts"}],"about":[{"href":"https:\/\/sp1.kielce.eu\/index.php\/wp-json\/wp\/v2\/types\/post"}],"author":[{"embeddable":true,"href":"https:\/\/sp1.kielce.eu\/index.php\/wp-json\/wp\/v2\/users\/13"}],"replies":[{"embeddable":true,"href":"https:\/\/sp1.kielce.eu\/index.php\/wp-json\/wp\/v2\/comments?post=27259"}],"version-history":[{"count":1,"href":"https:\/\/sp1.kielce.eu\/index.php\/wp-json\/wp\/v2\/posts\/27259\/revisions"}],"predecessor-version":[{"id":27265,"href":"https:\/\/sp1.kielce.eu\/index.php\/wp-json\/wp\/v2\/posts\/27259\/revisions\/27265"}],"wp:featuredmedia":[{"embeddable":true,"href":"https:\/\/sp1.kielce.eu\/index.php\/wp-json\/wp\/v2\/media\/27264"}],"wp:attachment":[{"href":"https:\/\/sp1.kielce.eu\/index.php\/wp-json\/wp\/v2\/media?parent=27259"}],"wp:term":[{"taxonomy":"category","embeddable":true,"href":"https:\/\/sp1.kielce.eu\/index.php\/wp-json\/wp\/v2\/categories?post=27259"},{"taxonomy":"post_tag","embeddable":true,"href":"https:\/\/sp1.kielce.eu\/index.php\/wp-json\/wp\/v2\/tags?post=27259"}],"curies":[{"name":"wp","href":"https:\/\/api.w.org\/{rel}","templated":true}]}}