{"id":27191,"date":"2023-03-31T08:39:36","date_gmt":"2023-03-31T06:39:36","guid":{"rendered":"http:\/\/sp1.kielce.eu\/?p=27191"},"modified":"2023-03-31T08:40:23","modified_gmt":"2023-03-31T06:40:23","slug":"mecze-matematyczne-3","status":"publish","type":"post","link":"https:\/\/sp1.kielce.eu\/index.php\/2023\/03\/31\/mecze-matematyczne-3\/","title":{"rendered":"Mecze matematyczne"},"content":{"rendered":"\n<p>Dnia 28.03.2023 dru\u017cyna reprezentuj\u0105ca klasy 4-6 w sk\u0142adzie: Aleksandra R\u0119bi\u015b 4a, Tymon Baron 4b, Oskar Podkowa 5b, Bartosz Adamski 5b, Pawe\u0142 Hunek 6a i Borys Bujak 6b wzi\u0119\u0142a udzia\u0142 w III etapie \u201eMeczy matematycznych\u201d organizowanych w ramach Matematycznej Ligi Mistrz\u00f3w. Uczniowie naszej szko\u0142y rywalizowali z przedstawicielami szko\u0142y w Dzieba\u0142towie. Nasza dru\u017cyna z zaanga\u017cowaniem rozwi\u0105zywa\u0142a postawione przed nimi problemy matematyczne. Czekamy na wyniki rywalizacji z nadziej\u0105 na fina\u0142ow\u0105 rozgrywk\u0119.<\/p>\n\n\n\n<p>Urszula Sodel<\/p>\n\n\n\n<p>Anna Mazur<\/p>\n\n\n\n<figure class=\"wp-block-gallery has-nested-images columns-default is-cropped wp-block-gallery-1 is-layout-flex wp-block-gallery-is-layout-flex\">\n<figure class=\"wp-block-image size-large\"><img loading=\"lazy\" decoding=\"async\" width=\"1366\" height=\"615\" data-id=\"27194\" src=\"http:\/\/sp1.kielce.eu\/wp-content\/uploads\/2023\/03\/IMG20230328105310-Medium-1.jpg\" alt=\"\" class=\"wp-image-27194\" srcset=\"https:\/\/sp1.kielce.eu\/wp-content\/uploads\/2023\/03\/IMG20230328105310-Medium-1.jpg 1366w, https:\/\/sp1.kielce.eu\/wp-content\/uploads\/2023\/03\/IMG20230328105310-Medium-1-300x135.jpg 300w, https:\/\/sp1.kielce.eu\/wp-content\/uploads\/2023\/03\/IMG20230328105310-Medium-1-768x346.jpg 768w, https:\/\/sp1.kielce.eu\/wp-content\/uploads\/2023\/03\/IMG20230328105310-Medium-1-820x369.jpg 820w\" sizes=\"auto, (max-width: 1366px) 100vw, 1366px\" \/><\/figure>\n<\/figure>\n","protected":false},"excerpt":{"rendered":"<p>Dnia 28.03.2023 dru\u017cyna reprezentuj\u0105ca klasy 4-6 w sk\u0142adzie: Aleksandra R\u0119bi\u015b 4a, Tymon Baron 4b, Oskar [&hellip;]<\/p>\n","protected":false},"author":5,"featured_media":27192,"comment_status":"closed","ping_status":"","sticky":false,"template":"","format":"standard","meta":{"footnotes":""},"categories":[36],"tags":[],"class_list":["post-27191","post","type-post","status-publish","format-standard","has-post-thumbnail","hentry","category-wydarzenia"],"_links":{"self":[{"href":"https:\/\/sp1.kielce.eu\/index.php\/wp-json\/wp\/v2\/posts\/27191","targetHints":{"allow":["GET"]}}],"collection":[{"href":"https:\/\/sp1.kielce.eu\/index.php\/wp-json\/wp\/v2\/posts"}],"about":[{"href":"https:\/\/sp1.kielce.eu\/index.php\/wp-json\/wp\/v2\/types\/post"}],"author":[{"embeddable":true,"href":"https:\/\/sp1.kielce.eu\/index.php\/wp-json\/wp\/v2\/users\/5"}],"replies":[{"embeddable":true,"href":"https:\/\/sp1.kielce.eu\/index.php\/wp-json\/wp\/v2\/comments?post=27191"}],"version-history":[{"count":2,"href":"https:\/\/sp1.kielce.eu\/index.php\/wp-json\/wp\/v2\/posts\/27191\/revisions"}],"predecessor-version":[{"id":27195,"href":"https:\/\/sp1.kielce.eu\/index.php\/wp-json\/wp\/v2\/posts\/27191\/revisions\/27195"}],"wp:featuredmedia":[{"embeddable":true,"href":"https:\/\/sp1.kielce.eu\/index.php\/wp-json\/wp\/v2\/media\/27192"}],"wp:attachment":[{"href":"https:\/\/sp1.kielce.eu\/index.php\/wp-json\/wp\/v2\/media?parent=27191"}],"wp:term":[{"taxonomy":"category","embeddable":true,"href":"https:\/\/sp1.kielce.eu\/index.php\/wp-json\/wp\/v2\/categories?post=27191"},{"taxonomy":"post_tag","embeddable":true,"href":"https:\/\/sp1.kielce.eu\/index.php\/wp-json\/wp\/v2\/tags?post=27191"}],"curies":[{"name":"wp","href":"https:\/\/api.w.org\/{rel}","templated":true}]}}