{"id":27180,"date":"2023-03-31T08:20:17","date_gmt":"2023-03-31T06:20:17","guid":{"rendered":"http:\/\/sp1.kielce.eu\/?p=27180"},"modified":"2023-04-26T12:37:53","modified_gmt":"2023-04-26T10:37:53","slug":"wyjscie-klas-siodmych-i-osmych-na-spektakl-balladyna","status":"publish","type":"post","link":"https:\/\/sp1.kielce.eu\/index.php\/2023\/03\/31\/wyjscie-klas-siodmych-i-osmych-na-spektakl-balladyna\/","title":{"rendered":"Wyj\u015bcie klas si\u00f3dmych i \u00f3smych na spektakl \u201eBalladyna\u201d"},"content":{"rendered":"\n<p>Dnia 20 marca uczniowie klas si\u00f3dmych i \u00f3smychmieli okazj\u0119 podziwia\u0107 na scenie kieleckiego EXBUD-uspektakl \u201eBalladyna\u201d.Widowisko zosta\u0142o przygotowane przez wroc\u0142awski Teatr ARTENES, kt\u00f3ry specjalizuje si\u0119 w inscenizacjach przybli\u017caj\u0105cych klasyk\u0119 literatury polskiej. Sztuka wywar\u0142a na m\u0142odych odbiorcach du\u017ce wra\u017cenie. Z uwag\u0105 i zaciekawieniem podziwiali rozgrywaj\u0105ce si\u0119 na deskach teatru losy bohater\u00f3w tragedii Juliusza S\u0142owackiego. &nbsp;Obejrzenie spektakluby\u0142o dla uczni\u00f3w doskona\u0142\u0105 okazj\u0105 do powt\u00f3rzenia tre\u015bci lektury obowi\u0105zuj\u0105cej na egzaminie \u00f3smoklasisty.<\/p>\n\n\n\n<p>Poloni\u015bci SP 1: Mariola Str\u00f3zik, Aleksandra Walerczak- \u017bo\u0142obowska Wychowawcy klas si\u00f3dmych i \u00f3smych<\/p>\n\n\n\n<figure class=\"wp-block-gallery has-nested-images columns-default is-cropped wp-block-gallery-1 is-layout-flex wp-block-gallery-is-layout-flex\">\n<figure class=\"wp-block-image size-large\"><img loading=\"lazy\" decoding=\"async\" width=\"480\" height=\"640\" data-id=\"27181\" src=\"http:\/\/sp1.kielce.eu\/wp-content\/uploads\/2023\/03\/IMG_0457.jpg\" alt=\"\" class=\"wp-image-27181\" srcset=\"https:\/\/sp1.kielce.eu\/wp-content\/uploads\/2023\/03\/IMG_0457.jpg 480w, https:\/\/sp1.kielce.eu\/wp-content\/uploads\/2023\/03\/IMG_0457-225x300.jpg 225w\" sizes=\"auto, (max-width: 480px) 100vw, 480px\" \/><\/figure>\n<\/figure>\n","protected":false},"excerpt":{"rendered":"<p>Dnia 20 marca uczniowie klas si\u00f3dmych i \u00f3smychmieli okazj\u0119 podziwia\u0107 na scenie kieleckiego EXBUD-uspektakl \u201eBalladyna\u201d.Widowisko [&hellip;]<\/p>\n","protected":false},"author":5,"featured_media":27181,"comment_status":"closed","ping_status":"closed","sticky":false,"template":"","format":"standard","meta":{"footnotes":""},"categories":[36],"tags":[],"class_list":["post-27180","post","type-post","status-publish","format-standard","has-post-thumbnail","hentry","category-wydarzenia"],"_links":{"self":[{"href":"https:\/\/sp1.kielce.eu\/index.php\/wp-json\/wp\/v2\/posts\/27180","targetHints":{"allow":["GET"]}}],"collection":[{"href":"https:\/\/sp1.kielce.eu\/index.php\/wp-json\/wp\/v2\/posts"}],"about":[{"href":"https:\/\/sp1.kielce.eu\/index.php\/wp-json\/wp\/v2\/types\/post"}],"author":[{"embeddable":true,"href":"https:\/\/sp1.kielce.eu\/index.php\/wp-json\/wp\/v2\/users\/5"}],"replies":[{"embeddable":true,"href":"https:\/\/sp1.kielce.eu\/index.php\/wp-json\/wp\/v2\/comments?post=27180"}],"version-history":[{"count":2,"href":"https:\/\/sp1.kielce.eu\/index.php\/wp-json\/wp\/v2\/posts\/27180\/revisions"}],"predecessor-version":[{"id":27823,"href":"https:\/\/sp1.kielce.eu\/index.php\/wp-json\/wp\/v2\/posts\/27180\/revisions\/27823"}],"wp:featuredmedia":[{"embeddable":true,"href":"https:\/\/sp1.kielce.eu\/index.php\/wp-json\/wp\/v2\/media\/27181"}],"wp:attachment":[{"href":"https:\/\/sp1.kielce.eu\/index.php\/wp-json\/wp\/v2\/media?parent=27180"}],"wp:term":[{"taxonomy":"category","embeddable":true,"href":"https:\/\/sp1.kielce.eu\/index.php\/wp-json\/wp\/v2\/categories?post=27180"},{"taxonomy":"post_tag","embeddable":true,"href":"https:\/\/sp1.kielce.eu\/index.php\/wp-json\/wp\/v2\/tags?post=27180"}],"curies":[{"name":"wp","href":"https:\/\/api.w.org\/{rel}","templated":true}]}}