{"id":27142,"date":"2023-03-30T20:37:22","date_gmt":"2023-03-30T18:37:22","guid":{"rendered":"http:\/\/sp1.kielce.eu\/?p=27142"},"modified":"2023-03-30T21:19:19","modified_gmt":"2023-03-30T19:19:19","slug":"laboratoria-przyszlosci-na-jezyku-niemieckim","status":"publish","type":"post","link":"https:\/\/sp1.kielce.eu\/index.php\/2023\/03\/30\/laboratoria-przyszlosci-na-jezyku-niemieckim\/","title":{"rendered":"Laboratoria przysz\u0142o\u015bci na j\u0119zyku niemieckim"},"content":{"rendered":"\n<p>Na zaj\u0119ciach rozwijaj\u0105cych zainteresowania z j\u0119zyka niemieckiego (prowadzonych przy wsp\u00f3\u0142pracy z Goethe-Institut, projekt \u201eDeutsch Plus\u201d) uczniowie mieli mo\u017cliwo\u015b\u0107 pracy z d\u0142ugopisem PEN-3D, zakupionym w ramach programu <a href=\"https:\/\/www.facebook.com\/hashtag\/labolatoriaprzyszlosci?__eep__=6&amp;__cft__[0]=AZV5bUTa4Oi2G077Cq82H2yskyC5qMDqCKwhek7-moTO7U_aWlXO0l1Kbb9l4GwAApAS5dauKeMtCcjsfa1COd5ZsIl46k4NoXoZKPUZvvCMVJCT4S8s6tTmZWl54QEyZ1U&amp;__tn__=*NK-R\">#labolatoriaprzyszlosci<\/a>, dzi\u0119ki kt\u00f3rym bawimy si\u0119, a przy tym uczymy i rozwijamy w kreatywny spos\u00f3b.<\/p>\n\n\n\n<p class=\"has-text-align-right\">Anna Stradomska<br>nauczyciel j\u0119zyka niemieckiego<\/p>\n\n\n\n<figure class=\"wp-block-gallery has-nested-images columns-default is-cropped wp-block-gallery-1 is-layout-flex wp-block-gallery-is-layout-flex\">\n<figure class=\"wp-block-image size-large\"><a href=\"http:\/\/sp1.kielce.eu\/wp-content\/uploads\/2023\/03\/german-1.jpg\"><img loading=\"lazy\" decoding=\"async\" width=\"675\" height=\"900\" data-id=\"27144\" src=\"http:\/\/sp1.kielce.eu\/wp-content\/uploads\/2023\/03\/german-1.jpg\" alt=\"\" class=\"wp-image-27144\" srcset=\"https:\/\/sp1.kielce.eu\/wp-content\/uploads\/2023\/03\/german-1.jpg 675w, https:\/\/sp1.kielce.eu\/wp-content\/uploads\/2023\/03\/german-1-225x300.jpg 225w\" sizes=\"auto, (max-width: 675px) 100vw, 675px\" \/><\/a><\/figure>\n\n\n\n<figure class=\"wp-block-image size-large\"><a href=\"http:\/\/sp1.kielce.eu\/wp-content\/uploads\/2023\/03\/german-2.jpg\"><img loading=\"lazy\" decoding=\"async\" width=\"675\" height=\"900\" data-id=\"27148\" src=\"http:\/\/sp1.kielce.eu\/wp-content\/uploads\/2023\/03\/german-2.jpg\" alt=\"\" class=\"wp-image-27148\" srcset=\"https:\/\/sp1.kielce.eu\/wp-content\/uploads\/2023\/03\/german-2.jpg 675w, https:\/\/sp1.kielce.eu\/wp-content\/uploads\/2023\/03\/german-2-225x300.jpg 225w\" sizes=\"auto, (max-width: 675px) 100vw, 675px\" \/><\/a><\/figure>\n\n\n\n<figure class=\"wp-block-image size-large\"><a href=\"http:\/\/sp1.kielce.eu\/wp-content\/uploads\/2023\/03\/german-3.jpg\"><img loading=\"lazy\" decoding=\"async\" width=\"1200\" height=\"900\" data-id=\"27143\" src=\"http:\/\/sp1.kielce.eu\/wp-content\/uploads\/2023\/03\/german-3.jpg\" alt=\"\" class=\"wp-image-27143\" srcset=\"https:\/\/sp1.kielce.eu\/wp-content\/uploads\/2023\/03\/german-3.jpg 1200w, https:\/\/sp1.kielce.eu\/wp-content\/uploads\/2023\/03\/german-3-300x225.jpg 300w, https:\/\/sp1.kielce.eu\/wp-content\/uploads\/2023\/03\/german-3-768x576.jpg 768w, https:\/\/sp1.kielce.eu\/wp-content\/uploads\/2023\/03\/german-3-820x615.jpg 820w\" sizes=\"auto, (max-width: 1200px) 100vw, 1200px\" \/><\/a><\/figure>\n\n\n\n<figure class=\"wp-block-image size-large\"><a href=\"http:\/\/sp1.kielce.eu\/wp-content\/uploads\/2023\/03\/german-4.jpg\"><img loading=\"lazy\" decoding=\"async\" width=\"675\" height=\"900\" data-id=\"27147\" src=\"http:\/\/sp1.kielce.eu\/wp-content\/uploads\/2023\/03\/german-4.jpg\" alt=\"\" class=\"wp-image-27147\" srcset=\"https:\/\/sp1.kielce.eu\/wp-content\/uploads\/2023\/03\/german-4.jpg 675w, https:\/\/sp1.kielce.eu\/wp-content\/uploads\/2023\/03\/german-4-225x300.jpg 225w\" sizes=\"auto, (max-width: 675px) 100vw, 675px\" \/><\/a><\/figure>\n\n\n\n<figure class=\"wp-block-image size-large\"><a href=\"http:\/\/sp1.kielce.eu\/wp-content\/uploads\/2023\/03\/german-5.jpg\"><img loading=\"lazy\" decoding=\"async\" width=\"1200\" height=\"900\" data-id=\"27146\" src=\"http:\/\/sp1.kielce.eu\/wp-content\/uploads\/2023\/03\/german-5.jpg\" alt=\"\" class=\"wp-image-27146\" srcset=\"https:\/\/sp1.kielce.eu\/wp-content\/uploads\/2023\/03\/german-5.jpg 1200w, https:\/\/sp1.kielce.eu\/wp-content\/uploads\/2023\/03\/german-5-300x225.jpg 300w, https:\/\/sp1.kielce.eu\/wp-content\/uploads\/2023\/03\/german-5-768x576.jpg 768w, https:\/\/sp1.kielce.eu\/wp-content\/uploads\/2023\/03\/german-5-820x615.jpg 820w\" sizes=\"auto, (max-width: 1200px) 100vw, 1200px\" \/><\/a><\/figure>\n\n\n\n<figure class=\"wp-block-image size-large\"><a href=\"http:\/\/sp1.kielce.eu\/wp-content\/uploads\/2023\/03\/german-6.jpg\"><img loading=\"lazy\" decoding=\"async\" width=\"1200\" height=\"900\" data-id=\"27145\" src=\"http:\/\/sp1.kielce.eu\/wp-content\/uploads\/2023\/03\/german-6.jpg\" alt=\"\" class=\"wp-image-27145\" srcset=\"https:\/\/sp1.kielce.eu\/wp-content\/uploads\/2023\/03\/german-6.jpg 1200w, https:\/\/sp1.kielce.eu\/wp-content\/uploads\/2023\/03\/german-6-300x225.jpg 300w, https:\/\/sp1.kielce.eu\/wp-content\/uploads\/2023\/03\/german-6-768x576.jpg 768w, https:\/\/sp1.kielce.eu\/wp-content\/uploads\/2023\/03\/german-6-820x615.jpg 820w\" sizes=\"auto, (max-width: 1200px) 100vw, 1200px\" \/><\/a><\/figure>\n\n\n\n<figure class=\"wp-block-image size-large\"><a href=\"http:\/\/sp1.kielce.eu\/wp-content\/uploads\/2023\/03\/german-7.jpg\"><img loading=\"lazy\" decoding=\"async\" width=\"1200\" height=\"900\" data-id=\"27149\" src=\"http:\/\/sp1.kielce.eu\/wp-content\/uploads\/2023\/03\/german-7.jpg\" alt=\"\" class=\"wp-image-27149\" srcset=\"https:\/\/sp1.kielce.eu\/wp-content\/uploads\/2023\/03\/german-7.jpg 1200w, https:\/\/sp1.kielce.eu\/wp-content\/uploads\/2023\/03\/german-7-300x225.jpg 300w, https:\/\/sp1.kielce.eu\/wp-content\/uploads\/2023\/03\/german-7-768x576.jpg 768w, https:\/\/sp1.kielce.eu\/wp-content\/uploads\/2023\/03\/german-7-820x615.jpg 820w\" sizes=\"auto, (max-width: 1200px) 100vw, 1200px\" \/><\/a><\/figure>\n<\/figure>\n","protected":false},"excerpt":{"rendered":"<p>Na zaj\u0119ciach rozwijaj\u0105cych zainteresowania z j\u0119zyka niemieckiego (prowadzonych przy wsp\u00f3\u0142pracy z Goethe-Institut, projekt \u201eDeutsch Plus\u201d) [&hellip;]<\/p>\n","protected":false},"author":4,"featured_media":27143,"comment_status":"closed","ping_status":"closed","sticky":false,"template":"","format":"standard","meta":{"footnotes":""},"categories":[27],"tags":[],"class_list":["post-27142","post","type-post","status-publish","format-standard","has-post-thumbnail","hentry","category-projekty"],"_links":{"self":[{"href":"https:\/\/sp1.kielce.eu\/index.php\/wp-json\/wp\/v2\/posts\/27142","targetHints":{"allow":["GET"]}}],"collection":[{"href":"https:\/\/sp1.kielce.eu\/index.php\/wp-json\/wp\/v2\/posts"}],"about":[{"href":"https:\/\/sp1.kielce.eu\/index.php\/wp-json\/wp\/v2\/types\/post"}],"author":[{"embeddable":true,"href":"https:\/\/sp1.kielce.eu\/index.php\/wp-json\/wp\/v2\/users\/4"}],"replies":[{"embeddable":true,"href":"https:\/\/sp1.kielce.eu\/index.php\/wp-json\/wp\/v2\/comments?post=27142"}],"version-history":[{"count":2,"href":"https:\/\/sp1.kielce.eu\/index.php\/wp-json\/wp\/v2\/posts\/27142\/revisions"}],"predecessor-version":[{"id":27162,"href":"https:\/\/sp1.kielce.eu\/index.php\/wp-json\/wp\/v2\/posts\/27142\/revisions\/27162"}],"wp:featuredmedia":[{"embeddable":true,"href":"https:\/\/sp1.kielce.eu\/index.php\/wp-json\/wp\/v2\/media\/27143"}],"wp:attachment":[{"href":"https:\/\/sp1.kielce.eu\/index.php\/wp-json\/wp\/v2\/media?parent=27142"}],"wp:term":[{"taxonomy":"category","embeddable":true,"href":"https:\/\/sp1.kielce.eu\/index.php\/wp-json\/wp\/v2\/categories?post=27142"},{"taxonomy":"post_tag","embeddable":true,"href":"https:\/\/sp1.kielce.eu\/index.php\/wp-json\/wp\/v2\/tags?post=27142"}],"curies":[{"name":"wp","href":"https:\/\/api.w.org\/{rel}","templated":true}]}}