{"id":27134,"date":"2023-03-27T21:19:10","date_gmt":"2023-03-27T19:19:10","guid":{"rendered":"http:\/\/sp1.kielce.eu\/?p=27134"},"modified":"2023-03-27T21:19:10","modified_gmt":"2023-03-27T19:19:10","slug":"pierwszy-dzien-wiosny","status":"publish","type":"post","link":"https:\/\/sp1.kielce.eu\/index.php\/2023\/03\/27\/pierwszy-dzien-wiosny\/","title":{"rendered":"Pierwszy Dzie\u0144 Wiosny"},"content":{"rendered":"\n<p>W tym roku Pierwszy Dzie\u0144 Wiosny zosta\u0142 przywitany przez uczni\u00f3w klas: 3a i 3c wiosennym wyj\u015bciem do kina Helios na film pt.\u201dPan Zabawka\u201d. Seans opowiada\u0142 o synu miliardera Aleksandrze, kt\u00f3ry mia\u0142 wszystko o czym marzy\u0142. Film ni\u00f3s\u0142 wa\u017cne przes\u0142anie moralne, \u017ce pieni\u0105dze to nie wszystko, nie daj\u0105 szcz\u0119\u015bcia. Wa\u017cna jest szczero\u015b\u0107, przyja\u017a\u0144 i rodzina. Seans by\u0142 wy\u015bwietlany w sali \u201edream\u201d, przystosowanej do ogl\u0105dania film\u00f3w w fantastycznej jako\u015bci d\u017awi\u0119ku i obrazu. Emocje zwi\u0105zane z filmem pozosta\u0142y uczniom do p\u00f3\u017anego popo\u0142udnia. To by\u0142a udana wycieczka.<\/p>\n\n\n\n<p class=\"has-text-align-right\">K. Gola<\/p>\n\n\n\n<p class=\"has-text-align-right\">I. Ko\u015bcielecka<\/p>\n\n\n\n<p class=\"has-text-align-right\">A. Szcze\u015bniak<\/p>\n\n\n\n<figure class=\"wp-block-gallery has-nested-images columns-default is-cropped wp-block-gallery-1 is-layout-flex wp-block-gallery-is-layout-flex\">\n<figure class=\"wp-block-image size-large\"><a href=\"http:\/\/sp1.kielce.eu\/wp-content\/uploads\/2023\/03\/1679496636168-Copy.jpg\"><img loading=\"lazy\" decoding=\"async\" width=\"678\" height=\"900\" data-id=\"27135\" src=\"http:\/\/sp1.kielce.eu\/wp-content\/uploads\/2023\/03\/1679496636168-Copy.jpg\" alt=\"\" class=\"wp-image-27135\" srcset=\"https:\/\/sp1.kielce.eu\/wp-content\/uploads\/2023\/03\/1679496636168-Copy.jpg 678w, https:\/\/sp1.kielce.eu\/wp-content\/uploads\/2023\/03\/1679496636168-Copy-226x300.jpg 226w\" sizes=\"auto, (max-width: 678px) 100vw, 678px\" \/><\/a><\/figure>\n\n\n\n<figure class=\"wp-block-image size-large\"><a href=\"http:\/\/sp1.kielce.eu\/wp-content\/uploads\/2023\/03\/1679496636177-Copy.jpg\"><img loading=\"lazy\" decoding=\"async\" width=\"678\" height=\"900\" data-id=\"27136\" src=\"http:\/\/sp1.kielce.eu\/wp-content\/uploads\/2023\/03\/1679496636177-Copy.jpg\" alt=\"\" class=\"wp-image-27136\" srcset=\"https:\/\/sp1.kielce.eu\/wp-content\/uploads\/2023\/03\/1679496636177-Copy.jpg 678w, https:\/\/sp1.kielce.eu\/wp-content\/uploads\/2023\/03\/1679496636177-Copy-226x300.jpg 226w\" sizes=\"auto, (max-width: 678px) 100vw, 678px\" \/><\/a><\/figure>\n<\/figure>\n","protected":false},"excerpt":{"rendered":"<p>W tym roku Pierwszy Dzie\u0144 Wiosny zosta\u0142 przywitany przez uczni\u00f3w klas: 3a i 3c wiosennym [&hellip;]<\/p>\n","protected":false},"author":13,"featured_media":27137,"comment_status":"closed","ping_status":"","sticky":false,"template":"","format":"standard","meta":{"footnotes":""},"categories":[36],"tags":[],"class_list":["post-27134","post","type-post","status-publish","format-standard","has-post-thumbnail","hentry","category-wydarzenia"],"_links":{"self":[{"href":"https:\/\/sp1.kielce.eu\/index.php\/wp-json\/wp\/v2\/posts\/27134","targetHints":{"allow":["GET"]}}],"collection":[{"href":"https:\/\/sp1.kielce.eu\/index.php\/wp-json\/wp\/v2\/posts"}],"about":[{"href":"https:\/\/sp1.kielce.eu\/index.php\/wp-json\/wp\/v2\/types\/post"}],"author":[{"embeddable":true,"href":"https:\/\/sp1.kielce.eu\/index.php\/wp-json\/wp\/v2\/users\/13"}],"replies":[{"embeddable":true,"href":"https:\/\/sp1.kielce.eu\/index.php\/wp-json\/wp\/v2\/comments?post=27134"}],"version-history":[{"count":1,"href":"https:\/\/sp1.kielce.eu\/index.php\/wp-json\/wp\/v2\/posts\/27134\/revisions"}],"predecessor-version":[{"id":27138,"href":"https:\/\/sp1.kielce.eu\/index.php\/wp-json\/wp\/v2\/posts\/27134\/revisions\/27138"}],"wp:featuredmedia":[{"embeddable":true,"href":"https:\/\/sp1.kielce.eu\/index.php\/wp-json\/wp\/v2\/media\/27137"}],"wp:attachment":[{"href":"https:\/\/sp1.kielce.eu\/index.php\/wp-json\/wp\/v2\/media?parent=27134"}],"wp:term":[{"taxonomy":"category","embeddable":true,"href":"https:\/\/sp1.kielce.eu\/index.php\/wp-json\/wp\/v2\/categories?post=27134"},{"taxonomy":"post_tag","embeddable":true,"href":"https:\/\/sp1.kielce.eu\/index.php\/wp-json\/wp\/v2\/tags?post=27134"}],"curies":[{"name":"wp","href":"https:\/\/api.w.org\/{rel}","templated":true}]}}