{"id":27019,"date":"2023-03-20T22:45:21","date_gmt":"2023-03-20T21:45:21","guid":{"rendered":"http:\/\/sp1.kielce.eu\/?p=27019"},"modified":"2023-03-20T22:45:21","modified_gmt":"2023-03-20T21:45:21","slug":"dzien-sw-patryka-w-klasach-i-iii","status":"publish","type":"post","link":"https:\/\/sp1.kielce.eu\/index.php\/2023\/03\/20\/dzien-sw-patryka-w-klasach-i-iii\/","title":{"rendered":"Dzie\u0144 \u015bw. Patryka w klasach I-III"},"content":{"rendered":"\n<p>W wielu miastach na \u015bwiecie z&nbsp;okazji tego dnia, odbywaj\u0105 si\u0119 specjalne parady oraz koncerty. Najwa\u017cniejsz\u0105 tradycj\u0105 obchod\u00f3w dnia \u015bw. Patryka jest noszenie ubra\u0144 w&nbsp;kolorze zielonym, dlatego zach\u0119cili\u015bmy uczni\u00f3w naszej szko\u0142y do ubrania si\u0119 na zielono lub do\u0142\u0105czenia do stroju zielonych element\u00f3w.<\/p>\n\n\n\n<p>Ziele\u0144 to narodowy kolor Irlandii, nawi\u0105zuj\u0105cy do trawiastego krajobrazu wyspy i&nbsp;symbolizuj\u0105cy koniczyn\u0119 przypisywan\u0105 tradycyjnie \u015bwi\u0119temu Patrykowi.<\/p>\n\n\n\n<p class=\"has-text-align-right\">Opiekunowie Ma\u0142ego Samorz\u0105du Uczniowskiego<\/p>\n\n\n\n<figure class=\"wp-block-gallery has-nested-images columns-default is-cropped wp-block-gallery-1 is-layout-flex wp-block-gallery-is-layout-flex\">\n<figure class=\"wp-block-image size-large\"><a href=\"http:\/\/sp1.kielce.eu\/wp-content\/uploads\/2023\/03\/Bezowy-i-Czarny-Pogrubienie-i-Jasny-Zdjecie-Kolaz-1-Copy.png\"><img loading=\"lazy\" decoding=\"async\" width=\"1125\" height=\"900\" data-id=\"27021\" src=\"http:\/\/sp1.kielce.eu\/wp-content\/uploads\/2023\/03\/Bezowy-i-Czarny-Pogrubienie-i-Jasny-Zdjecie-Kolaz-1-Copy.png\" alt=\"\" class=\"wp-image-27021\" srcset=\"https:\/\/sp1.kielce.eu\/wp-content\/uploads\/2023\/03\/Bezowy-i-Czarny-Pogrubienie-i-Jasny-Zdjecie-Kolaz-1-Copy.png 1125w, https:\/\/sp1.kielce.eu\/wp-content\/uploads\/2023\/03\/Bezowy-i-Czarny-Pogrubienie-i-Jasny-Zdjecie-Kolaz-1-Copy-300x240.png 300w, https:\/\/sp1.kielce.eu\/wp-content\/uploads\/2023\/03\/Bezowy-i-Czarny-Pogrubienie-i-Jasny-Zdjecie-Kolaz-1-Copy-768x614.png 768w, https:\/\/sp1.kielce.eu\/wp-content\/uploads\/2023\/03\/Bezowy-i-Czarny-Pogrubienie-i-Jasny-Zdjecie-Kolaz-1-Copy-820x656.png 820w\" sizes=\"auto, (max-width: 1125px) 100vw, 1125px\" \/><\/a><\/figure>\n\n\n\n<figure class=\"wp-block-image size-large\"><a href=\"http:\/\/sp1.kielce.eu\/wp-content\/uploads\/2023\/03\/Bezowy-i-Czarny-Pogrubienie-i-Jasny-Zdjecie-Kolaz-2-Copy.png\"><img loading=\"lazy\" decoding=\"async\" width=\"1125\" height=\"900\" data-id=\"27020\" src=\"http:\/\/sp1.kielce.eu\/wp-content\/uploads\/2023\/03\/Bezowy-i-Czarny-Pogrubienie-i-Jasny-Zdjecie-Kolaz-2-Copy.png\" alt=\"\" class=\"wp-image-27020\" srcset=\"https:\/\/sp1.kielce.eu\/wp-content\/uploads\/2023\/03\/Bezowy-i-Czarny-Pogrubienie-i-Jasny-Zdjecie-Kolaz-2-Copy.png 1125w, https:\/\/sp1.kielce.eu\/wp-content\/uploads\/2023\/03\/Bezowy-i-Czarny-Pogrubienie-i-Jasny-Zdjecie-Kolaz-2-Copy-300x240.png 300w, https:\/\/sp1.kielce.eu\/wp-content\/uploads\/2023\/03\/Bezowy-i-Czarny-Pogrubienie-i-Jasny-Zdjecie-Kolaz-2-Copy-768x614.png 768w, https:\/\/sp1.kielce.eu\/wp-content\/uploads\/2023\/03\/Bezowy-i-Czarny-Pogrubienie-i-Jasny-Zdjecie-Kolaz-2-Copy-820x656.png 820w\" sizes=\"auto, (max-width: 1125px) 100vw, 1125px\" \/><\/a><\/figure>\n\n\n\n<figure class=\"wp-block-image size-large\"><a href=\"http:\/\/sp1.kielce.eu\/wp-content\/uploads\/2023\/03\/Bezowy-i-Czarny-Pogrubienie-i-Jasny-Zdjecie-Kolaz-Copy.png\"><img loading=\"lazy\" decoding=\"async\" width=\"1125\" height=\"900\" data-id=\"27022\" src=\"http:\/\/sp1.kielce.eu\/wp-content\/uploads\/2023\/03\/Bezowy-i-Czarny-Pogrubienie-i-Jasny-Zdjecie-Kolaz-Copy.png\" alt=\"\" class=\"wp-image-27022\" srcset=\"https:\/\/sp1.kielce.eu\/wp-content\/uploads\/2023\/03\/Bezowy-i-Czarny-Pogrubienie-i-Jasny-Zdjecie-Kolaz-Copy.png 1125w, https:\/\/sp1.kielce.eu\/wp-content\/uploads\/2023\/03\/Bezowy-i-Czarny-Pogrubienie-i-Jasny-Zdjecie-Kolaz-Copy-300x240.png 300w, https:\/\/sp1.kielce.eu\/wp-content\/uploads\/2023\/03\/Bezowy-i-Czarny-Pogrubienie-i-Jasny-Zdjecie-Kolaz-Copy-768x614.png 768w, https:\/\/sp1.kielce.eu\/wp-content\/uploads\/2023\/03\/Bezowy-i-Czarny-Pogrubienie-i-Jasny-Zdjecie-Kolaz-Copy-820x656.png 820w\" sizes=\"auto, (max-width: 1125px) 100vw, 1125px\" \/><\/a><\/figure>\n<\/figure>\n","protected":false},"excerpt":{"rendered":"<p>W wielu miastach na \u015bwiecie z&nbsp;okazji tego dnia, odbywaj\u0105 si\u0119 specjalne parady oraz koncerty. Najwa\u017cniejsz\u0105 [&hellip;]<\/p>\n","protected":false},"author":13,"featured_media":27023,"comment_status":"closed","ping_status":"","sticky":false,"template":"","format":"standard","meta":{"footnotes":""},"categories":[36,170],"tags":[],"class_list":["post-27019","post","type-post","status-publish","format-standard","has-post-thumbnail","hentry","category-wydarzenia","category-msu"],"_links":{"self":[{"href":"https:\/\/sp1.kielce.eu\/index.php\/wp-json\/wp\/v2\/posts\/27019","targetHints":{"allow":["GET"]}}],"collection":[{"href":"https:\/\/sp1.kielce.eu\/index.php\/wp-json\/wp\/v2\/posts"}],"about":[{"href":"https:\/\/sp1.kielce.eu\/index.php\/wp-json\/wp\/v2\/types\/post"}],"author":[{"embeddable":true,"href":"https:\/\/sp1.kielce.eu\/index.php\/wp-json\/wp\/v2\/users\/13"}],"replies":[{"embeddable":true,"href":"https:\/\/sp1.kielce.eu\/index.php\/wp-json\/wp\/v2\/comments?post=27019"}],"version-history":[{"count":1,"href":"https:\/\/sp1.kielce.eu\/index.php\/wp-json\/wp\/v2\/posts\/27019\/revisions"}],"predecessor-version":[{"id":27024,"href":"https:\/\/sp1.kielce.eu\/index.php\/wp-json\/wp\/v2\/posts\/27019\/revisions\/27024"}],"wp:featuredmedia":[{"embeddable":true,"href":"https:\/\/sp1.kielce.eu\/index.php\/wp-json\/wp\/v2\/media\/27023"}],"wp:attachment":[{"href":"https:\/\/sp1.kielce.eu\/index.php\/wp-json\/wp\/v2\/media?parent=27019"}],"wp:term":[{"taxonomy":"category","embeddable":true,"href":"https:\/\/sp1.kielce.eu\/index.php\/wp-json\/wp\/v2\/categories?post=27019"},{"taxonomy":"post_tag","embeddable":true,"href":"https:\/\/sp1.kielce.eu\/index.php\/wp-json\/wp\/v2\/tags?post=27019"}],"curies":[{"name":"wp","href":"https:\/\/api.w.org\/{rel}","templated":true}]}}