{"id":27014,"date":"2023-03-20T08:21:19","date_gmt":"2023-03-20T07:21:19","guid":{"rendered":"http:\/\/sp1.kielce.eu\/?p=27014"},"modified":"2023-03-20T08:21:19","modified_gmt":"2023-03-20T07:21:19","slug":"kolejny-sukces-naszych-uczniow-w-tenisie-stolowym-chlopcow","status":"publish","type":"post","link":"https:\/\/sp1.kielce.eu\/index.php\/2023\/03\/20\/kolejny-sukces-naszych-uczniow-w-tenisie-stolowym-chlopcow\/","title":{"rendered":"KOLEJNY SUKCES NASZYCH UCZNI\u00d3W W TENISIE STO\u0141OWYM CH\u0141OPC\u00d3W"},"content":{"rendered":"\n<p>Dnia 09.03.2023 roku w Szkole Podstawowej nr 15 zosta\u0142y rozegrane mecze fina\u0142owe w Mistrzostwach Kielc w Dru\u017cynowym Tenisie Sto\u0142owym Ch\u0142opc\u00f3w \u2013 Igrzyska M\u0142odzie\u017cy Szkolnej z rocznika 2008 -2009.<\/p>\n\n\n\n<p>Nasi uczniowie zdobyli II miejsce i tym samym Tytu\u0142 Wicemistrza Kielc<\/p>\n\n\n\n<p>w Dru\u017cynowym Tenisie Sto\u0142owym Ch\u0142opc\u00f3w.<\/p>\n\n\n\n<p>To ju\u017c drugi tytu\u0142 wicemistrza naszego miasta w tenisie sto\u0142owym ch\u0142opc\u00f3w&nbsp;w bie\u017c\u0105cym roku szkolnym.<\/p>\n\n\n\n<p>Nasz\u0105 szko\u0142\u0119 reprezentowali uczniowie z klasy VIII \u201ec\u201d<\/p>\n\n\n\n<p>Adam Walasek oraz&nbsp;Franciszek Regucki.<\/p>\n\n\n\n<p>Gratuluj\u0119 zdobycia Wicemistrzostwa Kielc w Dru\u017cynowym Tenisie Sto\u0142owym<\/p>\n\n\n\n<p>oraz \u017cycz\u0119 kolejnych sukces\u00f3w sportowych.<\/p>\n\n\n\n<p>Nauczyciel Wychowania Fizycznego<\/p>\n\n\n\n<p>Remigiusz Krzywda<\/p>\n\n\n\n<figure class=\"wp-block-gallery has-nested-images columns-default is-cropped wp-block-gallery-1 is-layout-flex wp-block-gallery-is-layout-flex\">\n<figure class=\"wp-block-image size-large\"><a href=\"http:\/\/sp1.kielce.eu\/wp-content\/uploads\/2023\/03\/20230309_141349-Medium.jpg\"><img loading=\"lazy\" decoding=\"async\" width=\"1024\" height=\"768\" data-id=\"27016\" src=\"http:\/\/sp1.kielce.eu\/wp-content\/uploads\/2023\/03\/20230309_141349-Medium.jpg\" alt=\"\" class=\"wp-image-27016\" srcset=\"https:\/\/sp1.kielce.eu\/wp-content\/uploads\/2023\/03\/20230309_141349-Medium.jpg 1024w, https:\/\/sp1.kielce.eu\/wp-content\/uploads\/2023\/03\/20230309_141349-Medium-300x225.jpg 300w, https:\/\/sp1.kielce.eu\/wp-content\/uploads\/2023\/03\/20230309_141349-Medium-768x576.jpg 768w, https:\/\/sp1.kielce.eu\/wp-content\/uploads\/2023\/03\/20230309_141349-Medium-820x615.jpg 820w\" sizes=\"auto, (max-width: 1024px) 100vw, 1024px\" \/><\/a><\/figure>\n\n\n\n<figure class=\"wp-block-image size-large\"><a href=\"http:\/\/sp1.kielce.eu\/wp-content\/uploads\/2023\/03\/20230309_141426-Medium.jpg\"><img loading=\"lazy\" decoding=\"async\" width=\"1024\" height=\"768\" data-id=\"27015\" src=\"http:\/\/sp1.kielce.eu\/wp-content\/uploads\/2023\/03\/20230309_141426-Medium.jpg\" alt=\"\" class=\"wp-image-27015\" srcset=\"https:\/\/sp1.kielce.eu\/wp-content\/uploads\/2023\/03\/20230309_141426-Medium.jpg 1024w, https:\/\/sp1.kielce.eu\/wp-content\/uploads\/2023\/03\/20230309_141426-Medium-300x225.jpg 300w, https:\/\/sp1.kielce.eu\/wp-content\/uploads\/2023\/03\/20230309_141426-Medium-768x576.jpg 768w, https:\/\/sp1.kielce.eu\/wp-content\/uploads\/2023\/03\/20230309_141426-Medium-820x615.jpg 820w\" sizes=\"auto, (max-width: 1024px) 100vw, 1024px\" \/><\/a><\/figure>\n\n\n\n<figure class=\"wp-block-image size-large\"><a href=\"http:\/\/sp1.kielce.eu\/wp-content\/uploads\/2023\/03\/20230309_141638-Medium.jpg\"><img loading=\"lazy\" decoding=\"async\" width=\"1024\" height=\"768\" data-id=\"27017\" src=\"http:\/\/sp1.kielce.eu\/wp-content\/uploads\/2023\/03\/20230309_141638-Medium.jpg\" alt=\"\" class=\"wp-image-27017\" srcset=\"https:\/\/sp1.kielce.eu\/wp-content\/uploads\/2023\/03\/20230309_141638-Medium.jpg 1024w, https:\/\/sp1.kielce.eu\/wp-content\/uploads\/2023\/03\/20230309_141638-Medium-300x225.jpg 300w, https:\/\/sp1.kielce.eu\/wp-content\/uploads\/2023\/03\/20230309_141638-Medium-768x576.jpg 768w, https:\/\/sp1.kielce.eu\/wp-content\/uploads\/2023\/03\/20230309_141638-Medium-820x615.jpg 820w\" sizes=\"auto, (max-width: 1024px) 100vw, 1024px\" \/><\/a><\/figure>\n<\/figure>\n","protected":false},"excerpt":{"rendered":"<p>Dnia 09.03.2023 roku w Szkole Podstawowej nr 15 zosta\u0142y rozegrane mecze fina\u0142owe w Mistrzostwach Kielc [&hellip;]<\/p>\n","protected":false},"author":5,"featured_media":27017,"comment_status":"closed","ping_status":"","sticky":false,"template":"","format":"standard","meta":{"footnotes":""},"categories":[36,11],"tags":[],"class_list":["post-27014","post","type-post","status-publish","format-standard","has-post-thumbnail","hentry","category-wydarzenia","category-zawody-sportowe"],"_links":{"self":[{"href":"https:\/\/sp1.kielce.eu\/index.php\/wp-json\/wp\/v2\/posts\/27014","targetHints":{"allow":["GET"]}}],"collection":[{"href":"https:\/\/sp1.kielce.eu\/index.php\/wp-json\/wp\/v2\/posts"}],"about":[{"href":"https:\/\/sp1.kielce.eu\/index.php\/wp-json\/wp\/v2\/types\/post"}],"author":[{"embeddable":true,"href":"https:\/\/sp1.kielce.eu\/index.php\/wp-json\/wp\/v2\/users\/5"}],"replies":[{"embeddable":true,"href":"https:\/\/sp1.kielce.eu\/index.php\/wp-json\/wp\/v2\/comments?post=27014"}],"version-history":[{"count":1,"href":"https:\/\/sp1.kielce.eu\/index.php\/wp-json\/wp\/v2\/posts\/27014\/revisions"}],"predecessor-version":[{"id":27018,"href":"https:\/\/sp1.kielce.eu\/index.php\/wp-json\/wp\/v2\/posts\/27014\/revisions\/27018"}],"wp:featuredmedia":[{"embeddable":true,"href":"https:\/\/sp1.kielce.eu\/index.php\/wp-json\/wp\/v2\/media\/27017"}],"wp:attachment":[{"href":"https:\/\/sp1.kielce.eu\/index.php\/wp-json\/wp\/v2\/media?parent=27014"}],"wp:term":[{"taxonomy":"category","embeddable":true,"href":"https:\/\/sp1.kielce.eu\/index.php\/wp-json\/wp\/v2\/categories?post=27014"},{"taxonomy":"post_tag","embeddable":true,"href":"https:\/\/sp1.kielce.eu\/index.php\/wp-json\/wp\/v2\/tags?post=27014"}],"curies":[{"name":"wp","href":"https:\/\/api.w.org\/{rel}","templated":true}]}}