{"id":26858,"date":"2023-03-13T08:20:12","date_gmt":"2023-03-13T07:20:12","guid":{"rendered":"http:\/\/sp1.kielce.eu\/?p=26858"},"modified":"2023-03-13T08:20:12","modified_gmt":"2023-03-13T07:20:12","slug":"frauentag-w-klasie-1a","status":"publish","type":"post","link":"https:\/\/sp1.kielce.eu\/index.php\/2023\/03\/13\/frauentag-w-klasie-1a\/","title":{"rendered":"Frauentag w klasie 1A"},"content":{"rendered":"\n<p>Na zaj\u0119ciach rozwijaj\u0105cych zainteresowania i uzdolnienia z j\u0119zyka niemieckiego (Ko\u0142o z j\u0119zyka niemieckiego prowadzone przy wsp\u00f3\u0142pracy z Goethe-Institut, projekt \u201eDeutsch Plus\u201d) uczniowie klasy 1 A wykonali urocze laurki dla swoich Mam z okazji Dnia Kobiet (Frauentag). Podczas lekcji okoliczno\u015bciowej \u201eFrauentag\u201c uczniowie wzbogacili zas\u00f3b s\u0142ownictwa o \u017ce\u0144skie nazwy zawod\u00f3w: die Kellnerin, die Polizistin, die Lehrerin, die \u00c4rztin, die Fotografin; nazwy bi\u017cuterii i ubra\u0144 dla kobiet: der Rock, das Kleid, die Bluse, die Kette, die Ohrringe oraz szlifowali poznane ju\u017c wcze\u015bniej s\u0142ownictwo \u2013 cz\u0142onkowie rodziny \u2013 kobiety: die Mutter, die Oma, die Uroma, die Schwester, die Tante, die Cousine.<\/p>\n\n\n\n<p>Katarzyna Sikora \u2013 Gorzela\u0144czyk<\/p>\n\n\n\n<figure class=\"wp-block-gallery has-nested-images columns-default is-cropped wp-block-gallery-1 is-layout-flex wp-block-gallery-is-layout-flex\">\n<figure class=\"wp-block-image size-large\"><a href=\"http:\/\/sp1.kielce.eu\/wp-content\/uploads\/2023\/03\/1678549505056-Medium.jpg\"><img loading=\"lazy\" decoding=\"async\" width=\"1299\" height=\"768\" data-id=\"26862\" src=\"http:\/\/sp1.kielce.eu\/wp-content\/uploads\/2023\/03\/1678549505056-Medium.jpg\" alt=\"\" class=\"wp-image-26862\" srcset=\"https:\/\/sp1.kielce.eu\/wp-content\/uploads\/2023\/03\/1678549505056-Medium.jpg 1299w, https:\/\/sp1.kielce.eu\/wp-content\/uploads\/2023\/03\/1678549505056-Medium-300x177.jpg 300w, https:\/\/sp1.kielce.eu\/wp-content\/uploads\/2023\/03\/1678549505056-Medium-768x454.jpg 768w, https:\/\/sp1.kielce.eu\/wp-content\/uploads\/2023\/03\/1678549505056-Medium-820x485.jpg 820w\" sizes=\"auto, (max-width: 1299px) 100vw, 1299px\" \/><\/a><\/figure>\n\n\n\n<figure class=\"wp-block-image size-large\"><a href=\"http:\/\/sp1.kielce.eu\/wp-content\/uploads\/2023\/03\/1678556813375-Medium.jpg\"><img loading=\"lazy\" decoding=\"async\" width=\"1152\" height=\"768\" data-id=\"26861\" src=\"http:\/\/sp1.kielce.eu\/wp-content\/uploads\/2023\/03\/1678556813375-Medium.jpg\" alt=\"\" class=\"wp-image-26861\" srcset=\"https:\/\/sp1.kielce.eu\/wp-content\/uploads\/2023\/03\/1678556813375-Medium.jpg 1152w, https:\/\/sp1.kielce.eu\/wp-content\/uploads\/2023\/03\/1678556813375-Medium-300x200.jpg 300w, https:\/\/sp1.kielce.eu\/wp-content\/uploads\/2023\/03\/1678556813375-Medium-768x512.jpg 768w, https:\/\/sp1.kielce.eu\/wp-content\/uploads\/2023\/03\/1678556813375-Medium-600x400.jpg 600w, https:\/\/sp1.kielce.eu\/wp-content\/uploads\/2023\/03\/1678556813375-Medium-820x547.jpg 820w\" sizes=\"auto, (max-width: 1152px) 100vw, 1152px\" \/><\/a><\/figure>\n\n\n\n<figure class=\"wp-block-image size-large\"><a href=\"http:\/\/sp1.kielce.eu\/wp-content\/uploads\/2023\/03\/1678557346579-Medium.jpg\"><img loading=\"lazy\" decoding=\"async\" width=\"487\" height=\"900\" data-id=\"26860\" src=\"http:\/\/sp1.kielce.eu\/wp-content\/uploads\/2023\/03\/1678557346579-Medium-487x900.jpg\" alt=\"\" class=\"wp-image-26860\" srcset=\"https:\/\/sp1.kielce.eu\/wp-content\/uploads\/2023\/03\/1678557346579-Medium-487x900.jpg 487w, https:\/\/sp1.kielce.eu\/wp-content\/uploads\/2023\/03\/1678557346579-Medium-162x300.jpg 162w, https:\/\/sp1.kielce.eu\/wp-content\/uploads\/2023\/03\/1678557346579-Medium.jpg 739w\" sizes=\"auto, (max-width: 487px) 100vw, 487px\" \/><\/a><\/figure>\n\n\n\n<figure class=\"wp-block-image size-large\"><a href=\"http:\/\/sp1.kielce.eu\/wp-content\/uploads\/2023\/03\/1678624323022-Medium.jpg\"><img loading=\"lazy\" decoding=\"async\" width=\"1011\" height=\"768\" data-id=\"26859\" src=\"http:\/\/sp1.kielce.eu\/wp-content\/uploads\/2023\/03\/1678624323022-Medium.jpg\" alt=\"\" class=\"wp-image-26859\" srcset=\"https:\/\/sp1.kielce.eu\/wp-content\/uploads\/2023\/03\/1678624323022-Medium.jpg 1011w, https:\/\/sp1.kielce.eu\/wp-content\/uploads\/2023\/03\/1678624323022-Medium-300x228.jpg 300w, https:\/\/sp1.kielce.eu\/wp-content\/uploads\/2023\/03\/1678624323022-Medium-768x583.jpg 768w, https:\/\/sp1.kielce.eu\/wp-content\/uploads\/2023\/03\/1678624323022-Medium-820x623.jpg 820w\" sizes=\"auto, (max-width: 1011px) 100vw, 1011px\" \/><\/a><\/figure>\n<\/figure>\n","protected":false},"excerpt":{"rendered":"<p>Na zaj\u0119ciach rozwijaj\u0105cych zainteresowania i uzdolnienia z j\u0119zyka niemieckiego (Ko\u0142o z j\u0119zyka niemieckiego prowadzone przy [&hellip;]<\/p>\n","protected":false},"author":5,"featured_media":26862,"comment_status":"closed","ping_status":"","sticky":false,"template":"","format":"standard","meta":{"footnotes":""},"categories":[36],"tags":[],"class_list":["post-26858","post","type-post","status-publish","format-standard","has-post-thumbnail","hentry","category-wydarzenia"],"_links":{"self":[{"href":"https:\/\/sp1.kielce.eu\/index.php\/wp-json\/wp\/v2\/posts\/26858","targetHints":{"allow":["GET"]}}],"collection":[{"href":"https:\/\/sp1.kielce.eu\/index.php\/wp-json\/wp\/v2\/posts"}],"about":[{"href":"https:\/\/sp1.kielce.eu\/index.php\/wp-json\/wp\/v2\/types\/post"}],"author":[{"embeddable":true,"href":"https:\/\/sp1.kielce.eu\/index.php\/wp-json\/wp\/v2\/users\/5"}],"replies":[{"embeddable":true,"href":"https:\/\/sp1.kielce.eu\/index.php\/wp-json\/wp\/v2\/comments?post=26858"}],"version-history":[{"count":1,"href":"https:\/\/sp1.kielce.eu\/index.php\/wp-json\/wp\/v2\/posts\/26858\/revisions"}],"predecessor-version":[{"id":26863,"href":"https:\/\/sp1.kielce.eu\/index.php\/wp-json\/wp\/v2\/posts\/26858\/revisions\/26863"}],"wp:featuredmedia":[{"embeddable":true,"href":"https:\/\/sp1.kielce.eu\/index.php\/wp-json\/wp\/v2\/media\/26862"}],"wp:attachment":[{"href":"https:\/\/sp1.kielce.eu\/index.php\/wp-json\/wp\/v2\/media?parent=26858"}],"wp:term":[{"taxonomy":"category","embeddable":true,"href":"https:\/\/sp1.kielce.eu\/index.php\/wp-json\/wp\/v2\/categories?post=26858"},{"taxonomy":"post_tag","embeddable":true,"href":"https:\/\/sp1.kielce.eu\/index.php\/wp-json\/wp\/v2\/tags?post=26858"}],"curies":[{"name":"wp","href":"https:\/\/api.w.org\/{rel}","templated":true}]}}