{"id":26838,"date":"2023-03-09T08:28:58","date_gmt":"2023-03-09T07:28:58","guid":{"rendered":"http:\/\/sp1.kielce.eu\/?p=26838"},"modified":"2023-06-27T17:53:32","modified_gmt":"2023-06-27T15:53:32","slug":"konkurs-plastyczny-kielce-moje-miasto-w-2023-roku-wyroznienia-dla-uczennic-naszej-szkoly","status":"publish","type":"post","link":"https:\/\/sp1.kielce.eu\/index.php\/2023\/03\/09\/konkurs-plastyczny-kielce-moje-miasto-w-2023-roku-wyroznienia-dla-uczennic-naszej-szkoly\/","title":{"rendered":"<strong>Konkurs plastyczny \u201eKielce \u2013 Moje Miasto w 2023 roku\u201d \u2013 wyr\u00f3\u017cnienia dla uczennic naszej szko\u0142y<\/strong>"},"content":{"rendered":"\n<p>Serdeczne gratulacje dla uczennic naszej szko\u0142y \u2013 Ma\u0142gosi Adydan z kl. 4a i Malwiny Michalskiej z kl. 1b. W dn. 7 marca br. na uroczysto\u015bci w Urz\u0119dzie Stanu Cywilnego UM Kielce, otrzyma\u0142y one wyr\u00f3\u017cnienia w konkursie plastycznym \u201eKielce \u2013 Moje Miasto w 2023 roku\u201d i odebra\u0142y dyplomy i nagrody z r\u0105k Prezydenta Miasta Bogdana Wenty.<\/p>\n\n\n\n<p>Do konkursu zosta\u0142o zakwalifikowanych ponad 300 prac. Oceni\u0142o je jury w sk\u0142adzie: dr Joanna Biskup-Brykczy\u0144ska, artysta plastyk, scenograf, ilustrator, pedagog, nauczyciel w M\u0142odzie\u017cowym Domu Kultury w Kielcach, Ewa Chabielska\u2013Tyndyk, p.o. dyrektora Wzg\u00f3rza Zamkowego, Dariusz Detka, dyrektor Wydzia\u0142u Przedsi\u0119biorczo\u015bci i Komunikacji Spo\u0142ecznej Urz\u0119du Miasta Kielce oraz Matylda Sobczyk &#8211; magister plastyki. Jury wybra\u0142o do fina\u0142u tylko 19. os\u00f3b, kt\u00f3rych prace uznano za najlepsze w konkursie.<\/p>\n\n\n\n<p>\u201e\u2013 Wida\u0107, \u017ce konkurs cieszy si\u0119 du\u017cym zainteresowaniem. Licz\u0119, \u017ce w przysz\u0142ym roku zn\u00f3w wiele m\u0142odych os\u00f3b poka\u017ce swoje plastyczne zdolno\u015bci. Podobnie jak w ubieg\u0142ym roku jednym z g\u0142\u00f3wnych motyw\u00f3w jest ziele\u0144 i szeroko poj\u0119ta ekologia. Dzieci dostrzegaj\u0105 swoje otoczenie. My\u015bl\u0119, \u017ce poruszana w tych pracach tematyka dotyka zagadnie\u0144 istotnych nie tylko dla naszego regionu, ale dla m\u0142odych ludzi z ca\u0142ego kraju\u201d \u2013 powiedzia\u0142 Prezydent Kielc, Bogdan Wenta w wywiadzie dla Radia Kielce.<\/p>\n\n\n\n<p>Jeszcze raz serdecznie gratulujemy Ma\u0142gosi i Malwince i mamy nadziej\u0119, \u017ce w przysz\u0142ym roku r\u00f3wnie\u017c inni uczniowie naszej szko\u0142y ch\u0119tnie ilicznie wezm\u0105 udzia\u0142 w konkursie.<\/p>\n\n\n\n<p>Marzena Kwiecie\u0144<\/p>\n\n\n\n<figure class=\"wp-block-gallery has-nested-images columns-default is-cropped wp-block-gallery-1 is-layout-flex wp-block-gallery-is-layout-flex\">\n<figure class=\"wp-block-image size-large\"><img loading=\"lazy\" decoding=\"async\" width=\"675\" height=\"900\" data-id=\"26844\" src=\"http:\/\/sp1.kielce.eu\/wp-content\/uploads\/2023\/03\/dziewczyny-675x900.jpg\" alt=\"\" class=\"wp-image-26844\" srcset=\"https:\/\/sp1.kielce.eu\/wp-content\/uploads\/2023\/03\/dziewczyny-675x900.jpg 675w, https:\/\/sp1.kielce.eu\/wp-content\/uploads\/2023\/03\/dziewczyny-225x300.jpg 225w, https:\/\/sp1.kielce.eu\/wp-content\/uploads\/2023\/03\/dziewczyny-768x1024.jpg 768w, https:\/\/sp1.kielce.eu\/wp-content\/uploads\/2023\/03\/dziewczyny-1152x1536.jpg 1152w, https:\/\/sp1.kielce.eu\/wp-content\/uploads\/2023\/03\/dziewczyny-1536x2048.jpg 1536w, https:\/\/sp1.kielce.eu\/wp-content\/uploads\/2023\/03\/dziewczyny-820x1093.jpg 820w, https:\/\/sp1.kielce.eu\/wp-content\/uploads\/2023\/03\/dziewczyny-scaled.jpg 1920w\" sizes=\"auto, (max-width: 675px) 100vw, 675px\" \/><\/figure>\n\n\n\n<figure class=\"wp-block-image size-large\"><img loading=\"lazy\" decoding=\"async\" width=\"897\" height=\"900\" data-id=\"26842\" src=\"http:\/\/sp1.kielce.eu\/wp-content\/uploads\/2023\/03\/grupowe-897x900.jpg\" alt=\"\" class=\"wp-image-26842\" srcset=\"https:\/\/sp1.kielce.eu\/wp-content\/uploads\/2023\/03\/grupowe-897x900.jpg 897w, https:\/\/sp1.kielce.eu\/wp-content\/uploads\/2023\/03\/grupowe-300x300.jpg 300w, https:\/\/sp1.kielce.eu\/wp-content\/uploads\/2023\/03\/grupowe-150x150.jpg 150w, https:\/\/sp1.kielce.eu\/wp-content\/uploads\/2023\/03\/grupowe-768x770.jpg 768w, https:\/\/sp1.kielce.eu\/wp-content\/uploads\/2023\/03\/grupowe-1531x1536.jpg 1531w, https:\/\/sp1.kielce.eu\/wp-content\/uploads\/2023\/03\/grupowe-2042x2048.jpg 2042w, https:\/\/sp1.kielce.eu\/wp-content\/uploads\/2023\/03\/grupowe-820x822.jpg 820w\" sizes=\"auto, (max-width: 897px) 100vw, 897px\" \/><\/figure>\n\n\n\n<figure class=\"wp-block-image size-large\"><img loading=\"lazy\" decoding=\"async\" width=\"1350\" height=\"900\" data-id=\"26841\" src=\"http:\/\/sp1.kielce.eu\/wp-content\/uploads\/2023\/03\/laureaci-1350x900.jpg\" alt=\"\" class=\"wp-image-26841\" srcset=\"https:\/\/sp1.kielce.eu\/wp-content\/uploads\/2023\/03\/laureaci-1350x900.jpg 1350w, https:\/\/sp1.kielce.eu\/wp-content\/uploads\/2023\/03\/laureaci-300x200.jpg 300w, https:\/\/sp1.kielce.eu\/wp-content\/uploads\/2023\/03\/laureaci-768x512.jpg 768w, https:\/\/sp1.kielce.eu\/wp-content\/uploads\/2023\/03\/laureaci-1536x1024.jpg 1536w, https:\/\/sp1.kielce.eu\/wp-content\/uploads\/2023\/03\/laureaci-2048x1365.jpg 2048w, https:\/\/sp1.kielce.eu\/wp-content\/uploads\/2023\/03\/laureaci-600x400.jpg 600w, https:\/\/sp1.kielce.eu\/wp-content\/uploads\/2023\/03\/laureaci-820x547.jpg 820w\" sizes=\"auto, (max-width: 1350px) 100vw, 1350px\" \/><\/figure>\n\n\n\n<figure class=\"wp-block-image size-large\"><img loading=\"lazy\" decoding=\"async\" width=\"1400\" height=\"881\" data-id=\"26839\" src=\"http:\/\/sp1.kielce.eu\/wp-content\/uploads\/2023\/03\/Malgosia-1400x881.jpg\" alt=\"\" class=\"wp-image-26839\" srcset=\"https:\/\/sp1.kielce.eu\/wp-content\/uploads\/2023\/03\/Malgosia-1400x881.jpg 1400w, https:\/\/sp1.kielce.eu\/wp-content\/uploads\/2023\/03\/Malgosia-300x189.jpg 300w, https:\/\/sp1.kielce.eu\/wp-content\/uploads\/2023\/03\/Malgosia-768x483.jpg 768w, https:\/\/sp1.kielce.eu\/wp-content\/uploads\/2023\/03\/Malgosia-1536x967.jpg 1536w, https:\/\/sp1.kielce.eu\/wp-content\/uploads\/2023\/03\/Malgosia-820x516.jpg 820w, https:\/\/sp1.kielce.eu\/wp-content\/uploads\/2023\/03\/Malgosia.jpg 1856w\" sizes=\"auto, (max-width: 1400px) 100vw, 1400px\" \/><\/figure>\n\n\n\n<figure class=\"wp-block-image size-large\"><img loading=\"lazy\" decoding=\"async\" width=\"674\" height=\"900\" data-id=\"26843\" src=\"http:\/\/sp1.kielce.eu\/wp-content\/uploads\/2023\/03\/malgosia2-674x900.jpg\" alt=\"\" class=\"wp-image-26843\" srcset=\"https:\/\/sp1.kielce.eu\/wp-content\/uploads\/2023\/03\/malgosia2-674x900.jpg 674w, https:\/\/sp1.kielce.eu\/wp-content\/uploads\/2023\/03\/malgosia2-225x300.jpg 225w, https:\/\/sp1.kielce.eu\/wp-content\/uploads\/2023\/03\/malgosia2-768x1025.jpg 768w, https:\/\/sp1.kielce.eu\/wp-content\/uploads\/2023\/03\/malgosia2-1151x1536.jpg 1151w, https:\/\/sp1.kielce.eu\/wp-content\/uploads\/2023\/03\/malgosia2-1535x2048.jpg 1535w, https:\/\/sp1.kielce.eu\/wp-content\/uploads\/2023\/03\/malgosia2-820x1094.jpg 820w, https:\/\/sp1.kielce.eu\/wp-content\/uploads\/2023\/03\/malgosia2-scaled.jpg 1918w\" sizes=\"auto, (max-width: 674px) 100vw, 674px\" \/><\/figure>\n\n\n\n<figure class=\"wp-block-image size-large\"><img loading=\"lazy\" decoding=\"async\" width=\"1328\" height=\"900\" data-id=\"26840\" src=\"http:\/\/sp1.kielce.eu\/wp-content\/uploads\/2023\/03\/Malwina-1328x900.jpg\" alt=\"\" class=\"wp-image-26840\" srcset=\"https:\/\/sp1.kielce.eu\/wp-content\/uploads\/2023\/03\/Malwina-1328x900.jpg 1328w, https:\/\/sp1.kielce.eu\/wp-content\/uploads\/2023\/03\/Malwina-300x203.jpg 300w, https:\/\/sp1.kielce.eu\/wp-content\/uploads\/2023\/03\/Malwina-768x520.jpg 768w, https:\/\/sp1.kielce.eu\/wp-content\/uploads\/2023\/03\/Malwina-1536x1041.jpg 1536w, https:\/\/sp1.kielce.eu\/wp-content\/uploads\/2023\/03\/Malwina-820x556.jpg 820w, https:\/\/sp1.kielce.eu\/wp-content\/uploads\/2023\/03\/Malwina.jpg 1874w\" sizes=\"auto, (max-width: 1328px) 100vw, 1328px\" \/><\/figure>\n\n\n\n<figure class=\"wp-block-image size-large\"><img loading=\"lazy\" decoding=\"async\" width=\"688\" height=\"900\" data-id=\"26846\" src=\"http:\/\/sp1.kielce.eu\/wp-content\/uploads\/2023\/03\/malwinka2-688x900.jpg\" alt=\"\" class=\"wp-image-26846\" srcset=\"https:\/\/sp1.kielce.eu\/wp-content\/uploads\/2023\/03\/malwinka2-688x900.jpg 688w, https:\/\/sp1.kielce.eu\/wp-content\/uploads\/2023\/03\/malwinka2-229x300.jpg 229w, https:\/\/sp1.kielce.eu\/wp-content\/uploads\/2023\/03\/malwinka2-768x1004.jpg 768w, https:\/\/sp1.kielce.eu\/wp-content\/uploads\/2023\/03\/malwinka2-1175x1536.jpg 1175w, https:\/\/sp1.kielce.eu\/wp-content\/uploads\/2023\/03\/malwinka2-1566x2048.jpg 1566w, https:\/\/sp1.kielce.eu\/wp-content\/uploads\/2023\/03\/malwinka2-820x1072.jpg 820w, https:\/\/sp1.kielce.eu\/wp-content\/uploads\/2023\/03\/malwinka2-scaled.jpg 1958w\" sizes=\"auto, (max-width: 688px) 100vw, 688px\" \/><\/figure>\n\n\n\n<figure class=\"wp-block-image size-large\"><img loading=\"lazy\" decoding=\"async\" width=\"1175\" height=\"900\" data-id=\"26845\" src=\"http:\/\/sp1.kielce.eu\/wp-content\/uploads\/2023\/03\/prace-nagrodzone-1175x900.jpg\" alt=\"\" class=\"wp-image-26845\" srcset=\"https:\/\/sp1.kielce.eu\/wp-content\/uploads\/2023\/03\/prace-nagrodzone-1175x900.jpg 1175w, https:\/\/sp1.kielce.eu\/wp-content\/uploads\/2023\/03\/prace-nagrodzone-300x230.jpg 300w, https:\/\/sp1.kielce.eu\/wp-content\/uploads\/2023\/03\/prace-nagrodzone-768x588.jpg 768w, https:\/\/sp1.kielce.eu\/wp-content\/uploads\/2023\/03\/prace-nagrodzone-1536x1177.jpg 1536w, https:\/\/sp1.kielce.eu\/wp-content\/uploads\/2023\/03\/prace-nagrodzone-2048x1569.jpg 2048w, https:\/\/sp1.kielce.eu\/wp-content\/uploads\/2023\/03\/prace-nagrodzone-820x628.jpg 820w\" sizes=\"auto, (max-width: 1175px) 100vw, 1175px\" \/><\/figure>\n<\/figure>\n","protected":false},"excerpt":{"rendered":"<p>Serdeczne gratulacje dla uczennic naszej szko\u0142y \u2013 Ma\u0142gosi Adydan z kl. 4a i Malwiny Michalskiej [&hellip;]<\/p>\n","protected":false},"author":5,"featured_media":26845,"comment_status":"closed","ping_status":"","sticky":false,"template":"","format":"standard","meta":{"footnotes":""},"categories":[36,10,21],"tags":[],"class_list":["post-26838","post","type-post","status-publish","format-standard","has-post-thumbnail","hentry","category-wydarzenia","category-konkursy-przedmiotowe","category-konkursy"],"_links":{"self":[{"href":"https:\/\/sp1.kielce.eu\/index.php\/wp-json\/wp\/v2\/posts\/26838","targetHints":{"allow":["GET"]}}],"collection":[{"href":"https:\/\/sp1.kielce.eu\/index.php\/wp-json\/wp\/v2\/posts"}],"about":[{"href":"https:\/\/sp1.kielce.eu\/index.php\/wp-json\/wp\/v2\/types\/post"}],"author":[{"embeddable":true,"href":"https:\/\/sp1.kielce.eu\/index.php\/wp-json\/wp\/v2\/users\/5"}],"replies":[{"embeddable":true,"href":"https:\/\/sp1.kielce.eu\/index.php\/wp-json\/wp\/v2\/comments?post=26838"}],"version-history":[{"count":2,"href":"https:\/\/sp1.kielce.eu\/index.php\/wp-json\/wp\/v2\/posts\/26838\/revisions"}],"predecessor-version":[{"id":29712,"href":"https:\/\/sp1.kielce.eu\/index.php\/wp-json\/wp\/v2\/posts\/26838\/revisions\/29712"}],"wp:featuredmedia":[{"embeddable":true,"href":"https:\/\/sp1.kielce.eu\/index.php\/wp-json\/wp\/v2\/media\/26845"}],"wp:attachment":[{"href":"https:\/\/sp1.kielce.eu\/index.php\/wp-json\/wp\/v2\/media?parent=26838"}],"wp:term":[{"taxonomy":"category","embeddable":true,"href":"https:\/\/sp1.kielce.eu\/index.php\/wp-json\/wp\/v2\/categories?post=26838"},{"taxonomy":"post_tag","embeddable":true,"href":"https:\/\/sp1.kielce.eu\/index.php\/wp-json\/wp\/v2\/tags?post=26838"}],"curies":[{"name":"wp","href":"https:\/\/api.w.org\/{rel}","templated":true}]}}