{"id":26789,"date":"2023-03-06T23:40:45","date_gmt":"2023-03-06T22:40:45","guid":{"rendered":"http:\/\/sp1.kielce.eu\/?p=26789"},"modified":"2023-03-06T23:40:45","modified_gmt":"2023-03-06T22:40:45","slug":"genialne-dzieciaki","status":"publish","type":"post","link":"https:\/\/sp1.kielce.eu\/index.php\/2023\/03\/06\/genialne-dzieciaki\/","title":{"rendered":"Genialne Dzieciaki"},"content":{"rendered":"\n<p>Leon Kossak, ucze\u0144 klasy I\u00a0b z\u00a0naszej szko\u0142y, wygra\u0142 casting do programu \u201eGenialne Dzieciaki\u201d. Pomys\u0142odawc\u0105 tego przedsi\u0119wzi\u0119cia, scenarzyst\u0105 i\u00a0re\u017cyserem jest Leszek Kuma\u0144ski. Podczas realizacji programu, prowadz\u0105cy rozmawia\u0142 z\u00a0dzie\u0107mi na przer\u00f3\u017cne tematy. W\u00a0tym odcinku, dzieci swobodnie wypowiada\u0142y si\u0119 na temat marze\u0144 i\u00a0szcz\u0119\u015bcia swoich i\u00a0swoich rodzic\u00f3w. Ich odpowiedzi cz\u0119sto by\u0142y humorystyczne i\u00a0zaskakuj\u0105ce. Ucze\u0144 naszej szko\u0142y. przed kamer\u0105 czu\u0142 si\u0119 bardzo swobodnie, chocia\u017c by\u0142 to jego debiut na szklanym ekranie. <\/p>\n\n\n\n<p>Zapraszamy do obejrzenia odcinka z\u00a0udzia\u0142em Leona:<br><a href=\"https:\/\/l.facebook.com\/l.php?u=https%3A%2F%2Fechodnia.eu%2Fswietokrzyskie%2Fgenialne-dzieciaki-odcinek-3-te-dzieci-wiedza-wszystko-o-marzeniach-i-szczesciu%2Far%2Fc13-17321739%3Ffbclid%3DIwAR3OvqTMd4zXmdVektut6-5LifOLW7EptoZmuu1fwr9aTGechMiC0lIcQi4&amp;h=AT2DOwNvlRZOtlYqaOcfOuxMnB4_d2DxBIUnptu9LtWhEJr0YI1abo6lQA6ZH_4bGHnW9wbF87XVCCowlkAprjbzIKpOv-QGBT5UyR9lH_SvL-SpAJkYzPZbIZqF1J6RgtGa\">Genialne Dzieciaki &#8211; odcinek 3<\/a><\/p>\n\n\n\n<figure class=\"wp-block-image size-full\"><img loading=\"lazy\" decoding=\"async\" width=\"1200\" height=\"668\" src=\"http:\/\/sp1.kielce.eu\/wp-content\/uploads\/2023\/03\/Leon-2-Copy.jpg\" alt=\"\" class=\"wp-image-26793\" srcset=\"https:\/\/sp1.kielce.eu\/wp-content\/uploads\/2023\/03\/Leon-2-Copy.jpg 1200w, https:\/\/sp1.kielce.eu\/wp-content\/uploads\/2023\/03\/Leon-2-Copy-300x167.jpg 300w, https:\/\/sp1.kielce.eu\/wp-content\/uploads\/2023\/03\/Leon-2-Copy-768x428.jpg 768w, https:\/\/sp1.kielce.eu\/wp-content\/uploads\/2023\/03\/Leon-2-Copy-820x456.jpg 820w\" sizes=\"auto, (max-width: 1200px) 100vw, 1200px\" \/><\/figure>\n\n\n\n<p class=\"has-text-align-right\">Kinga Kozie\u0142<br>wychowawca klasy Ib<\/p>\n","protected":false},"excerpt":{"rendered":"<p>Leon Kossak, ucze\u0144 klasy I\u00a0b z\u00a0naszej szko\u0142y, wygra\u0142 casting do programu \u201eGenialne Dzieciaki\u201d. Pomys\u0142odawc\u0105 tego [&hellip;]<\/p>\n","protected":false},"author":13,"featured_media":26794,"comment_status":"closed","ping_status":"","sticky":false,"template":"","format":"standard","meta":{"footnotes":""},"categories":[36],"tags":[],"class_list":["post-26789","post","type-post","status-publish","format-standard","has-post-thumbnail","hentry","category-wydarzenia"],"_links":{"self":[{"href":"https:\/\/sp1.kielce.eu\/index.php\/wp-json\/wp\/v2\/posts\/26789","targetHints":{"allow":["GET"]}}],"collection":[{"href":"https:\/\/sp1.kielce.eu\/index.php\/wp-json\/wp\/v2\/posts"}],"about":[{"href":"https:\/\/sp1.kielce.eu\/index.php\/wp-json\/wp\/v2\/types\/post"}],"author":[{"embeddable":true,"href":"https:\/\/sp1.kielce.eu\/index.php\/wp-json\/wp\/v2\/users\/13"}],"replies":[{"embeddable":true,"href":"https:\/\/sp1.kielce.eu\/index.php\/wp-json\/wp\/v2\/comments?post=26789"}],"version-history":[{"count":4,"href":"https:\/\/sp1.kielce.eu\/index.php\/wp-json\/wp\/v2\/posts\/26789\/revisions"}],"predecessor-version":[{"id":26795,"href":"https:\/\/sp1.kielce.eu\/index.php\/wp-json\/wp\/v2\/posts\/26789\/revisions\/26795"}],"wp:featuredmedia":[{"embeddable":true,"href":"https:\/\/sp1.kielce.eu\/index.php\/wp-json\/wp\/v2\/media\/26794"}],"wp:attachment":[{"href":"https:\/\/sp1.kielce.eu\/index.php\/wp-json\/wp\/v2\/media?parent=26789"}],"wp:term":[{"taxonomy":"category","embeddable":true,"href":"https:\/\/sp1.kielce.eu\/index.php\/wp-json\/wp\/v2\/categories?post=26789"},{"taxonomy":"post_tag","embeddable":true,"href":"https:\/\/sp1.kielce.eu\/index.php\/wp-json\/wp\/v2\/tags?post=26789"}],"curies":[{"name":"wp","href":"https:\/\/api.w.org\/{rel}","templated":true}]}}