{"id":26783,"date":"2023-03-06T22:43:37","date_gmt":"2023-03-06T21:43:37","guid":{"rendered":"http:\/\/sp1.kielce.eu\/?p=26783"},"modified":"2023-03-06T22:43:37","modified_gmt":"2023-03-06T21:43:37","slug":"wiosna-pierwsze-oznaki-w-przyrodzie","status":"publish","type":"post","link":"https:\/\/sp1.kielce.eu\/index.php\/2023\/03\/06\/wiosna-pierwsze-oznaki-w-przyrodzie\/","title":{"rendered":"\u201eWiosna- pierwsze oznaki w przyrodzie\u201d"},"content":{"rendered":"\n<p>W dniu 06.03.2023 uczniowie klasy 2b w zwi\u0105zku ze zbli\u017caj\u0105c\u0105 si\u0119 wiosn\u0105 na lekcji edukacji wczesnoszkolnej ogl\u0105dali film pt. \u201eWiosna- pierwsze oznaki w przyrodzie\u201d. Dzieci wypowiada\u0142y si\u0119 na temat: kiedy rozpoczyna si\u0119 kalendarzowa wiosna, jaka to pora roku, po czym mo\u017cemy pozna\u0107, \u017ce zbli\u017ca si\u0119 do naszego kraju. Uczniowie charakteryzowali wiosn\u0119 i czytali przys\u0142owia wiosenne. Nast\u0119pnie wykonali prac\u0119 plastyczn\u0105 pt. \u201eWiosna\u201d.Najciekawsze inspiracje wiosenne zosta\u0142y nagrodzone.<\/p>\n\n\n\n<p class=\"has-text-align-right\">A. Szcze\u015bniak<\/p>\n\n\n\n<figure class=\"wp-block-gallery has-nested-images columns-default is-cropped wp-block-gallery-1 is-layout-flex wp-block-gallery-is-layout-flex\">\n<figure class=\"wp-block-image size-large\"><a href=\"http:\/\/sp1.kielce.eu\/wp-content\/uploads\/2023\/03\/1678114914251-Copy.jpg\"><img loading=\"lazy\" decoding=\"async\" width=\"678\" height=\"900\" data-id=\"26784\" src=\"http:\/\/sp1.kielce.eu\/wp-content\/uploads\/2023\/03\/1678114914251-Copy.jpg\" alt=\"\" class=\"wp-image-26784\" srcset=\"https:\/\/sp1.kielce.eu\/wp-content\/uploads\/2023\/03\/1678114914251-Copy.jpg 678w, https:\/\/sp1.kielce.eu\/wp-content\/uploads\/2023\/03\/1678114914251-Copy-226x300.jpg 226w\" sizes=\"auto, (max-width: 678px) 100vw, 678px\" \/><\/a><\/figure>\n\n\n\n<figure class=\"wp-block-image size-large\"><a href=\"http:\/\/sp1.kielce.eu\/wp-content\/uploads\/2023\/03\/1678114914259-Copy.jpg\"><img loading=\"lazy\" decoding=\"async\" width=\"678\" height=\"900\" data-id=\"26785\" src=\"http:\/\/sp1.kielce.eu\/wp-content\/uploads\/2023\/03\/1678114914259-Copy.jpg\" alt=\"\" class=\"wp-image-26785\" srcset=\"https:\/\/sp1.kielce.eu\/wp-content\/uploads\/2023\/03\/1678114914259-Copy.jpg 678w, https:\/\/sp1.kielce.eu\/wp-content\/uploads\/2023\/03\/1678114914259-Copy-226x300.jpg 226w\" sizes=\"auto, (max-width: 678px) 100vw, 678px\" \/><\/a><\/figure>\n<\/figure>\n","protected":false},"excerpt":{"rendered":"<p>W dniu 06.03.2023 uczniowie klasy 2b w zwi\u0105zku ze zbli\u017caj\u0105c\u0105 si\u0119 wiosn\u0105 na lekcji edukacji [&hellip;]<\/p>\n","protected":false},"author":13,"featured_media":26786,"comment_status":"closed","ping_status":"","sticky":false,"template":"","format":"standard","meta":{"footnotes":""},"categories":[36],"tags":[],"class_list":["post-26783","post","type-post","status-publish","format-standard","has-post-thumbnail","hentry","category-wydarzenia"],"_links":{"self":[{"href":"https:\/\/sp1.kielce.eu\/index.php\/wp-json\/wp\/v2\/posts\/26783","targetHints":{"allow":["GET"]}}],"collection":[{"href":"https:\/\/sp1.kielce.eu\/index.php\/wp-json\/wp\/v2\/posts"}],"about":[{"href":"https:\/\/sp1.kielce.eu\/index.php\/wp-json\/wp\/v2\/types\/post"}],"author":[{"embeddable":true,"href":"https:\/\/sp1.kielce.eu\/index.php\/wp-json\/wp\/v2\/users\/13"}],"replies":[{"embeddable":true,"href":"https:\/\/sp1.kielce.eu\/index.php\/wp-json\/wp\/v2\/comments?post=26783"}],"version-history":[{"count":1,"href":"https:\/\/sp1.kielce.eu\/index.php\/wp-json\/wp\/v2\/posts\/26783\/revisions"}],"predecessor-version":[{"id":26787,"href":"https:\/\/sp1.kielce.eu\/index.php\/wp-json\/wp\/v2\/posts\/26783\/revisions\/26787"}],"wp:featuredmedia":[{"embeddable":true,"href":"https:\/\/sp1.kielce.eu\/index.php\/wp-json\/wp\/v2\/media\/26786"}],"wp:attachment":[{"href":"https:\/\/sp1.kielce.eu\/index.php\/wp-json\/wp\/v2\/media?parent=26783"}],"wp:term":[{"taxonomy":"category","embeddable":true,"href":"https:\/\/sp1.kielce.eu\/index.php\/wp-json\/wp\/v2\/categories?post=26783"},{"taxonomy":"post_tag","embeddable":true,"href":"https:\/\/sp1.kielce.eu\/index.php\/wp-json\/wp\/v2\/tags?post=26783"}],"curies":[{"name":"wp","href":"https:\/\/api.w.org\/{rel}","templated":true}]}}