{"id":26771,"date":"2023-03-06T08:08:06","date_gmt":"2023-03-06T07:08:06","guid":{"rendered":"http:\/\/sp1.kielce.eu\/?p=26771"},"modified":"2023-03-06T08:08:06","modified_gmt":"2023-03-06T07:08:06","slug":"xxxi-tydzien-kultury-jezyka-w-wojewodztwie-swietokrzyskim","status":"publish","type":"post","link":"https:\/\/sp1.kielce.eu\/index.php\/2023\/03\/06\/xxxi-tydzien-kultury-jezyka-w-wojewodztwie-swietokrzyskim\/","title":{"rendered":"XXXI TYDZIE\u0143 KULTURY J\u0118ZYKA W WOJEW\u00d3DZTWIE \u015aWI\u0118TOKRZYSKIM"},"content":{"rendered":"\n<p><strong>(13 \u201318 marca 2023 r.)<\/strong><\/p>\n\n\n\n<p><strong>J\u0118ZYK I KULTURA<\/strong><\/p>\n\n\n\n<p><strong>Ju\u017c wkr\u00f3tce Tydzie\u0144 Kultury J\u0119zyka.<\/strong><\/p>\n\n\n\n<p><strong>Zach\u0119camy do zapoznania si\u0119 z projektem oraz skorzystania z oferty.<\/strong><\/p>\n\n\n\n<p>Motyw przewodni projektu<em>:&nbsp;<\/em><\/p>\n\n\n\n<p><strong><em>Czytanie ksi\u0105\u017cek to najpi\u0119kniejsza zabawa, jak\u0105 sobie ludzko\u015b\u0107 wymy\u015bli\u0142a<\/em><\/strong><strong>&nbsp;<\/strong><\/p>\n\n\n\n<p>(Wis\u0142awa Szymborska)<\/p>\n\n\n\n<p>G\u0142\u00f3wna idea projektu polega na stworzeniu jak najliczniejszemu gronu odbiorc\u00f3w (przede wszystkim uczniom ze wszystkich poziom\u00f3w edukacyjnych) mo\u017cliwo\u015bci uczestnictwa w ciekawych spotkaniach z j\u0119zykiem polskim<\/p>\n\n\n\n<p><strong>Cele og\u00f3lne naszego projektu:<\/strong><\/p>\n\n\n\n<ul class=\"wp-block-list\">\n<li>u\u015bwiadomienie roli j\u0119zyka ojczystego w \u017cyciu cz\u0142owieka i narodu,<\/li>\n\n\n\n<li>stworzenie mo\u017cliwo\u015bci aktywnego uczestnictwa w propozycjach r\u00f3\u017cnorodnych form Tygodnia,<\/li>\n\n\n\n<li>przygotowanie ucznia do \u015bwiadomego uczestnictwa w kulturze poprzez prezentacj\u0119 r\u00f3\u017cnych form ekspresji kulturalnej,<\/li>\n\n\n\n<li>propagowanie kultury j\u0119zyka w r\u00f3\u017cnych sytuacjach \u017cyciowych,<\/li>\n\n\n\n<li>kszta\u0142towanie estetyki i formy wypowiedzi w sytuacjach codziennych i publicznych.<\/li>\n<\/ul>\n\n\n\n<p><strong>Tegoroczna idea XXXI TKJ:<\/strong><\/p>\n\n\n\n<p>XXXI edycja projektu Tydzie\u0144 Kultury J\u0119zyka skupia uwag\u0119 na szeroko poj\u0119tej&nbsp;<strong>sztuce czytania.<\/strong>&nbsp;Noblistka Wis\u0142awa Szymborska stwierdzi\u0142a, \u017ce&nbsp;<em>Czytanie ksi\u0105\u017cek to najpi\u0119kniejsza zabawa, jak\u0105 sobie ludzko\u015b\u0107 wymy\u015bli\u0142a<\/em>. Czytanie umo\u017cliwia stawianie pyta\u0144, gdy\u017c&nbsp;<em>Nie ma pyta\u0144 pilniejszych od pyta\u0144 naiwnych<\/em>. Dzi\u0119ki ich stawianiu i poszukiwaniu na nie odpowiedzi rozwijamy si\u0119 w sferze intelektualnej, emocjonalnej i duchowej. Tak kszta\u0142towane kompetencje czytelnicze na og\u00f3\u0142 doprowadzaj\u0105 nas do wniosku, \u017ce&nbsp;<em>Nie umiem si\u0119 nadziwi\u0107, namilcze\u0107 si\u0119 temu&nbsp;<\/em>i u\u015bwiadamiaj\u0105,&nbsp;<em>\u017ce \u017bycie pisze najbardziej oryginalne, najbardziej komiczne a jednocze\u015bnie najbardziej dramatyczne scenariusze.<\/em><\/p>\n\n\n\n<p>Opanowanie umiej\u0119tno\u015bci czytania zale\u017cy od proces\u00f3w&nbsp;<strong>dekodowania<\/strong>&nbsp;i<strong>&nbsp;rozumienia.&nbsp;<\/strong>Dekodowanie, czyli opanowanie techniki czytania, umo\u017cliwia rozumienie znacze\u0144 zawartych bezpo\u015brednio w tek\u015bcie, a w dalszej kolejno\u015bci ich interpretacj\u0119 (rozumienie dos\u0142owne, przeno\u015bne, krytyczne i tw\u00f3rcze).<\/p>\n\n\n\n<p>Zach\u0119camy, aby t\u0119 umiej\u0119tno\u015b\u0107 kszta\u0142towa\u0107 na podstawie tekst\u00f3w i dokona\u0144 wybitnych postaci uznanych przez Sejm i Senat RP za Patron\u00f3w 2023 roku. W\u015br\u00f3d nich znajduj\u0105 si\u0119, m.in.&nbsp;<strong>Aleksander Fredro, Maurycy Mochnacki,&nbsp;Miko\u0142aj Kopernik, Jan Matejko, Wis\u0142awa Szymborska, W\u0142odzimierz Przerwa-Tetmajer<\/strong>. Rok 2023 to tak\u017ce rok&nbsp;<strong>Pami\u0119ci Bohaterek i Bohater\u00f3w Getta Warszawskiego.<\/strong><\/p>\n\n\n\n<p>Wyra\u017camy przekonanie, \u017ce tegoroczny Tydzie\u0144 Kultury J\u0119zyka, ukazuj\u0105c przyjemno\u015b\u0107 czytania i zwracaj\u0105c szczeg\u00f3ln\u0105 uwag\u0119 na kultur\u0119 i poprawno\u015b\u0107 j\u0119zyka ojczystego, zach\u0119ci szko\u0142y, plac\u00f3wki i instytucje kultury do zorganizowania wielu inicjatyw i przedsi\u0119wzi\u0119\u0107 rozwijaj\u0105cych kompetencje czytelnicze i j\u0119zykowe.<\/p>\n\n\n\n<p><strong>Szczeg\u00f3\u0142owy program mo\u017cna znale\u017a\u0107 na stronie:<\/strong><\/p>\n\n\n\n<figure class=\"wp-block-embed is-type-wp-embed is-provider-instytut-literaturoznawstwa-i-jezykoznawstwa-ujk-kielce wp-block-embed-instytut-literaturoznawstwa-i-jezykoznawstwa-ujk-kielce\"><div class=\"wp-block-embed__wrapper\">\n<blockquote class=\"wp-embedded-content\" data-secret=\"OF70BbkLtt\"><a href=\"https:\/\/ilij.ujk.edu.pl\/program-glowny-xxxi-tkj\/\">Program G\u0142\u00f3wny XXXI TKJ<\/a><\/blockquote><iframe loading=\"lazy\" class=\"wp-embedded-content\" sandbox=\"allow-scripts\" security=\"restricted\" style=\"position: absolute; clip: rect(1px, 1px, 1px, 1px);\" title=\"&#8222;Program G\u0142\u00f3wny XXXI TKJ&#8221; &#8212; Instytut Literaturoznawstwa i J\u0119zykoznawstwa UJK Kielce\" src=\"https:\/\/ilij.ujk.edu.pl\/program-glowny-xxxi-tkj\/embed\/#?secret=2wRj3kUkDa#?secret=OF70BbkLtt\" data-secret=\"OF70BbkLtt\" width=\"600\" height=\"338\" frameborder=\"0\" marginwidth=\"0\" marginheight=\"0\" scrolling=\"no\"><\/iframe>\n<\/div><\/figure>\n\n\n\n<p>W Jedynce tak\u017ce odb\u0119d\u0105 si\u0119 liczne akcje zwi\u0105zane z TKJ. Zach\u0119camy do \u015bledzenia strony szko\u0142y oraz szkolnego fb.\u00a0 \u00a0\u00a0\u00a0\u00a0\u00a0\u00a0\u00a0\u00a0\u00a0\u00a0\u00a0\u00a0\u00a0\u00a0\u00a0\u00a0\u00a0\u00a0\u00a0\u00a0\u00a0\u00a0\u00a0\u00a0\u00a0\u00a0\u00a0\u00a0\u00a0\u00a0\u00a0\u00a0\u00a0\u00a0\u00a0\u00a0\u00a0\u00a0\u00a0\u00a0\u00a0\u00a0\u00a0\u00a0\u00a0\u00a0\u00a0\u00a0\u00a0\u00a0\u00a0\u00a0\u00a0\u00a0\u00a0\u00a0\u00a0\u00a0\u00a0\u00a0\u00a0\u00a0\u00a0\u00a0\u00a0\u00a0\u00a0\u00a0\u00a0\u00a0\u00a0\u00a0\u00a0\u00a0\u00a0\u00a0\u00a0\u00a0\u00a0\u00a0\u00a0 <\/p>\n\n\n\n<p>Dorota Broni\u015b<\/p>\n","protected":false},"excerpt":{"rendered":"<p>(13 \u201318 marca 2023 r.) J\u0118ZYK I KULTURA Ju\u017c wkr\u00f3tce Tydzie\u0144 Kultury J\u0119zyka. Zach\u0119camy do [&hellip;]<\/p>\n","protected":false},"author":5,"featured_media":26772,"comment_status":"closed","ping_status":"","sticky":false,"template":"","format":"standard","meta":{"footnotes":""},"categories":[36],"tags":[],"class_list":["post-26771","post","type-post","status-publish","format-standard","has-post-thumbnail","hentry","category-wydarzenia"],"_links":{"self":[{"href":"https:\/\/sp1.kielce.eu\/index.php\/wp-json\/wp\/v2\/posts\/26771","targetHints":{"allow":["GET"]}}],"collection":[{"href":"https:\/\/sp1.kielce.eu\/index.php\/wp-json\/wp\/v2\/posts"}],"about":[{"href":"https:\/\/sp1.kielce.eu\/index.php\/wp-json\/wp\/v2\/types\/post"}],"author":[{"embeddable":true,"href":"https:\/\/sp1.kielce.eu\/index.php\/wp-json\/wp\/v2\/users\/5"}],"replies":[{"embeddable":true,"href":"https:\/\/sp1.kielce.eu\/index.php\/wp-json\/wp\/v2\/comments?post=26771"}],"version-history":[{"count":1,"href":"https:\/\/sp1.kielce.eu\/index.php\/wp-json\/wp\/v2\/posts\/26771\/revisions"}],"predecessor-version":[{"id":26773,"href":"https:\/\/sp1.kielce.eu\/index.php\/wp-json\/wp\/v2\/posts\/26771\/revisions\/26773"}],"wp:featuredmedia":[{"embeddable":true,"href":"https:\/\/sp1.kielce.eu\/index.php\/wp-json\/wp\/v2\/media\/26772"}],"wp:attachment":[{"href":"https:\/\/sp1.kielce.eu\/index.php\/wp-json\/wp\/v2\/media?parent=26771"}],"wp:term":[{"taxonomy":"category","embeddable":true,"href":"https:\/\/sp1.kielce.eu\/index.php\/wp-json\/wp\/v2\/categories?post=26771"},{"taxonomy":"post_tag","embeddable":true,"href":"https:\/\/sp1.kielce.eu\/index.php\/wp-json\/wp\/v2\/tags?post=26771"}],"curies":[{"name":"wp","href":"https:\/\/api.w.org\/{rel}","templated":true}]}}