{"id":26760,"date":"2023-03-02T08:25:39","date_gmt":"2023-03-02T07:25:39","guid":{"rendered":"http:\/\/sp1.kielce.eu\/?p=26760"},"modified":"2023-03-02T08:25:39","modified_gmt":"2023-03-02T07:25:39","slug":"mecze-matematyczne-2","status":"publish","type":"post","link":"https:\/\/sp1.kielce.eu\/index.php\/2023\/03\/02\/mecze-matematyczne-2\/","title":{"rendered":"<strong>Mecze matematyczne<\/strong>"},"content":{"rendered":"\n<p>Dnia 28.02.2023 dru\u017cyna reprezentuj\u0105ca klasy 4-6 w sk\u0142adzie: Aleksandra R\u0119bi\u015b 4a, Tymon Baron 4b, Oskar Podkowa 5b, Bartosz Adamski 5b, Pawe\u0142 Hunek 6a i Borys Bujak 6b wzi\u0119\u0142a udzia\u0142 w II etapie \u201eMeczy matematycznych\u201d organizowanych w ramach Matematycznej Ligi Mistrz\u00f3w. Uczniowie z zaanga\u017cowaniem rozwi\u0105zywali zadania matematyczne r\u00f3\u017cnym stopniu trudno\u015bci. Z niecierpliwo\u015bci\u0105 oczekujemy na wyniki i \u017cyczymy dalszych sukces\u00f3w.<\/p>\n\n\n\n<p>Anna Mazur<\/p>\n\n\n\n<p>Urszula Sodel<\/p>\n\n\n\n<figure class=\"wp-block-gallery has-nested-images columns-default is-cropped wp-block-gallery-1 is-layout-flex wp-block-gallery-is-layout-flex\">\n<figure class=\"wp-block-image size-large\"><a href=\"http:\/\/sp1.kielce.eu\/wp-content\/uploads\/2023\/03\/IMG20230228130730-Medium.jpg\"><img loading=\"lazy\" decoding=\"async\" width=\"1366\" height=\"615\" data-id=\"26763\" src=\"http:\/\/sp1.kielce.eu\/wp-content\/uploads\/2023\/03\/IMG20230228130730-Medium.jpg\" alt=\"\" class=\"wp-image-26763\" srcset=\"https:\/\/sp1.kielce.eu\/wp-content\/uploads\/2023\/03\/IMG20230228130730-Medium.jpg 1366w, https:\/\/sp1.kielce.eu\/wp-content\/uploads\/2023\/03\/IMG20230228130730-Medium-300x135.jpg 300w, https:\/\/sp1.kielce.eu\/wp-content\/uploads\/2023\/03\/IMG20230228130730-Medium-768x346.jpg 768w, https:\/\/sp1.kielce.eu\/wp-content\/uploads\/2023\/03\/IMG20230228130730-Medium-820x369.jpg 820w\" sizes=\"auto, (max-width: 1366px) 100vw, 1366px\" \/><\/a><\/figure>\n\n\n\n<figure class=\"wp-block-image size-large\"><a href=\"http:\/\/sp1.kielce.eu\/wp-content\/uploads\/2023\/03\/IMG20230228130757-Medium.jpg\"><img loading=\"lazy\" decoding=\"async\" width=\"1366\" height=\"615\" data-id=\"26761\" src=\"http:\/\/sp1.kielce.eu\/wp-content\/uploads\/2023\/03\/IMG20230228130757-Medium.jpg\" alt=\"\" class=\"wp-image-26761\" srcset=\"https:\/\/sp1.kielce.eu\/wp-content\/uploads\/2023\/03\/IMG20230228130757-Medium.jpg 1366w, https:\/\/sp1.kielce.eu\/wp-content\/uploads\/2023\/03\/IMG20230228130757-Medium-300x135.jpg 300w, https:\/\/sp1.kielce.eu\/wp-content\/uploads\/2023\/03\/IMG20230228130757-Medium-768x346.jpg 768w, https:\/\/sp1.kielce.eu\/wp-content\/uploads\/2023\/03\/IMG20230228130757-Medium-820x369.jpg 820w\" sizes=\"auto, (max-width: 1366px) 100vw, 1366px\" \/><\/a><\/figure>\n\n\n\n<figure class=\"wp-block-image size-large\"><a href=\"http:\/\/sp1.kielce.eu\/wp-content\/uploads\/2023\/03\/IMG20230228131416-Medium.jpg\"><img loading=\"lazy\" decoding=\"async\" width=\"1366\" height=\"615\" data-id=\"26762\" src=\"http:\/\/sp1.kielce.eu\/wp-content\/uploads\/2023\/03\/IMG20230228131416-Medium.jpg\" alt=\"\" class=\"wp-image-26762\" srcset=\"https:\/\/sp1.kielce.eu\/wp-content\/uploads\/2023\/03\/IMG20230228131416-Medium.jpg 1366w, https:\/\/sp1.kielce.eu\/wp-content\/uploads\/2023\/03\/IMG20230228131416-Medium-300x135.jpg 300w, https:\/\/sp1.kielce.eu\/wp-content\/uploads\/2023\/03\/IMG20230228131416-Medium-768x346.jpg 768w, https:\/\/sp1.kielce.eu\/wp-content\/uploads\/2023\/03\/IMG20230228131416-Medium-820x369.jpg 820w\" sizes=\"auto, (max-width: 1366px) 100vw, 1366px\" \/><\/a><\/figure>\n\n\n\n<figure class=\"wp-block-image size-large\"><a href=\"http:\/\/sp1.kielce.eu\/wp-content\/uploads\/2023\/03\/IMG202302281335322.jpg\"><img loading=\"lazy\" decoding=\"async\" width=\"1096\" height=\"900\" data-id=\"26764\" src=\"http:\/\/sp1.kielce.eu\/wp-content\/uploads\/2023\/03\/IMG202302281335322-1096x900.jpg\" alt=\"\" class=\"wp-image-26764\" srcset=\"https:\/\/sp1.kielce.eu\/wp-content\/uploads\/2023\/03\/IMG202302281335322-1096x900.jpg 1096w, https:\/\/sp1.kielce.eu\/wp-content\/uploads\/2023\/03\/IMG202302281335322-300x246.jpg 300w, https:\/\/sp1.kielce.eu\/wp-content\/uploads\/2023\/03\/IMG202302281335322-768x631.jpg 768w, https:\/\/sp1.kielce.eu\/wp-content\/uploads\/2023\/03\/IMG202302281335322-1536x1261.jpg 1536w, https:\/\/sp1.kielce.eu\/wp-content\/uploads\/2023\/03\/IMG202302281335322-2048x1682.jpg 2048w, https:\/\/sp1.kielce.eu\/wp-content\/uploads\/2023\/03\/IMG202302281335322-820x673.jpg 820w\" sizes=\"auto, (max-width: 1096px) 100vw, 1096px\" \/><\/a><\/figure>\n\n\n\n<figure class=\"wp-block-image size-large\"><a href=\"http:\/\/sp1.kielce.eu\/wp-content\/uploads\/2023\/03\/IMG202302281335362-scaled.jpg\"><img loading=\"lazy\" decoding=\"async\" width=\"564\" height=\"900\" data-id=\"26765\" src=\"http:\/\/sp1.kielce.eu\/wp-content\/uploads\/2023\/03\/IMG202302281335362-564x900.jpg\" alt=\"\" class=\"wp-image-26765\" srcset=\"https:\/\/sp1.kielce.eu\/wp-content\/uploads\/2023\/03\/IMG202302281335362-564x900.jpg 564w, https:\/\/sp1.kielce.eu\/wp-content\/uploads\/2023\/03\/IMG202302281335362-188x300.jpg 188w, https:\/\/sp1.kielce.eu\/wp-content\/uploads\/2023\/03\/IMG202302281335362-768x1225.jpg 768w, https:\/\/sp1.kielce.eu\/wp-content\/uploads\/2023\/03\/IMG202302281335362-963x1536.jpg 963w, https:\/\/sp1.kielce.eu\/wp-content\/uploads\/2023\/03\/IMG202302281335362-1284x2048.jpg 1284w, https:\/\/sp1.kielce.eu\/wp-content\/uploads\/2023\/03\/IMG202302281335362-820x1307.jpg 820w, https:\/\/sp1.kielce.eu\/wp-content\/uploads\/2023\/03\/IMG202302281335362-scaled.jpg 1606w\" sizes=\"auto, (max-width: 564px) 100vw, 564px\" \/><\/a><\/figure>\n<\/figure>\n","protected":false},"excerpt":{"rendered":"<p>Dnia 28.02.2023 dru\u017cyna reprezentuj\u0105ca klasy 4-6 w sk\u0142adzie: Aleksandra R\u0119bi\u015b 4a, Tymon Baron 4b, Oskar [&hellip;]<\/p>\n","protected":false},"author":5,"featured_media":26765,"comment_status":"closed","ping_status":"","sticky":false,"template":"","format":"standard","meta":{"footnotes":""},"categories":[36],"tags":[],"class_list":["post-26760","post","type-post","status-publish","format-standard","has-post-thumbnail","hentry","category-wydarzenia"],"_links":{"self":[{"href":"https:\/\/sp1.kielce.eu\/index.php\/wp-json\/wp\/v2\/posts\/26760","targetHints":{"allow":["GET"]}}],"collection":[{"href":"https:\/\/sp1.kielce.eu\/index.php\/wp-json\/wp\/v2\/posts"}],"about":[{"href":"https:\/\/sp1.kielce.eu\/index.php\/wp-json\/wp\/v2\/types\/post"}],"author":[{"embeddable":true,"href":"https:\/\/sp1.kielce.eu\/index.php\/wp-json\/wp\/v2\/users\/5"}],"replies":[{"embeddable":true,"href":"https:\/\/sp1.kielce.eu\/index.php\/wp-json\/wp\/v2\/comments?post=26760"}],"version-history":[{"count":1,"href":"https:\/\/sp1.kielce.eu\/index.php\/wp-json\/wp\/v2\/posts\/26760\/revisions"}],"predecessor-version":[{"id":26766,"href":"https:\/\/sp1.kielce.eu\/index.php\/wp-json\/wp\/v2\/posts\/26760\/revisions\/26766"}],"wp:featuredmedia":[{"embeddable":true,"href":"https:\/\/sp1.kielce.eu\/index.php\/wp-json\/wp\/v2\/media\/26765"}],"wp:attachment":[{"href":"https:\/\/sp1.kielce.eu\/index.php\/wp-json\/wp\/v2\/media?parent=26760"}],"wp:term":[{"taxonomy":"category","embeddable":true,"href":"https:\/\/sp1.kielce.eu\/index.php\/wp-json\/wp\/v2\/categories?post=26760"},{"taxonomy":"post_tag","embeddable":true,"href":"https:\/\/sp1.kielce.eu\/index.php\/wp-json\/wp\/v2\/tags?post=26760"}],"curies":[{"name":"wp","href":"https:\/\/api.w.org\/{rel}","templated":true}]}}